{"id":32172,"date":"2019-11-25T10:50:35","date_gmt":"2019-11-25T10:50:35","guid":{"rendered":"http:\/\/diariodominicano.ddns.net\/?p=32172"},"modified":"2019-11-25T10:50:35","modified_gmt":"2019-11-25T10:50:35","slug":"guaido-no-consigue-renovar-la-protesta-y-maduro-exhibe-musculo-en-las-calles","status":"publish","type":"post","link":"https:\/\/diariodominicano.com\/?p=32172","title":{"rendered":"Guaid\u00f3 no consigue renovar la protesta y Maduro exhibe m\u00fasculo en las calles"},"content":{"rendered":"<p><body><\/p>\n<p><img decoding=\"async\" src=\"img3\/venz11.jpg\" \/>  <\/p>\n<p>14:47:00      Barometro Latinoamericano      <\/p>\n<\/p>\n<p>Por Juan Martorano:<\/p>\n<p>Pudi\u00e9ramos decir, contra todo pron\u00f3stico y aunque parezca mentira, de manera at\u00edpica, la movilizaci\u00f3n convocada por el movimiento estudiantil burgu\u00e9s a Fuerte Tiuna, culmin\u00f3 de manera pac\u00edfica, protegida por los cuerpos de seguridad del Estado, y m\u00e1s all\u00e1 del grito de consignas y algunas pintas en los denominados \u00abmurci\u00e9lagos\u00bb, no se registraron hechos que lamentar.<\/p>\n<\/p>\n<p>Dicha movilizaci\u00f3n, convocada e impulsada por el pretendido \u00abpresidente interino\u00bb Juan Guaid\u00f3 para exigir la salida de Nicol\u00e1s Maduro del poder, y que pretend\u00eda constituirse en un \u00abpunto de quiebre\u00bb institucional y militar, apenas tuvo la respuesta ayer de unos pocos centenares de personas, mientras que en la movilizaci\u00f3n de estudiantes y de fuerzas pol\u00edticas y sociales que respaldan al actual Primer Mandatario Nacional mostr\u00f3 fuerza, mostrando a miles de estudiantes y simpatizantes de la Revoluci\u00f3n Bolivariana en las calles de Caracas, y de otras localidades del pa\u00eds.<\/p>\n<\/p>\n<p>Importante es recordar que decenas de j\u00f3venes opositores se congregaron desde la ma\u00f1ana en la Universidad Central de Venezuela (UCV) y aprovecharon la presencia de numerosos medios de comunicaci\u00f3n para corear consignas contra el Gobierno de Nicol\u00e1s Maduro y denunciar los embates de la crisis econ\u00f3mica nacional, especialmente en el \u00e1mbito universitario.<\/p>\n<\/p>\n<p>Pero no pas\u00f3 de ah\u00ed, se dio lo que en un pa\u00eds democr\u00e1tico en todo el mundo se da. Los opositores al gobierno de Nicol\u00e1s Maduro y de la Revoluci\u00f3n Bolivariana, marcharon en santa paz, entregaron su comunicado (con una representaci\u00f3n de ellos por supuesto) a los efectivos militares, pero no trascendi\u00f3 de all\u00ed.<\/p>\n<\/p>\n<p>Pero resulta muy importante destacar, el fracaso y la cobard\u00eda de Juan Guaid\u00f3, cuyo \u00abliderazgo\u00bb tiene fecha de caducidad. Ayer no s\u00f3lo demostr\u00f3 su falta de capacidad de movilizaci\u00f3n y de convocatoria, sino adem\u00e1s mostr\u00f3 cobard\u00eda \u00e9l y la dirigencia que lo acompa\u00f1a, ya que, a pesar de las invitaciones, no se presentaron en la referida movilizaci\u00f3n. Lo que exacerbar\u00e1 a\u00fan m\u00e1s la desaz\u00f3n y el desconcierto de las huestes fascistas de la derecha venezolana.<\/p>\n<\/p>\n<p>En cambio, el presidente de la Rep\u00fablica y l\u00edder de la Revoluci\u00f3n Bolivariana, Nicol\u00e1s Maduro, no s\u00f3lo se present\u00f3 en la movilizaci\u00f3n alegre, multitudinaria y colorida de los y las j\u00f3venes revolucionarios y revolucionarias, acompa\u00f1ada de la juventud militar, sino que dirigi\u00f3 un mensaje lleno de fuerza, entusiasmo y optimismo, que era lo menos que se pod\u00eda esperar.<\/p>\n<\/p>\n<p>Cabe destacar que en un a\u00f1o tan duro y complejo como ha sido el a\u00f1o 2019, podemos se\u00f1alar sin ambages, que la Revoluci\u00f3n Bolivariana y el gobierno lo culminan de manera exitosa, en ofensiva pol\u00edtica y con perspectivas muy positivas de cara al a\u00f1o 2020.<\/p>\n<\/p>\n<p>La derecha representada por Guaid\u00f3, m\u00e1s all\u00e1 de la consigna y la vocingler\u00eda a la que ya nos tiene acostumbrada, luce desarticulada, desorientada, molesta, desmovilizada.<\/p>\n<\/p>\n<p>Pero, indudablemente, no todo es un lecho de rosas, pues como ya lo hemos expresado en art\u00edculos y notas anteriores, si bien es cierto que tenemos \u00e9xitos importantes dentro de la batalla pol\u00edtica, en lo econ\u00f3mico a\u00fan tenemos tareas pendientes, pues la denominada guerra econ\u00f3mica, aunado a la falta de seguimiento y evaluaci\u00f3n de nuestras pol\u00edticas p\u00fablicas, hacen que estemos perdiendo no s\u00f3lo la batalla, sino la guerra en los referidos \u00e1mbitos.<\/p>\n<\/p>\n<p>No obstante, esto lejos de ser motivo de desmoralizaci\u00f3n, debe ser motivo de inspiraci\u00f3n a que nos retemos a nosotros mismos, y a establecernos nuevas metas. Y que realmente nos dediquemos a esas tareas prioritarias que nuestro pueblo hoy nos demanda.<\/p>\n<\/p>\n<p>Y a\u00fan con todo ello, no bajemos la guardia y manteng\u00e1monos alerta y prevenidos. Pero con el optimismo y el entusiasmo de que el pa\u00eds se debe enrumbar, en este fin de a\u00f1o y el 2020 por senderos y destinos de prosperidad y mucho mejores que el presente a\u00f1o.<\/p>\n<\/p>\n<p>Y al \u00abJuanito Alima\u00f1a\u00bb, independientemente de la maniobra que se monta para ratificarlo al frente de la Asamblea Nacional en desacato. Su \u00abliderazgo\u00bb ya tiene fecha de caducidad.<\/p>\n<\/p>\n<p>\u00a1Alerta, Alerta! \u00a1Alerta que camina! \u00a1La Espada de Bol\u00edvar por Am\u00e9rica Latina!<\/p>\n<\/p>\n<p>\u00a1Leales Siempre! \u00a1Traidores Nunca!<\/p>\n<p>\u00a1Independencia y Patria Socialista!<\/p>\n<p>\u00a1Viviremos y Venceremos!<\/p>\n<p>jmartoranoster@gmail.com<\/p>\n<\/p>\n<p>Barometro Latinoamericano, Caracas, colorida, estudiantes, Fuena, Juan Guaid\u00f3, movilizaci\u00f3n alegre, multitudinaria, presidente interino, Revoluci\u00f3n Bolivaria, simpatizantes    <\/p>\n<h6> 2019-11-25 10:50:35 <\/h6>\n<p><!--\n<link rel=\"stylesheet\" href=\"css\/bootstrap.min.css\">\n\n\n<ul class=\"pagination\">\n\t    \n\t\n\n<li >\n\t<a href='?page_no=1077'>Previous<\/a>\n\t<\/li>\n\n\n       \n    \n\n<li><a href='?page_no=1'>1<\/a><\/li>\n\n\n\n<li><a href='?page_no=2'>2<\/a><\/li>\n\n\n\n<li><a>...<\/a><\/li>\n\n\n\n<li><a href='?page_no=1076'>1076<\/a><\/li>\n\n\n\n<li><a href='?page_no=1077'>1077<\/a><\/li>\n\n\n\n<li class='active'><a>1078<\/a><\/li>\n\n\n\n<li><a href='?page_no=1079'>1079<\/a><\/li>\n\n\n\n<li><a href='?page_no=1080'>1080<\/a><\/li>\n\n\n\n<li><a>...<\/a><\/li>\n\n\n\n<li><a href='?page_no=1549'>1549<\/a><\/li>\n\n\n\n<li><a href='?page_no=1550'>1550<\/a><\/li>\n\n    \n\t\n\n<li >\n\t<a href='?page_no=1079'>Next<\/a>\n\t<\/li>\n\n\n    \n\n<li><a href='?page_no=1550'>Last &rsaquo;&rsaquo;<\/a><\/li>\n\n<\/ul>\n\n\n--><br \/>\n<\/body><\/p>\n","protected":false},"excerpt":{"rendered":"<p>14:47:00 Barometro Latinoamericano Por Juan Martorano: Pudi\u00e9ramos decir, contra todo pron\u00f3stico y aunque parezca mentira, de manera at\u00edpica, la movilizaci\u00f3n convocada por el movimiento estudiantil burgu\u00e9s a Fuerte Tiuna, culmin\u00f3 de manera pac\u00edfica, protegida por los cuerpos de seguridad del Estado, y m\u00e1s all\u00e1 del grito de consignas y algunas pintas en los denominados \u00abmurci\u00e9lagos\u00bb, [&hellip;]<\/p>\n","protected":false},"author":3,"featured_media":0,"comment_status":"open","ping_status":"open","sticky":false,"template":"","format":"standard","meta":{"footnotes":""},"categories":[19],"tags":[],"class_list":["post-32172","post","type-post","status-publish","format-standard","hentry","category-mi-voz"],"_links":{"self":[{"href":"https:\/\/diariodominicano.com\/index.php?rest_route=\/wp\/v2\/posts\/32172","targetHints":{"allow":["GET"]}}],"collection":[{"href":"https:\/\/diariodominicano.com\/index.php?rest_route=\/wp\/v2\/posts"}],"about":[{"href":"https:\/\/diariodominicano.com\/index.php?rest_route=\/wp\/v2\/types\/post"}],"author":[{"embeddable":true,"href":"https:\/\/diariodominicano.com\/index.php?rest_route=\/wp\/v2\/users\/3"}],"replies":[{"embeddable":true,"href":"https:\/\/diariodominicano.com\/index.php?rest_route=%2Fwp%2Fv2%2Fcomments&post=32172"}],"version-history":[{"count":0,"href":"https:\/\/diariodominicano.com\/index.php?rest_route=\/wp\/v2\/posts\/32172\/revisions"}],"wp:attachment":[{"href":"https:\/\/diariodominicano.com\/index.php?rest_route=%2Fwp%2Fv2%2Fmedia&parent=32172"}],"wp:term":[{"taxonomy":"category","embeddable":true,"href":"https:\/\/diariodominicano.com\/index.php?rest_route=%2Fwp%2Fv2%2Fcategories&post=32172"},{"taxonomy":"post_tag","embeddable":true,"href":"https:\/\/diariodominicano.com\/index.php?rest_route=%2Fwp%2Fv2%2Ftags&post=32172"}],"curies":[{"name":"wp","href":"https:\/\/api.w.org\/{rel}","templated":true}]}}