{"id":32156,"date":"2019-11-29T12:03:29","date_gmt":"2019-11-29T12:03:29","guid":{"rendered":"http:\/\/diariodominicano.ddns.net\/?p=32156"},"modified":"2019-11-29T12:03:29","modified_gmt":"2019-11-29T12:03:29","slug":"dengue-en-mexico-provoco-135-muertes-este-ano","status":"publish","type":"post","link":"https:\/\/diariodominicano.com\/?p=32156","title":{"rendered":"Dengue en M\u00e9xico provoc\u00f3 135 muertes este a\u00f1o"},"content":{"rendered":"<p><body><\/p>\n<p><img decoding=\"async\" src=\"img3\/deng11.jpg\" \/>  <\/p>\n<p>M\u00e9xico, 29 nov (Prensa Latina) El dengue provoc\u00f3 la muerte de 135 personas, cifra muy superior a la que se registr\u00f3 durante todo el a\u00f1o pasado cuando hubo 75 defunciones, inform\u00f3 hoy la Secretar\u00eda de Salud.<\/p>\n<\/p>\n<p>Adem\u00e1s, a pesar de que ya concluy\u00f3 la temporada alta de trasmisi\u00f3n del dengue que comenz\u00f3 en junio, se han confirmado 35 mil 494 casos, cifra que tambi\u00e9n aument\u00f3 a m\u00e1s del doble con respecto a la del cierre de 2018, cuando se confirmaron 13 mil 333 casos en total.<\/p>\n<\/p>\n<p>De acuerdo con el informe oficial, el panorama epidemiol\u00f3gico del dengue 2019 correspondiente al reporte de la semana 47, de los 35 mil 494 casos confirmados, dos mil 853 son graves; ocho mil 425 se consideran con signo de alarma y 24 mil 316 son catalogados de no graves.<\/p>\n<\/p>\n<p>Jalisco es el estado que sigue presentando el mayor n\u00famero de casos confirmados de dengue con 10 mil 54 y 25 muertes.<\/p>\n<\/p>\n<p>La Secretar\u00eda de Salud detall\u00f3 que el 69 por ciento de los casos confirmados en todo el pa\u00eds se concentran en los siguientes estados: Jalisco 10 mil 54 casos y 25 muertes, Veracruz 9 mil 63 enfermos y 23 decesos, Chiapas dos mil 179 y 22, Oaxaca mil 579 y cinco, Puebla mil 579 y tambi\u00e9n cinco fallecimientos<\/p>\n<\/p>\n<p>De acuerdo con la informaci\u00f3n de la Secretar\u00eda de Salud Federal, los \u00fanicos dos territorios que siguen sin registrar ning\u00fan caso de dengue son Tlaxcala y la Ciudad de M\u00e9xico.<\/p>\n<\/p>\n<p>Para estar alertas a cualquier contagio de dengue, la Secretar\u00eda de Salud sigue exhortando a la poblaci\u00f3n a acudir a la unidad m\u00e9dica m\u00e1s cercana, en caso de presentar s\u00edntomas como: fiebre, n\u00e1usea, v\u00f3mito, dolor de cuerpo y cabeza.<\/p>\n<\/p>\n<p>La dependencia federal reiter\u00f3 la recomendaci\u00f3n de medidas sencillas para evitar contagios por el dengue, como la eliminaci\u00f3n de recipientes que pueden servir de criaderos de mosquitos, latas, botellas, llantas, trozos de pl\u00e1stico y dem\u00e1s contenedores que no se utilicen, entre otras acciones preventivas.<\/p>\n<\/p>\n<p>rgh\/lma<\/p>\n<h6> 2019-11-29 12:03:29 <\/h6>\n<p><!--\n<link rel=\"stylesheet\" href=\"css\/bootstrap.min.css\">\n\n\n<ul class=\"pagination\">\n\t    \n\t\n\n<li >\n\t<a href='?page_no=1062'>Previous<\/a>\n\t<\/li>\n\n\n       \n    \n\n<li><a href='?page_no=1'>1<\/a><\/li>\n\n\n\n<li><a href='?page_no=2'>2<\/a><\/li>\n\n\n\n<li><a>...<\/a><\/li>\n\n\n\n<li><a href='?page_no=1061'>1061<\/a><\/li>\n\n\n\n<li><a href='?page_no=1062'>1062<\/a><\/li>\n\n\n\n<li class='active'><a>1063<\/a><\/li>\n\n\n\n<li><a href='?page_no=1064'>1064<\/a><\/li>\n\n\n\n<li><a href='?page_no=1065'>1065<\/a><\/li>\n\n\n\n<li><a>...<\/a><\/li>\n\n\n\n<li><a href='?page_no=1549'>1549<\/a><\/li>\n\n\n\n<li><a href='?page_no=1550'>1550<\/a><\/li>\n\n    \n\t\n\n<li >\n\t<a href='?page_no=1064'>Next<\/a>\n\t<\/li>\n\n\n    \n\n<li><a href='?page_no=1550'>Last &rsaquo;&rsaquo;<\/a><\/li>\n\n<\/ul>\n\n\n--><br \/>\n<\/body><\/p>\n","protected":false},"excerpt":{"rendered":"<p>M\u00e9xico, 29 nov (Prensa Latina) El dengue provoc\u00f3 la muerte de 135 personas, cifra muy superior a la que se registr\u00f3 durante todo el a\u00f1o pasado cuando hubo 75 defunciones, inform\u00f3 hoy la Secretar\u00eda de Salud. Adem\u00e1s, a pesar de que ya concluy\u00f3 la temporada alta de trasmisi\u00f3n del dengue que comenz\u00f3 en junio, se [&hellip;]<\/p>\n","protected":false},"author":3,"featured_media":0,"comment_status":"open","ping_status":"open","sticky":false,"template":"","format":"standard","meta":{"footnotes":""},"categories":[19],"tags":[],"class_list":["post-32156","post","type-post","status-publish","format-standard","hentry","category-mi-voz"],"_links":{"self":[{"href":"https:\/\/diariodominicano.com\/index.php?rest_route=\/wp\/v2\/posts\/32156","targetHints":{"allow":["GET"]}}],"collection":[{"href":"https:\/\/diariodominicano.com\/index.php?rest_route=\/wp\/v2\/posts"}],"about":[{"href":"https:\/\/diariodominicano.com\/index.php?rest_route=\/wp\/v2\/types\/post"}],"author":[{"embeddable":true,"href":"https:\/\/diariodominicano.com\/index.php?rest_route=\/wp\/v2\/users\/3"}],"replies":[{"embeddable":true,"href":"https:\/\/diariodominicano.com\/index.php?rest_route=%2Fwp%2Fv2%2Fcomments&post=32156"}],"version-history":[{"count":0,"href":"https:\/\/diariodominicano.com\/index.php?rest_route=\/wp\/v2\/posts\/32156\/revisions"}],"wp:attachment":[{"href":"https:\/\/diariodominicano.com\/index.php?rest_route=%2Fwp%2Fv2%2Fmedia&parent=32156"}],"wp:term":[{"taxonomy":"category","embeddable":true,"href":"https:\/\/diariodominicano.com\/index.php?rest_route=%2Fwp%2Fv2%2Fcategories&post=32156"},{"taxonomy":"post_tag","embeddable":true,"href":"https:\/\/diariodominicano.com\/index.php?rest_route=%2Fwp%2Fv2%2Ftags&post=32156"}],"curies":[{"name":"wp","href":"https:\/\/api.w.org\/{rel}","templated":true}]}}