{"id":32155,"date":"2019-11-29T12:05:36","date_gmt":"2019-11-29T12:05:36","guid":{"rendered":"http:\/\/diariodominicano.ddns.net\/?p=32155"},"modified":"2019-11-29T12:05:36","modified_gmt":"2019-11-29T12:05:36","slug":"anuncian-nueva-acusacion-contra-presidente-de-chile","status":"publish","type":"post","link":"https:\/\/diariodominicano.com\/?p=32155","title":{"rendered":"Anuncian nueva acusaci\u00f3n contra presidente de Chile"},"content":{"rendered":"<p><body><\/p>\n<p><img decoding=\"async\" src=\"img3\/chil0011.jpg\" \/>  <\/p>\n<p>Santiago de Chile, 30 nov (Prensa Latina) Victimas de represi\u00f3n policial que sufrieron afectaciones en sus ojos presentar\u00e1n una querella judicial contra el presidente de Chile Sebasti\u00e1n Pi\u00f1era como responsable directo de violaciones de derechos humanos.<\/p>\n<\/p>\n<p>Marta Vald\u00e9s, vocera de la Coordinadora de v\u00edctimas de Traumas Oculares, creada recientemente, asegur\u00f3 en declaraciones a la prensa que su prop\u00f3sito es hacer justicia y que los causantes de graves lesiones a la vista no queden impunes, y por ello apuntamos a su m\u00e1ximo responsable, que es Pi\u00f1era.<\/p>\n<\/p>\n<p>Los miembros de esa agrupaci\u00f3n, formada por personas con trauma ocular y sus familiares, se manifestaron la v\u00edspera frente al palacio de La Moneda, para reclamar el ceso de la represi\u00f3n policial contra manifestantes pac\u00edficos y de la pr\u00e1ctica de atacar a las personas con balines directamente al rostro.<\/p>\n<\/p>\n<p>Vald\u00e9s, cuyo hijo fue impactado por una bomba lacrim\u00f3gena en el ojo izquierdo, se\u00f1al\u00f3 que aunque llevan semanas pidiendo el fin del uso de perdigones, se siguen empleando los mismos m\u00e9todos, y critic\u00f3 que cada vez que el Presidente hace alg\u00fan anuncios, llama a m\u00e1s represi\u00f3n&#8217;.<\/p>\n<\/p>\n<p>En su m\u00e1s reciente informe el Instituto Nacional de Derechos Humanos (INDH), report\u00f3 que 232 personas han sufrido heridas oculares desde el 18 de octubre, cuando se iniciaron movilizaciones sociales sin precedentes contra el modelo neoliberal existente en Chile.<\/p>\n<\/p>\n<p>El mismo INDH present\u00f3 hace dos d\u00edas una querella por homicidio frustrado contra el cuerpo de Carabineros por el lanzamiento de una bomba de gas lacrim\u00f3geno contra la joven Fabiola Campillai, quien qued\u00f3 totalmente ciega.<\/p>\n<\/p>\n<p>Campillani es el segundo caso de una persona que pierde por completo la vista a causa de los disparos de la polic\u00eda, pues anteriormente ocurri\u00f3 lo mismo con el estudiante universitario Gustavo Gatica.<\/p>\n<\/p>\n<p>tgj\/rc<\/p>\n<h6> 2019-11-29 12:05:36 <\/h6>\n<p><!--\n<link rel=\"stylesheet\" href=\"css\/bootstrap.min.css\">\n\n\n<ul class=\"pagination\">\n\t    \n\t\n\n<li >\n\t<a href='?page_no=1061'>Previous<\/a>\n\t<\/li>\n\n\n       \n    \n\n<li><a href='?page_no=1'>1<\/a><\/li>\n\n\n\n<li><a href='?page_no=2'>2<\/a><\/li>\n\n\n\n<li><a>...<\/a><\/li>\n\n\n\n<li><a href='?page_no=1060'>1060<\/a><\/li>\n\n\n\n<li><a href='?page_no=1061'>1061<\/a><\/li>\n\n\n\n<li class='active'><a>1062<\/a><\/li>\n\n\n\n<li><a href='?page_no=1063'>1063<\/a><\/li>\n\n\n\n<li><a href='?page_no=1064'>1064<\/a><\/li>\n\n\n\n<li><a>...<\/a><\/li>\n\n\n\n<li><a href='?page_no=1549'>1549<\/a><\/li>\n\n\n\n<li><a href='?page_no=1550'>1550<\/a><\/li>\n\n    \n\t\n\n<li >\n\t<a href='?page_no=1063'>Next<\/a>\n\t<\/li>\n\n\n    \n\n<li><a href='?page_no=1550'>Last &rsaquo;&rsaquo;<\/a><\/li>\n\n<\/ul>\n\n\n--><br \/>\n<\/body><\/p>\n","protected":false},"excerpt":{"rendered":"<p>Santiago de Chile, 30 nov (Prensa Latina) Victimas de represi\u00f3n policial que sufrieron afectaciones en sus ojos presentar\u00e1n una querella judicial contra el presidente de Chile Sebasti\u00e1n Pi\u00f1era como responsable directo de violaciones de derechos humanos. Marta Vald\u00e9s, vocera de la Coordinadora de v\u00edctimas de Traumas Oculares, creada recientemente, asegur\u00f3 en declaraciones a la prensa [&hellip;]<\/p>\n","protected":false},"author":3,"featured_media":0,"comment_status":"open","ping_status":"open","sticky":false,"template":"","format":"standard","meta":{"footnotes":""},"categories":[19],"tags":[],"class_list":["post-32155","post","type-post","status-publish","format-standard","hentry","category-mi-voz"],"_links":{"self":[{"href":"https:\/\/diariodominicano.com\/index.php?rest_route=\/wp\/v2\/posts\/32155","targetHints":{"allow":["GET"]}}],"collection":[{"href":"https:\/\/diariodominicano.com\/index.php?rest_route=\/wp\/v2\/posts"}],"about":[{"href":"https:\/\/diariodominicano.com\/index.php?rest_route=\/wp\/v2\/types\/post"}],"author":[{"embeddable":true,"href":"https:\/\/diariodominicano.com\/index.php?rest_route=\/wp\/v2\/users\/3"}],"replies":[{"embeddable":true,"href":"https:\/\/diariodominicano.com\/index.php?rest_route=%2Fwp%2Fv2%2Fcomments&post=32155"}],"version-history":[{"count":0,"href":"https:\/\/diariodominicano.com\/index.php?rest_route=\/wp\/v2\/posts\/32155\/revisions"}],"wp:attachment":[{"href":"https:\/\/diariodominicano.com\/index.php?rest_route=%2Fwp%2Fv2%2Fmedia&parent=32155"}],"wp:term":[{"taxonomy":"category","embeddable":true,"href":"https:\/\/diariodominicano.com\/index.php?rest_route=%2Fwp%2Fv2%2Fcategories&post=32155"},{"taxonomy":"post_tag","embeddable":true,"href":"https:\/\/diariodominicano.com\/index.php?rest_route=%2Fwp%2Fv2%2Ftags&post=32155"}],"curies":[{"name":"wp","href":"https:\/\/api.w.org\/{rel}","templated":true}]}}