{"id":32154,"date":"2019-11-29T12:08:32","date_gmt":"2019-11-29T12:08:32","guid":{"rendered":"http:\/\/diariodominicano.ddns.net\/?p=32154"},"modified":"2019-11-29T12:08:32","modified_gmt":"2019-11-29T12:08:32","slug":"abogado-argentino-califico-de-dictadura-a-golpistas-en-bolivia","status":"publish","type":"post","link":"https:\/\/diariodominicano.com\/?p=32154","title":{"rendered":"Abogado argentino calific\u00f3 de dictadura a golpistas en Bolivia"},"content":{"rendered":"<p><body><\/p>\n<p><img decoding=\"async\" src=\"img3\/golp1.jpg\" \/>  <\/p>\n<p>La Paz (Prensa Latina) El abogado Juan Grabois calific\u00f3 hoy de dictatorial al Gobierno de facto en Bolivia, tras denunciar el atropello de la delegaci\u00f3n argentina que inici\u00f3 la recogida de testimonios de v\u00edctimas de violaciones de los derechos humanos en la naci\u00f3n.<\/p>\n<\/p>\n<p>Grabois denunci\u00f3 el tratamiento recibido al llegar a la ciudad de Santa Cruz, donde las fuerzas militares interrogaron a cada miembro de la misi\u00f3n argentina, de forma arbitraria y pretendiendo que informaran los datos personales de las personas que iban a entrevistar.<\/p>\n<\/p>\n<p>&#8216;En resguardo a la integridad f\u00edsica de las v\u00edctimas, nos negamos y, en mi caso particular, me prohibieron pronunciar opiniones de naturaleza pol\u00edtica en el pa\u00eds, lo que demuestra la falta de democracia&#8217;, destac\u00f3.<\/p>\n<\/p>\n<p>Luego nos ten\u00edan preparado una emboscada con provocadores que nos insultaban con consignas racistas, anti-argentinas, homof\u00f3bicas, buscando amedrentarnos, puntualiz\u00f3.<\/p>\n<\/p>\n<p>El dirigente social expres\u00f3 que el prop\u00f3sito de los activistas argentinos es recoger testimonios sobre la situaci\u00f3n de desapariciones forzadas, torturas y asesinatos que ocurren en el pa\u00eds boliviano, luego del golpe militar y en el actual gobierno de la autoproclamada presidenta, Jeanine \u00c1\u00f1ez.<\/p>\n<\/p>\n<p>La delegaci\u00f3n la integran profesionales, dirigentes de movimientos sociales y ambientalistas, con el fin de elaborar en Bolivia un informe sobre las violaciones a los derechos humanos, tras la asonada golpista contra el presidente Evo Morales.<\/p>\n<\/p>\n<p>En este sentido, el exrepresentante del Alto Comisionado de la ONU para los Derechos Humanos en Bolivia Denis Racicot, advirti\u00f3 que en el pa\u00eds se gesta una &#8216;ruptura profunda&#8217; del orden constitucional y &#8216;fractura social&#8217; ante los actos de violencia. Racicot se\u00f1al\u00f3 recientemente que las nuevas autoridades de Bolivia tras la salida de Morales son &#8216;autoproclamadas&#8217; y pretenden salir de la crisis actual sobre la base de una &#8216;violencia golpista sin l\u00edmites&#8217;, comparado solo con el periodo de los reg\u00edmenes militares y de facto.<\/p>\n<\/p>\n<p>La crisis pol\u00edtica que vive Bolivia tuvo su detonante tras las elecciones del 20 de octubre pasado, cuando sectores reaccionarios de la oposici\u00f3n desconocieron la victoria de Evo Morales, quien luego renunci\u00f3 presionado por las fuerzas militares.<\/p>\n<\/p>\n<p>mgt\/yma<\/p>\n<h6> 2019-11-29 12:08:32 <\/h6>\n<p><!--\n<link rel=\"stylesheet\" href=\"css\/bootstrap.min.css\">\n\n\n<ul class=\"pagination\">\n\t    \n\t\n\n<li >\n\t<a href='?page_no=1060'>Previous<\/a>\n\t<\/li>\n\n\n       \n    \n\n<li><a href='?page_no=1'>1<\/a><\/li>\n\n\n\n<li><a href='?page_no=2'>2<\/a><\/li>\n\n\n\n<li><a>...<\/a><\/li>\n\n\n\n<li><a href='?page_no=1059'>1059<\/a><\/li>\n\n\n\n<li><a href='?page_no=1060'>1060<\/a><\/li>\n\n\n\n<li class='active'><a>1061<\/a><\/li>\n\n\n\n<li><a href='?page_no=1062'>1062<\/a><\/li>\n\n\n\n<li><a href='?page_no=1063'>1063<\/a><\/li>\n\n\n\n<li><a>...<\/a><\/li>\n\n\n\n<li><a href='?page_no=1549'>1549<\/a><\/li>\n\n\n\n<li><a href='?page_no=1550'>1550<\/a><\/li>\n\n    \n\t\n\n<li >\n\t<a href='?page_no=1062'>Next<\/a>\n\t<\/li>\n\n\n    \n\n<li><a href='?page_no=1550'>Last &rsaquo;&rsaquo;<\/a><\/li>\n\n<\/ul>\n\n\n--><br \/>\n<\/body><\/p>\n","protected":false},"excerpt":{"rendered":"<p>La Paz (Prensa Latina) El abogado Juan Grabois calific\u00f3 hoy de dictatorial al Gobierno de facto en Bolivia, tras denunciar el atropello de la delegaci\u00f3n argentina que inici\u00f3 la recogida de testimonios de v\u00edctimas de violaciones de los derechos humanos en la naci\u00f3n. Grabois denunci\u00f3 el tratamiento recibido al llegar a la ciudad de Santa [&hellip;]<\/p>\n","protected":false},"author":3,"featured_media":0,"comment_status":"open","ping_status":"open","sticky":false,"template":"","format":"standard","meta":{"footnotes":""},"categories":[19],"tags":[],"class_list":["post-32154","post","type-post","status-publish","format-standard","hentry","category-mi-voz"],"_links":{"self":[{"href":"https:\/\/diariodominicano.com\/index.php?rest_route=\/wp\/v2\/posts\/32154","targetHints":{"allow":["GET"]}}],"collection":[{"href":"https:\/\/diariodominicano.com\/index.php?rest_route=\/wp\/v2\/posts"}],"about":[{"href":"https:\/\/diariodominicano.com\/index.php?rest_route=\/wp\/v2\/types\/post"}],"author":[{"embeddable":true,"href":"https:\/\/diariodominicano.com\/index.php?rest_route=\/wp\/v2\/users\/3"}],"replies":[{"embeddable":true,"href":"https:\/\/diariodominicano.com\/index.php?rest_route=%2Fwp%2Fv2%2Fcomments&post=32154"}],"version-history":[{"count":0,"href":"https:\/\/diariodominicano.com\/index.php?rest_route=\/wp\/v2\/posts\/32154\/revisions"}],"wp:attachment":[{"href":"https:\/\/diariodominicano.com\/index.php?rest_route=%2Fwp%2Fv2%2Fmedia&parent=32154"}],"wp:term":[{"taxonomy":"category","embeddable":true,"href":"https:\/\/diariodominicano.com\/index.php?rest_route=%2Fwp%2Fv2%2Fcategories&post=32154"},{"taxonomy":"post_tag","embeddable":true,"href":"https:\/\/diariodominicano.com\/index.php?rest_route=%2Fwp%2Fv2%2Ftags&post=32154"}],"curies":[{"name":"wp","href":"https:\/\/api.w.org\/{rel}","templated":true}]}}