{"id":321528,"date":"2022-01-04T19:20:38","date_gmt":"2022-01-04T23:20:38","guid":{"rendered":"http:\/\/diariodominicano.com\/?p=321528"},"modified":"2022-01-04T19:23:10","modified_gmt":"2022-01-04T23:23:10","slug":"el-ministerio-de-deportes-informa-ejecuta-un-amplio-programa-de-remozamiento-en-varias-localidades","status":"publish","type":"post","link":"https:\/\/diariodominicano.com\/?p=321528","title":{"rendered":"El Ministerio de Deportes informa ejecuta un amplio programa de remozamiento en varias localidades"},"content":{"rendered":"\n<p> El ministro de Deportes, Franciscos Camacho, realiza recorrido de supervisi\u00f3n de las instalaciones deportivas de la provincia Duarte, le acompa\u00f1an Johnny Pe\u00f1a, viceministro de infraestructuras, y Oscar Maldonado, director administrativo del Miderec. <\/p>\n\n\n\n<p><strong>Camacho supervisa trabajos de reparaci\u00f3n en instalaciones deportivas de  la provincia Duarte<\/strong><br><br> Duarte, RD. &#8211; El ministro de Deportes, Francisco Camacho, supervis\u00f3 este martes las instalaciones deportivas que est\u00e1n siendo intervenidas en diferentes comunidades y municipios de la provincia Duarte.<\/p>\n\n\n\n<figure class=\"wp-block-image size-large\"><img loading=\"lazy\" decoding=\"async\" width=\"683\" height=\"1024\" src=\"https:\/\/diariodominicano.com\/wp-content\/uploads\/2022\/01\/IMG_5074-683x1024.jpg\" alt=\"\" class=\"wp-image-321531\" srcset=\"https:\/\/diariodominicano.com\/wp-content\/uploads\/2022\/01\/IMG_5074-683x1024.jpg 683w, https:\/\/diariodominicano.com\/wp-content\/uploads\/2022\/01\/IMG_5074-200x300.jpg 200w, https:\/\/diariodominicano.com\/wp-content\/uploads\/2022\/01\/IMG_5074-768x1152.jpg 768w, https:\/\/diariodominicano.com\/wp-content\/uploads\/2022\/01\/IMG_5074-1024x1536.jpg 1024w, https:\/\/diariodominicano.com\/wp-content\/uploads\/2022\/01\/IMG_5074-816x1224.jpg 816w, https:\/\/diariodominicano.com\/wp-content\/uploads\/2022\/01\/IMG_5074-rotated.jpg 1080w\" sizes=\"auto, (max-width: 683px) 100vw, 683px\" \/><\/figure>\n\n\n\n<p><br><strong>El ministro Camacho visit\u00f3 varias localidades donde se ejecutan reparaciones de obras deportivas que ser\u00e1n entregadas en los pr\u00f3ximos d\u00edas por el Ministerio de Deportes al presidente Luis Abinader para que proceda a su reinauguraci\u00f3n en beneficio de la ni\u00f1ez, juventud y poblaci\u00f3n en general de estos puntos del pa\u00eds, inform\u00f3 en un comunicado de prensa el Ministerio de Deportes.\u00a0<\/strong><\/p>\n\n\n\n<p><br>Entre los municipios cuyas obras est\u00e1n en proceso de reparaci\u00f3n est\u00e1  Villa Riva, donde se realiza el remozamiento de los ba\u00f1os, sistema de agua potable, manteniendo de estructura met\u00e1lica, gradas e instalaciones de luces led en su polideportivo.\u00a0<\/p>\n\n\n\n<figure class=\"wp-block-image size-large\"><img loading=\"lazy\" decoding=\"async\" width=\"1024\" height=\"683\" src=\"https:\/\/diariodominicano.com\/wp-content\/uploads\/2022\/01\/IMG_5072-1024x683.jpg\" alt=\"\" class=\"wp-image-321533\" srcset=\"https:\/\/diariodominicano.com\/wp-content\/uploads\/2022\/01\/IMG_5072-1024x683.jpg 1024w, https:\/\/diariodominicano.com\/wp-content\/uploads\/2022\/01\/IMG_5072-300x200.jpg 300w, https:\/\/diariodominicano.com\/wp-content\/uploads\/2022\/01\/IMG_5072-768x512.jpg 768w, https:\/\/diariodominicano.com\/wp-content\/uploads\/2022\/01\/IMG_5072-1536x1024.jpg 1536w, https:\/\/diariodominicano.com\/wp-content\/uploads\/2022\/01\/IMG_5072-816x544.jpg 816w, https:\/\/diariodominicano.com\/wp-content\/uploads\/2022\/01\/IMG_5072.jpg 1620w\" sizes=\"auto, (max-width: 1024px) 100vw, 1024px\" \/><\/figure>\n\n\n\n<p><br>En Arenoso se remoza el polideportivo en sus \u00e1reas de oficina, ba\u00f1os, parques, sustituci\u00f3n total del techado, instalaci\u00f3n de luces led y sustituci\u00f3n de tableros.\u00a0<br>En esa misma localidad se interviene el estadio municipal en el \u00e1rea de juego, instalaci\u00f3n de grama, as\u00ed como colocaci\u00f3n de luces y pinturas.\u00a0<\/p>\n\n\n\n<p><br>En el municipio de Castillo se hacen reparaciones preventivas en su multiuso, como sellar goteras, habilitaci\u00f3n y remozamiento de ba\u00f1os y oficinas, instalaci\u00f3n de luces led, pintura en general y reparaci\u00f3n de gradas.<\/p>\n\n\n\n<figure class=\"wp-block-image size-large\"><img loading=\"lazy\" decoding=\"async\" width=\"1024\" height=\"683\" src=\"https:\/\/diariodominicano.com\/wp-content\/uploads\/2022\/01\/IMG_5071-1024x683.jpg\" alt=\"\" class=\"wp-image-321534\" srcset=\"https:\/\/diariodominicano.com\/wp-content\/uploads\/2022\/01\/IMG_5071-1024x683.jpg 1024w, https:\/\/diariodominicano.com\/wp-content\/uploads\/2022\/01\/IMG_5071-300x200.jpg 300w, https:\/\/diariodominicano.com\/wp-content\/uploads\/2022\/01\/IMG_5071-768x512.jpg 768w, https:\/\/diariodominicano.com\/wp-content\/uploads\/2022\/01\/IMG_5071-1536x1024.jpg 1536w, https:\/\/diariodominicano.com\/wp-content\/uploads\/2022\/01\/IMG_5071-816x544.jpg 816w, https:\/\/diariodominicano.com\/wp-content\/uploads\/2022\/01\/IMG_5071.jpg 1620w\" sizes=\"auto, (max-width: 1024px) 100vw, 1024px\" \/><\/figure>\n\n\n\n<p><br>En el polideportivo de Pimentel se arreglan las \u00e1reas de juego, techo, luces ba\u00f1os y oficinas.<\/p>\n\n\n\n<p><br>\u201cEl presidente Abinader vendr\u00e1 a cada localidad a inaugurar sus obras deportivas en esta provincia Duarte, as\u00ed como lo har\u00e1 en otras regiones y provincias del pa\u00eds, cumpliendo siempre con el calendario de programaci\u00f3n que para tales fines se hizo\u201d, sostuvo Camacho.<\/p>\n\n\n\n<figure class=\"wp-block-image size-large\"><img loading=\"lazy\" decoding=\"async\" width=\"1024\" height=\"683\" src=\"https:\/\/diariodominicano.com\/wp-content\/uploads\/2022\/01\/IMG_5076-1024x683.jpg\" alt=\"\" class=\"wp-image-321535\" srcset=\"https:\/\/diariodominicano.com\/wp-content\/uploads\/2022\/01\/IMG_5076-1024x683.jpg 1024w, https:\/\/diariodominicano.com\/wp-content\/uploads\/2022\/01\/IMG_5076-300x200.jpg 300w, https:\/\/diariodominicano.com\/wp-content\/uploads\/2022\/01\/IMG_5076-768x512.jpg 768w, https:\/\/diariodominicano.com\/wp-content\/uploads\/2022\/01\/IMG_5076-1536x1024.jpg 1536w, https:\/\/diariodominicano.com\/wp-content\/uploads\/2022\/01\/IMG_5076-816x544.jpg 816w, https:\/\/diariodominicano.com\/wp-content\/uploads\/2022\/01\/IMG_5076.jpg 1620w\" sizes=\"auto, (max-width: 1024px) 100vw, 1024px\" \/><\/figure>\n\n\n\n<p>Comunicaciones MIDEREC 20-24<a rel=\"noreferrer noopener\" target=\"_blank\" href=\"mailto:twittermdeportesrd@gmail.com\">twittermdeportesrd@gmail.com<\/a><\/p>\n\n\n\n<p><\/p>\n\n\n\n<p><br><\/p>\n","protected":false},"excerpt":{"rendered":"<p>El ministro de Deportes, Franciscos Camacho, realiza recorrido de supervisi\u00f3n de las instalaciones deportivas de la provincia Duarte, le acompa\u00f1an Johnny Pe\u00f1a, viceministro de infraestructuras, y Oscar Maldonado, director administrativo del Miderec. Camacho supervisa trabajos de reparaci\u00f3n en instalaciones deportivas de la provincia Duarte Duarte, RD. &#8211; El ministro de Deportes, Francisco Camacho, supervis\u00f3 este [&hellip;]<\/p>\n","protected":false},"author":28,"featured_media":321529,"comment_status":"closed","ping_status":"","sticky":true,"template":"","format":"standard","meta":{"footnotes":""},"categories":[17,27],"tags":[],"class_list":["post-321528","post","type-post","status-publish","format-standard","has-post-thumbnail","hentry","category-deportes","category-portada"],"_links":{"self":[{"href":"https:\/\/diariodominicano.com\/index.php?rest_route=\/wp\/v2\/posts\/321528","targetHints":{"allow":["GET"]}}],"collection":[{"href":"https:\/\/diariodominicano.com\/index.php?rest_route=\/wp\/v2\/posts"}],"about":[{"href":"https:\/\/diariodominicano.com\/index.php?rest_route=\/wp\/v2\/types\/post"}],"author":[{"embeddable":true,"href":"https:\/\/diariodominicano.com\/index.php?rest_route=\/wp\/v2\/users\/28"}],"replies":[{"embeddable":true,"href":"https:\/\/diariodominicano.com\/index.php?rest_route=%2Fwp%2Fv2%2Fcomments&post=321528"}],"version-history":[{"count":3,"href":"https:\/\/diariodominicano.com\/index.php?rest_route=\/wp\/v2\/posts\/321528\/revisions"}],"predecessor-version":[{"id":321537,"href":"https:\/\/diariodominicano.com\/index.php?rest_route=\/wp\/v2\/posts\/321528\/revisions\/321537"}],"wp:featuredmedia":[{"embeddable":true,"href":"https:\/\/diariodominicano.com\/index.php?rest_route=\/wp\/v2\/media\/321529"}],"wp:attachment":[{"href":"https:\/\/diariodominicano.com\/index.php?rest_route=%2Fwp%2Fv2%2Fmedia&parent=321528"}],"wp:term":[{"taxonomy":"category","embeddable":true,"href":"https:\/\/diariodominicano.com\/index.php?rest_route=%2Fwp%2Fv2%2Fcategories&post=321528"},{"taxonomy":"post_tag","embeddable":true,"href":"https:\/\/diariodominicano.com\/index.php?rest_route=%2Fwp%2Fv2%2Ftags&post=321528"}],"curies":[{"name":"wp","href":"https:\/\/api.w.org\/{rel}","templated":true}]}}