{"id":32144,"date":"2019-11-30T10:50:37","date_gmt":"2019-11-30T10:50:37","guid":{"rendered":"http:\/\/diariodominicano.ddns.net\/?p=32144"},"modified":"2019-11-30T10:50:37","modified_gmt":"2019-11-30T10:50:37","slug":"bolivia-despues-del-golpe-de-estado-un-pais-sin-garantias","status":"publish","type":"post","link":"https:\/\/diariodominicano.com\/?p=32144","title":{"rendered":"Bolivia despu\u00e9s del golpe de Estado, un pa\u00eds sin garant\u00edas"},"content":{"rendered":"<p><body><\/p>\n<p><img decoding=\"async\" src=\"img3\/boliv11.jpg\" \/>  <\/p>\n<p>La Paz, 30 nov (Prensa Latina) Pese a los tintes de legitimidad con el que intenta te\u00f1irse el gobierno de facto que emergi\u00f3 despu\u00e9s del golpe de Estado, Bolivia vive hoy en medio de la persecuci\u00f3n pol\u00edtica y la falta de garant\u00edas.<\/p>\n<\/p>\n<p>Basta escuchar el discurso del actual ministro de Gobierno, Arturo Murillo, para comprobar que tras la asonada golpista del 10 de noviembre contra el presidente constitucional Evo Morales esta naci\u00f3n se retrotrajo a los peores a\u00f1os de las dictaduras latinoamericanas.<\/p>\n<\/p>\n<p>Lo primero que dijo Murillo tras asumir el cargo fue que desatar\u00eda la &#8216;cacer\u00eda&#8217; de Juan Ram\u00f3n Quintana, exministro de la Presidencia de Morales. Lo culpa de sedici\u00f3n y terrorismo.<\/p>\n<\/p>\n<p>Curiosamente, es lo mismo que menciona ahora al referirse al grupo solidario procedente de Argentina que vino a documentar los hechos de represi\u00f3n contra las movilizaciones populares y las denuncias sobre violaciones de los derechos humanos reportadas en el pa\u00eds luego del golpe.<\/p>\n<\/p>\n<p>&#8216;Recomendamos a aquellos extranjeros, que est\u00e1n llegando hechos a las mansas palomitas a tratar de incendiar el pa\u00eds: anden con cuidado, los estamos mirando&#8217;, advirti\u00f3 la v\u00edspera.<\/p>\n<\/p>\n<p>Pero fue un poco m\u00e1s lejos en sus amenazas cuando enfatiz\u00f3 que &#8216;en el primer paso en falso que den tratando de hacer terrorismo, sedici\u00f3n se van a ver con los polic\u00edas (&#8230;) Cero tolerancia, y luego despu\u00e9s no digan que se est\u00e1 abusando (&#8230;)&#8217;.<\/p>\n<\/p>\n<p>La comitiva argentina la integran abogados, exjueces y voluntarios, y la encabeza el dirigente social Juan Grabois.<\/p>\n<\/p>\n<p>Tambi\u00e9n la expresidenta del Senado Adriana Salvatierra asegur\u00f3 ayer que siguen las detenciones arbitrarias de los que se oponen a la afrenta antidemocr\u00e1tica consumada hace casi tres semanas.<\/p>\n<\/p>\n<p>En ese sentido, demand\u00f3 garant\u00edas para que Morales pueda acompa\u00f1ar la campa\u00f1a electoral que se avecina y en la cual el Movimiento Al Socialismo (MAS), partido que dirigi\u00f3 los destinos de la naci\u00f3n en los \u00faltimos 13 a\u00f1os, tendr\u00e1 que enfrentar un escenario adverso.<\/p>\n<\/p>\n<p>Contra Evo, asilado en M\u00e9xico, el gobierno de la autoproclamada Jeanine \u00c1\u00f1ez lanz\u00f3 acusaciones por al menos 10 delitos, entre ellos terrorismo, y una notificaci\u00f3n azul de Interpol, que pretende abrir la puerta legal para recopilar informaci\u00f3n sobre el l\u00edder ind\u00edgena en el marco de la denunciada persecuci\u00f3n judicial.<\/p>\n<\/p>\n<p>La senadora del MAS expres\u00f3 que a esta ausencia de garant\u00edas se suma la falta de procesos penales contra los que provocaron la muerte de m\u00e1s de 30 personas en el contexto de violencia y represi\u00f3n generado aqu\u00ed.<\/p>\n<\/p>\n<p>Mientras, se van despejando las ambiciones de poder. El presidente del Comit\u00e9 C\u00edvico pro Santa Cruz, Luis Fernando Camacho ?uno de los principales promotores del golpe de Estado que derroc\u00f3 a Morales-, present\u00f3 la v\u00edspera su carta de renuncia al cargo para comenzar su carrera electoral.<\/p>\n<\/p>\n<p>&#8216;Presidir esta instituci\u00f3n es un sue\u00f1o de toda la vida (&#8230;); pero la tengo que abandonar por otro sue\u00f1o, otro anhelo m\u00e1s fuerte, ser presidente de la Rep\u00fablica de Bolivia&#8217;, confes\u00f3 en su misiva.<\/p>\n<\/p>\n<p>Incluso, revel\u00f3 que durante el paro c\u00edvico que dirigi\u00f3 contra Morales &#8216;era necesario&#8217; decir que no iba a ser candidato para sumar apoyo, o sea, minti\u00f3.<\/p>\n<\/p>\n<p>Fuentes ligadas a Camacho se\u00f1alan que en las siguientes horas se espera la llegada a Santa Cruz del presidente del Comit\u00e9 C\u00edvico de Potos\u00ed, Marco Pumari, que apunta a ser su compa\u00f1ero de f\u00f3rmula en el binomio presidencial.<\/p>\n<\/p>\n<p>Desde la salida forzada de Morales a ra\u00edz de una ola de violencia opositora, sumado al mot\u00edn policial y la exhortaci\u00f3n de las Fuerzas Armadas a la dimisi\u00f3n del jefe de Estado, Bolivia se sumi\u00f3 en una crisis institucional y pol\u00edtica que dista a\u00fan de esa &#8216;etapa final de la pacificaci\u00f3n&#8217;, anunciada por \u00c1\u00f1ez.<\/p>\n<\/p>\n<p>tgj\/dfm\/cvl<\/p>\n<h6> 2019-11-30 10:50:37 <\/h6>\n<p><!--\n<link rel=\"stylesheet\" href=\"css\/bootstrap.min.css\">\n\n\n<ul class=\"pagination\">\n\t    \n\t\n\n<li >\n\t<a href='?page_no=1051'>Previous<\/a>\n\t<\/li>\n\n\n       \n    \n\n<li><a href='?page_no=1'>1<\/a><\/li>\n\n\n\n<li><a href='?page_no=2'>2<\/a><\/li>\n\n\n\n<li><a>...<\/a><\/li>\n\n\n\n<li><a href='?page_no=1050'>1050<\/a><\/li>\n\n\n\n<li><a href='?page_no=1051'>1051<\/a><\/li>\n\n\n\n<li class='active'><a>1052<\/a><\/li>\n\n\n\n<li><a href='?page_no=1053'>1053<\/a><\/li>\n\n\n\n<li><a href='?page_no=1054'>1054<\/a><\/li>\n\n\n\n<li><a>...<\/a><\/li>\n\n\n\n<li><a href='?page_no=1549'>1549<\/a><\/li>\n\n\n\n<li><a href='?page_no=1550'>1550<\/a><\/li>\n\n    \n\t\n\n<li >\n\t<a href='?page_no=1053'>Next<\/a>\n\t<\/li>\n\n\n    \n\n<li><a href='?page_no=1550'>Last &rsaquo;&rsaquo;<\/a><\/li>\n\n<\/ul>\n\n\n--><br \/>\n<\/body><\/p>\n","protected":false},"excerpt":{"rendered":"<p>La Paz, 30 nov (Prensa Latina) Pese a los tintes de legitimidad con el que intenta te\u00f1irse el gobierno de facto que emergi\u00f3 despu\u00e9s del golpe de Estado, Bolivia vive hoy en medio de la persecuci\u00f3n pol\u00edtica y la falta de garant\u00edas. Basta escuchar el discurso del actual ministro de Gobierno, Arturo Murillo, para comprobar [&hellip;]<\/p>\n","protected":false},"author":3,"featured_media":0,"comment_status":"open","ping_status":"open","sticky":false,"template":"","format":"standard","meta":{"footnotes":""},"categories":[19],"tags":[],"class_list":["post-32144","post","type-post","status-publish","format-standard","hentry","category-mi-voz"],"_links":{"self":[{"href":"https:\/\/diariodominicano.com\/index.php?rest_route=\/wp\/v2\/posts\/32144","targetHints":{"allow":["GET"]}}],"collection":[{"href":"https:\/\/diariodominicano.com\/index.php?rest_route=\/wp\/v2\/posts"}],"about":[{"href":"https:\/\/diariodominicano.com\/index.php?rest_route=\/wp\/v2\/types\/post"}],"author":[{"embeddable":true,"href":"https:\/\/diariodominicano.com\/index.php?rest_route=\/wp\/v2\/users\/3"}],"replies":[{"embeddable":true,"href":"https:\/\/diariodominicano.com\/index.php?rest_route=%2Fwp%2Fv2%2Fcomments&post=32144"}],"version-history":[{"count":0,"href":"https:\/\/diariodominicano.com\/index.php?rest_route=\/wp\/v2\/posts\/32144\/revisions"}],"wp:attachment":[{"href":"https:\/\/diariodominicano.com\/index.php?rest_route=%2Fwp%2Fv2%2Fmedia&parent=32144"}],"wp:term":[{"taxonomy":"category","embeddable":true,"href":"https:\/\/diariodominicano.com\/index.php?rest_route=%2Fwp%2Fv2%2Fcategories&post=32144"},{"taxonomy":"post_tag","embeddable":true,"href":"https:\/\/diariodominicano.com\/index.php?rest_route=%2Fwp%2Fv2%2Ftags&post=32144"}],"curies":[{"name":"wp","href":"https:\/\/api.w.org\/{rel}","templated":true}]}}