{"id":32135,"date":"2019-12-02T12:14:25","date_gmt":"2019-12-02T12:14:25","guid":{"rendered":"http:\/\/diariodominicano.ddns.net\/?p=32135"},"modified":"2019-12-02T12:14:25","modified_gmt":"2019-12-02T12:14:25","slug":"fiscal-analizara-investigar-a-ex-jefe-militar-golpista-en-bolivia","status":"publish","type":"post","link":"https:\/\/diariodominicano.com\/?p=32135","title":{"rendered":"Fiscal analizar\u00e1 investigar a ex jefe militar golpista en Bolivia"},"content":{"rendered":"<p><body><\/p>\n<p><img decoding=\"async\" src=\"img3\/bolv0112.jpg\" \/>  <\/p>\n<p>La Paz, 2 dic (Prensa Latina) La fiscal\u00eda de Bolivia inform\u00f3 hoy que analizar\u00e1 la posibilidad de abrir un proceso al ex jefe de las Fuerzas Armadas, general Williams Kaliman, quien se neg\u00f3 a respaldar al presidente Evo Morales y lo presion\u00f3 a renunciar.<\/p>\n<\/p>\n<p>La indagaci\u00f3n, sin embargo, estar\u00eda referida a la supuesta omisi\u00f3n del cumplimiento del deber de resguardar el orden, al no reprimir inicialmente las protestas sociales desatadas tras la renuncia del mandatario ind\u00edgena.<\/p>\n<\/p>\n<p>&#8216;La Fiscal\u00eda va a hacer un an\u00e1lisis respecto a ello y si corresponde lo va a abrir el caso. Verificaremos cual ha sido la actuaci\u00f3n o la omisi\u00f3n del se\u00f1or Kaliman&#8217;, inform\u00f3 la fiscal Ver\u00f3nica Jara.<\/p>\n<\/p>\n<p>Hizo la declaraci\u00f3n tras difundirse la versi\u00f3n de que solo moviliz\u00f3 las tropas contra las protestas bajo presi\u00f3n del alto mando, antes de ser reemplazado por la autoproclamada presidenta Jeanine \u00c1\u00f1ez, al igual que los dem\u00e1s jefes de las fuerzas armadas.<\/p>\n<\/p>\n<p>Diversas fuentes period\u00edsticas informaron que Kaliman, quien antes del golpe contra Morales fing\u00eda respaldarlo e identificarse pol\u00edticamente con \u00e9l, traicion\u00f3 al mandatario a cambio de un mill\u00f3n de d\u00f3lares pagados por el gobierno de Estados Unidos.<\/p>\n<\/p>\n<p>Tras su cese, se inform\u00f3 queel reemplazado viaj\u00f3 a Estados Unidos junto a su familia, al igual que otros mandos militares igualmente sobornados.<\/p>\n<\/p>\n<p>La limitada participaci\u00f3n de los militares en la represi\u00f3n a las protestas ind\u00edgenas contra el golpe de Estado, coincidi\u00f3 con versiones que circularon en redes sociales de Internet, con im\u00e1genes que mostraban a militares simpatizando con las marchas a favor de Morales.<\/p>\n<\/p>\n<p>Tambi\u00e9n se difundi\u00f3 por esa v\u00eda una orden superior para poner bajo observaci\u00f3n a oficiales y soldados ind\u00edgenas, que hasta dispon\u00eda vigilar sus tel\u00e9fonos m\u00f3viles, por no confiar en ellos.<\/p>\n<\/p>\n<p>Durante su gobierno, el presidente Morales, ahora exiliado en M\u00e9xico, mejor\u00f3 el trato a ls fuerzas armadas, renovando su equipamiento y propiciando su integraci\u00f3n al proceso de cambio que \u00e9l llevaba adelante.<\/p>\n<\/p>\n<p>jcm\/mrs<\/p>\n<h6> 2019-12-02 12:14:25 <\/h6>\n<p><!--\n<link rel=\"stylesheet\" href=\"css\/bootstrap.min.css\">\n\n\n<ul class=\"pagination\">\n\t    \n\t\n\n<li >\n\t<a href='?page_no=1043'>Previous<\/a>\n\t<\/li>\n\n\n       \n    \n\n<li><a href='?page_no=1'>1<\/a><\/li>\n\n\n\n<li><a href='?page_no=2'>2<\/a><\/li>\n\n\n\n<li><a>...<\/a><\/li>\n\n\n\n<li><a href='?page_no=1042'>1042<\/a><\/li>\n\n\n\n<li><a href='?page_no=1043'>1043<\/a><\/li>\n\n\n\n<li class='active'><a>1044<\/a><\/li>\n\n\n\n<li><a href='?page_no=1045'>1045<\/a><\/li>\n\n\n\n<li><a href='?page_no=1046'>1046<\/a><\/li>\n\n\n\n<li><a>...<\/a><\/li>\n\n\n\n<li><a href='?page_no=1549'>1549<\/a><\/li>\n\n\n\n<li><a href='?page_no=1550'>1550<\/a><\/li>\n\n    \n\t\n\n<li >\n\t<a href='?page_no=1045'>Next<\/a>\n\t<\/li>\n\n\n    \n\n<li><a href='?page_no=1550'>Last &rsaquo;&rsaquo;<\/a><\/li>\n\n<\/ul>\n\n\n--><br \/>\n<\/body><\/p>\n","protected":false},"excerpt":{"rendered":"<p>La Paz, 2 dic (Prensa Latina) La fiscal\u00eda de Bolivia inform\u00f3 hoy que analizar\u00e1 la posibilidad de abrir un proceso al ex jefe de las Fuerzas Armadas, general Williams Kaliman, quien se neg\u00f3 a respaldar al presidente Evo Morales y lo presion\u00f3 a renunciar. La indagaci\u00f3n, sin embargo, estar\u00eda referida a la supuesta omisi\u00f3n del [&hellip;]<\/p>\n","protected":false},"author":3,"featured_media":0,"comment_status":"open","ping_status":"open","sticky":false,"template":"","format":"standard","meta":{"footnotes":""},"categories":[19],"tags":[],"class_list":["post-32135","post","type-post","status-publish","format-standard","hentry","category-mi-voz"],"_links":{"self":[{"href":"https:\/\/diariodominicano.com\/index.php?rest_route=\/wp\/v2\/posts\/32135","targetHints":{"allow":["GET"]}}],"collection":[{"href":"https:\/\/diariodominicano.com\/index.php?rest_route=\/wp\/v2\/posts"}],"about":[{"href":"https:\/\/diariodominicano.com\/index.php?rest_route=\/wp\/v2\/types\/post"}],"author":[{"embeddable":true,"href":"https:\/\/diariodominicano.com\/index.php?rest_route=\/wp\/v2\/users\/3"}],"replies":[{"embeddable":true,"href":"https:\/\/diariodominicano.com\/index.php?rest_route=%2Fwp%2Fv2%2Fcomments&post=32135"}],"version-history":[{"count":0,"href":"https:\/\/diariodominicano.com\/index.php?rest_route=\/wp\/v2\/posts\/32135\/revisions"}],"wp:attachment":[{"href":"https:\/\/diariodominicano.com\/index.php?rest_route=%2Fwp%2Fv2%2Fmedia&parent=32135"}],"wp:term":[{"taxonomy":"category","embeddable":true,"href":"https:\/\/diariodominicano.com\/index.php?rest_route=%2Fwp%2Fv2%2Fcategories&post=32135"},{"taxonomy":"post_tag","embeddable":true,"href":"https:\/\/diariodominicano.com\/index.php?rest_route=%2Fwp%2Fv2%2Ftags&post=32135"}],"curies":[{"name":"wp","href":"https:\/\/api.w.org\/{rel}","templated":true}]}}