{"id":32133,"date":"2019-12-02T12:19:07","date_gmt":"2019-12-02T12:19:07","guid":{"rendered":"http:\/\/diariodominicano.ddns.net\/?p=32133"},"modified":"2019-12-02T12:19:07","modified_gmt":"2019-12-02T12:19:07","slug":"cristina-fernandez-desmonta-mentira-en-su-contra-en-juicio-oral","status":"publish","type":"post","link":"https:\/\/diariodominicano.com\/?p=32133","title":{"rendered":"Cristina Fern\u00e1ndez desmonta mentira en su contra en juicio oral"},"content":{"rendered":"<p><body><\/p>\n<p><img decoding=\"async\" src=\"img3\/arg112.jpg\" \/>  <\/p>\n<p>Buenos Aires, 2 dic (Prensa Latina) Precisa y con argumentos s\u00f3lidos la vicepresidenta electa argentina, Cristina Fern\u00e1ndez, ofreci\u00f3 hoy su primera indagatoria en un juicio oral sobre supuesta corrupci\u00f3n en la obra p\u00fablica, en el cual desmonta las &#8216;mentiras y difamaciones&#8217; en su contra.<\/p>\n<\/p>\n<p>Cuando falan apenas ocho d\u00edas de asumir en su nuevo rol y despu\u00e9s de varios meses de ir frecuentemente a los tribunales de Comodoro Py en medio de constantes procesamientos abiertos, Fern\u00e1ndez expone en la causa conocida como Vialidad, en la cual se le acusa de ser jefa de una asociaci\u00f3n il\u00edcita.<\/p>\n<\/p>\n<p>Pese al pedido de que su declaratoria se transmitiera en vivo, como ha sucedido incluso con otros casos, el Tribunal Federal Oral n\u00famero 2 le neg\u00f3 la posibilidad, pero dos c\u00e1maras de las televisoras C5N y Cr\u00f3nica lograron transmitir una parte en el inicio de su exposici\u00f3n.<\/p>\n<\/p>\n<p>En medio de una operaci\u00f3n especial de seguridad, por primera vez una vicepresidenta electa declara en un debate oral. Fern\u00e1ndez lleg\u00f3, salud\u00f3 a las c\u00e1maras, y al tomar la palabra critic\u00f3 la posici\u00f3n del tribunal de no transmitir su defensa.<\/p>\n<\/p>\n<p>&#8216;Si alguien ten\u00eda duda de la existencia del lawfare (noticia falsa), o no sab\u00eda de qu\u00e9 se trataba, la lectura que acaba de hacer el se\u00f1or presidente de este tribunal en el cual se nos deniega transmitir en vivo y en directo esta audiencia, esto es una clase pr\u00e1ctica del lawfare en Argentina. Se trata de perseguir a dirigentes pol\u00edticos&#8217;, apunt\u00f3 y remat\u00f3:<\/p>\n<\/p>\n<p>&#8216;\u00bfNo les parece importante?, no les parece importante la acusaci\u00f3n que dicen que fui jefa de una asociaci\u00f3n il\u00edcita, en serio no les parece importante para transmitir&#8217;,pregunt\u00f3.<\/p>\n<\/p>\n<p>Visiblemente enojada en ocasiones en medio de toda la persecuci\u00f3n pol\u00edtica y judicial que ha soportado en los \u00faltimos meses, como ella misma ha se\u00f1alado, Fern\u00e1ndez denunci\u00f3 que la acusaci\u00f3n de &#8216;asociaci\u00f3n il\u00edcita&#8217;, con la figura de la expresidenta como jefa de una banda responde a un &#8216;plan del actual Gobierno&#8217;.<\/p>\n<\/p>\n<p>&#8216;El gobierno que se va ten\u00eda una mesa judicial donde decid\u00eda todo. Hasta decid\u00eda qui\u00e9n iba preso, qui\u00e9n no iba preso, qu\u00e9 empresario hab\u00eda que apretar para sacarle la empresa. Todo este plan fue ideado para una feroz e in\u00e9dita persecuci\u00f3n&#8217;, sostuvo.<\/p>\n<\/p>\n<p>Al inicio de su intervenci\u00f3n, quien dirigi\u00f3 los destinos del pa\u00eds ocho a\u00f1os se refiri\u00f3 de manera espec\u00edfica a c\u00f3mo, por vez primera en la historia de la Argentina de hoy se escucharon en los medios conversaciones privadas de una expresidenta con un exministro, en referencia a varios di\u00e1logos que se tuvo con el extitular Oscar Parrilli.<\/p>\n<\/p>\n<p>Se difundieron en la televisi\u00f3n cual circo las conversaciones de Cristina Fern\u00e1ndez y Parrilli sin que ninguno de esta casa responsable de las garant\u00edas de los ciudadanos se les moviera ni un pelo, les dijo a los jueces presentes tras a\u00f1adir que se lleg\u00f3 a este grado de anomal\u00eda institucional en la naci\u00f3n.<\/p>\n<\/p>\n<p>Y ni que hablar, dijo, de la persecuci\u00f3n a M\u00e1ximo y Florencia Kirchner, que cometieron uno de los errores terribles, ser los hijos de N\u00e9stor (Kirchner) y Cristina Fern\u00e1ndez. Mi hija, fue fotografiada con un fotomontaje frente a millones de d\u00f3lares como si los hubi\u00e9ramos robado, remarc\u00f3 la vicepresidenta electa.<\/p>\n<\/p>\n<p>Asimismo, se\u00f1al\u00f3 c\u00f3mo se la pasaron buscando la ruta del dinero K, en referencia a supuestos millones de d\u00f3lares por corrupci\u00f3n.<\/p>\n<\/p>\n<p>&#8216;El dinero de la sucesi\u00f3n, de los plazos fijos, no estaba en ning\u00fan para\u00edso fiscal ni a nombre de testaferros, estaba en una cuenta a nombre de mi hija, en el banco Galicia, en un banco nacional de este pa\u00eds, y por supuesto pudo explicar que el dinero nunca sali\u00f3 durante a\u00f1os en plazos fijos todo precisado en mis declaraciones juradas y las de N\u00e9stor&#8217;, precis\u00f3.<\/p>\n<\/p>\n<p>mgt\/may<\/p>\n<h6> 2019-12-02 12:19:07 <\/h6>\n<p><!--\n<link rel=\"stylesheet\" href=\"css\/bootstrap.min.css\">\n\n\n<ul class=\"pagination\">\n\t    \n\t\n\n<li >\n\t<a href='?page_no=1041'>Previous<\/a>\n\t<\/li>\n\n\n       \n    \n\n<li><a href='?page_no=1'>1<\/a><\/li>\n\n\n\n<li><a href='?page_no=2'>2<\/a><\/li>\n\n\n\n<li><a>...<\/a><\/li>\n\n\n\n<li><a href='?page_no=1040'>1040<\/a><\/li>\n\n\n\n<li><a href='?page_no=1041'>1041<\/a><\/li>\n\n\n\n<li class='active'><a>1042<\/a><\/li>\n\n\n\n<li><a href='?page_no=1043'>1043<\/a><\/li>\n\n\n\n<li><a href='?page_no=1044'>1044<\/a><\/li>\n\n\n\n<li><a>...<\/a><\/li>\n\n\n\n<li><a href='?page_no=1549'>1549<\/a><\/li>\n\n\n\n<li><a href='?page_no=1550'>1550<\/a><\/li>\n\n    \n\t\n\n<li >\n\t<a href='?page_no=1043'>Next<\/a>\n\t<\/li>\n\n\n    \n\n<li><a href='?page_no=1550'>Last &rsaquo;&rsaquo;<\/a><\/li>\n\n<\/ul>\n\n\n--><br \/>\n<\/body><\/p>\n","protected":false},"excerpt":{"rendered":"<p>Buenos Aires, 2 dic (Prensa Latina) Precisa y con argumentos s\u00f3lidos la vicepresidenta electa argentina, Cristina Fern\u00e1ndez, ofreci\u00f3 hoy su primera indagatoria en un juicio oral sobre supuesta corrupci\u00f3n en la obra p\u00fablica, en el cual desmonta las &#8216;mentiras y difamaciones&#8217; en su contra. Cuando falan apenas ocho d\u00edas de asumir en su nuevo rol [&hellip;]<\/p>\n","protected":false},"author":3,"featured_media":0,"comment_status":"open","ping_status":"open","sticky":false,"template":"","format":"standard","meta":{"footnotes":""},"categories":[19],"tags":[],"class_list":["post-32133","post","type-post","status-publish","format-standard","hentry","category-mi-voz"],"_links":{"self":[{"href":"https:\/\/diariodominicano.com\/index.php?rest_route=\/wp\/v2\/posts\/32133","targetHints":{"allow":["GET"]}}],"collection":[{"href":"https:\/\/diariodominicano.com\/index.php?rest_route=\/wp\/v2\/posts"}],"about":[{"href":"https:\/\/diariodominicano.com\/index.php?rest_route=\/wp\/v2\/types\/post"}],"author":[{"embeddable":true,"href":"https:\/\/diariodominicano.com\/index.php?rest_route=\/wp\/v2\/users\/3"}],"replies":[{"embeddable":true,"href":"https:\/\/diariodominicano.com\/index.php?rest_route=%2Fwp%2Fv2%2Fcomments&post=32133"}],"version-history":[{"count":0,"href":"https:\/\/diariodominicano.com\/index.php?rest_route=\/wp\/v2\/posts\/32133\/revisions"}],"wp:attachment":[{"href":"https:\/\/diariodominicano.com\/index.php?rest_route=%2Fwp%2Fv2%2Fmedia&parent=32133"}],"wp:term":[{"taxonomy":"category","embeddable":true,"href":"https:\/\/diariodominicano.com\/index.php?rest_route=%2Fwp%2Fv2%2Fcategories&post=32133"},{"taxonomy":"post_tag","embeddable":true,"href":"https:\/\/diariodominicano.com\/index.php?rest_route=%2Fwp%2Fv2%2Ftags&post=32133"}],"curies":[{"name":"wp","href":"https:\/\/api.w.org\/{rel}","templated":true}]}}