{"id":32131,"date":"2019-12-02T12:24:45","date_gmt":"2019-12-02T12:24:45","guid":{"rendered":"http:\/\/diariodominicano.ddns.net\/?p=32131"},"modified":"2019-12-02T12:24:45","modified_gmt":"2019-12-02T12:24:45","slug":"el-capitalismo-mata-el-planeta-denuncia-izquierda-europea","status":"publish","type":"post","link":"https:\/\/diariodominicano.com\/?p=32131","title":{"rendered":"El capitalismo mata el planeta, denuncia izquierda europea"},"content":{"rendered":"<p><body><\/p>\n<p><img decoding=\"async\" src=\"img3\/cap1.jpg\" \/>  <\/p>\n<p>Bruselas, 2 dic (Prensa Latina) El capitalismo est\u00e1 matando al planeta, no se trata de cambiar el clima, sino el sistema, denunciaron hoy eurodiputados de izquierda, a prop\u00f3sito de la Conferencia de las Partes de Naciones Unidas sobre Cambio Clim\u00e1tico.<\/p>\n<\/p>\n<p>Para Miguel Urb\u00e1n, del Grupo Confederal de la Izquierda Unitaria Europea\/Izquierda Verde N\u00f3rdica (GUE-NGL), las palabras de orden son movilizar, organizar, educar, protestar, &#8216;porque no hay planeta B&#8217;. Comienza la edici\u00f3n 25 de la Convenci\u00f3n, no podemos soportar m\u00e1s posturas: \u00e1el tiempo se acaba! El futuro de nuestro planeta necesita una acci\u00f3n clim\u00e1tica radical y ambiciosa. Las promesas vac\u00edas y las medidas cosm\u00e9ticas no ser\u00e1n suficientes, agreg\u00f3 el grupo en su cuenta en la red social Twitter.<\/p>\n<\/p>\n<p>Asimismo abog\u00f3 por pol\u00edticas energ\u00e9ticas libres de combustibles f\u00f3siles y poner a las personas y al planeta en el centro de la toma de decisiones.<\/p>\n<\/p>\n<p>&#8216;Si la Comisi\u00f3n Europea est\u00e1 tan comprometida con la lucha contra el cambio clim\u00e1tico, debe proteger la toma de decisiones de la influencia perjudicial de la industria de los combustibles f\u00f3siles&#8217;, indic\u00f3 GUE-NGL.<\/p>\n<\/p>\n<p>El Parlamento Europeo aprob\u00f3 la semana pasada una resoluci\u00f3n que declara la emergencia clim\u00e1tica y ambiental para el viejo continente y todo el mundo.<\/p>\n<\/p>\n<p>El objetivo es alinear todas las propuestas legislativas y presupuestarias para limitar el aumento de las temperaturas a menos de 1,5 grados Celsius, respecto a los niveles preindustriales como establece el Acuerdo de Par\u00eds aprobado en 2015.<\/p>\n<\/p>\n<p>jcm\/lla<\/p>\n<h6> 2019-12-02 12:24:45 <\/h6>\n<p><!--\n<link rel=\"stylesheet\" href=\"css\/bootstrap.min.css\">\n\n\n<ul class=\"pagination\">\n\t    \n\t\n\n<li >\n\t<a href='?page_no=1039'>Previous<\/a>\n\t<\/li>\n\n\n       \n    \n\n<li><a href='?page_no=1'>1<\/a><\/li>\n\n\n\n<li><a href='?page_no=2'>2<\/a><\/li>\n\n\n\n<li><a>...<\/a><\/li>\n\n\n\n<li><a href='?page_no=1038'>1038<\/a><\/li>\n\n\n\n<li><a href='?page_no=1039'>1039<\/a><\/li>\n\n\n\n<li class='active'><a>1040<\/a><\/li>\n\n\n\n<li><a href='?page_no=1041'>1041<\/a><\/li>\n\n\n\n<li><a href='?page_no=1042'>1042<\/a><\/li>\n\n\n\n<li><a>...<\/a><\/li>\n\n\n\n<li><a href='?page_no=1549'>1549<\/a><\/li>\n\n\n\n<li><a href='?page_no=1550'>1550<\/a><\/li>\n\n    \n\t\n\n<li >\n\t<a href='?page_no=1041'>Next<\/a>\n\t<\/li>\n\n\n    \n\n<li><a href='?page_no=1550'>Last &rsaquo;&rsaquo;<\/a><\/li>\n\n<\/ul>\n\n\n--><br \/>\n<\/body><\/p>\n","protected":false},"excerpt":{"rendered":"<p>Bruselas, 2 dic (Prensa Latina) El capitalismo est\u00e1 matando al planeta, no se trata de cambiar el clima, sino el sistema, denunciaron hoy eurodiputados de izquierda, a prop\u00f3sito de la Conferencia de las Partes de Naciones Unidas sobre Cambio Clim\u00e1tico. Para Miguel Urb\u00e1n, del Grupo Confederal de la Izquierda Unitaria Europea\/Izquierda Verde N\u00f3rdica (GUE-NGL), las [&hellip;]<\/p>\n","protected":false},"author":3,"featured_media":0,"comment_status":"open","ping_status":"open","sticky":false,"template":"","format":"standard","meta":{"footnotes":""},"categories":[19],"tags":[],"class_list":["post-32131","post","type-post","status-publish","format-standard","hentry","category-mi-voz"],"_links":{"self":[{"href":"https:\/\/diariodominicano.com\/index.php?rest_route=\/wp\/v2\/posts\/32131","targetHints":{"allow":["GET"]}}],"collection":[{"href":"https:\/\/diariodominicano.com\/index.php?rest_route=\/wp\/v2\/posts"}],"about":[{"href":"https:\/\/diariodominicano.com\/index.php?rest_route=\/wp\/v2\/types\/post"}],"author":[{"embeddable":true,"href":"https:\/\/diariodominicano.com\/index.php?rest_route=\/wp\/v2\/users\/3"}],"replies":[{"embeddable":true,"href":"https:\/\/diariodominicano.com\/index.php?rest_route=%2Fwp%2Fv2%2Fcomments&post=32131"}],"version-history":[{"count":0,"href":"https:\/\/diariodominicano.com\/index.php?rest_route=\/wp\/v2\/posts\/32131\/revisions"}],"wp:attachment":[{"href":"https:\/\/diariodominicano.com\/index.php?rest_route=%2Fwp%2Fv2%2Fmedia&parent=32131"}],"wp:term":[{"taxonomy":"category","embeddable":true,"href":"https:\/\/diariodominicano.com\/index.php?rest_route=%2Fwp%2Fv2%2Fcategories&post=32131"},{"taxonomy":"post_tag","embeddable":true,"href":"https:\/\/diariodominicano.com\/index.php?rest_route=%2Fwp%2Fv2%2Ftags&post=32131"}],"curies":[{"name":"wp","href":"https:\/\/api.w.org\/{rel}","templated":true}]}}