{"id":32129,"date":"2019-12-02T12:26:21","date_gmt":"2019-12-02T12:26:21","guid":{"rendered":"http:\/\/diariodominicano.ddns.net\/?p=32129"},"modified":"2019-12-02T12:26:21","modified_gmt":"2019-12-02T12:26:21","slug":"cerca-de-medio-millon-de-ninos-afectados-por-conflicto-en-ucrania","status":"publish","type":"post","link":"https:\/\/diariodominicano.com\/?p=32129","title":{"rendered":"Cerca de medio mill\u00f3n de ni\u00f1os afectados por conflicto en Ucrania"},"content":{"rendered":"<p><body><\/p>\n<p><img decoding=\"async\" src=\"img3\/ucr1.jpg\" \/>  <\/p>\n<p>Ginebra, 2 dic (Prensa Latina) Un informe del Fondo de las Naciones Unidas para la Infancia (Unicef) revela que unos 430 mil menores en Ucrania viven con secuelas psicol\u00f3gicas, derivadas del conflicto armado en el este del pa\u00eds.<\/p>\n<\/p>\n<p>El trauma emocional de crecer en condiciones de peligro prolongado, provoca que los menores requieran asistencia sicol\u00f3gica permanente, a\u00f1ade el texto.<\/p>\n<\/p>\n<p>Desde el comienzo de la crisis, m\u00e1s de 750 centros de ense\u00f1anza fueron destruidos o da\u00f1ados y solo este a\u00f1o se contabilizan en 36 ataques contra colegios, seg\u00fan el informe.<\/p>\n<\/p>\n<p>Por otra parte dos millones de personas corren el riesgo de morir o sufrir heridas por minas terrestres y restos explosivos de la guerra.<\/p>\n<\/p>\n<p>La directora general de Unicef para Europa y Asia Central, Afshan Khan, declar\u00f3 que la organizaci\u00f3n se compromete a aplicar medidas para garantizar la protecci\u00f3n de los ni\u00f1os y el pleno cumplimiento de la Declaraci\u00f3n sobre Escuelas Seguras.<\/p>\n<\/p>\n<p>El documento es un compromiso pol\u00edtico intergubernamental aprobado durante una conferencia internacional celebrada en Oslo, Noruega, en mayo de 2015.<\/p>\n<\/p>\n<p>Su objetivo es ofrecer apoyo pol\u00edtico para la protecci\u00f3n de los estudiantes, maestros y escuelas durante un conflicto armado y tiene como fundamento la importancia mantener los procesos educativos bajo esas condiciones.<\/p>\n<\/p>\n<p>Los infantes que conoc\u00ed en el este de Ucrania tienen esperanzas y sue\u00f1os, como todos los ni\u00f1os, pero sufrieron mucho, viviendo en un peligro constante durante cinco a\u00f1os, a\u00f1adi\u00f3 Khan en el comunicado.<\/p>\n<\/p>\n<p>Kiev lleva a cabo desde 2014 una operaci\u00f3n contra las milicias en Donb\u00e1s, al este del pa\u00eds, donde se proclamaron las rep\u00fablicas populares de Donetsk y Lugansk.<\/p>\n<\/p>\n<p>Los acuerdos de Minsk, suscritos en una cumbre realizada en febrero de 2015, sentaron las bases para la soluci\u00f3n pol\u00edtica del conflicto, pero a\u00fan no cesa la violencia en este pa\u00eds con un saldo estimado de 13 mil muertos seg\u00fan la Organizaci\u00f3n de Naciones Unidas.<\/p>\n<\/p>\n<p>jcm\/ehl<\/p>\n<h6> 2019-12-02 12:26:21 <\/h6>\n<p><!--\n<link rel=\"stylesheet\" href=\"css\/bootstrap.min.css\">\n\n\n<ul class=\"pagination\">\n\t    \n\t\n\n<li >\n\t<a href='?page_no=1038'>Previous<\/a>\n\t<\/li>\n\n\n       \n    \n\n<li><a href='?page_no=1'>1<\/a><\/li>\n\n\n\n<li><a href='?page_no=2'>2<\/a><\/li>\n\n\n\n<li><a>...<\/a><\/li>\n\n\n\n<li><a href='?page_no=1037'>1037<\/a><\/li>\n\n\n\n<li><a href='?page_no=1038'>1038<\/a><\/li>\n\n\n\n<li class='active'><a>1039<\/a><\/li>\n\n\n\n<li><a href='?page_no=1040'>1040<\/a><\/li>\n\n\n\n<li><a href='?page_no=1041'>1041<\/a><\/li>\n\n\n\n<li><a>...<\/a><\/li>\n\n\n\n<li><a href='?page_no=1549'>1549<\/a><\/li>\n\n\n\n<li><a href='?page_no=1550'>1550<\/a><\/li>\n\n    \n\t\n\n<li >\n\t<a href='?page_no=1040'>Next<\/a>\n\t<\/li>\n\n\n    \n\n<li><a href='?page_no=1550'>Last &rsaquo;&rsaquo;<\/a><\/li>\n\n<\/ul>\n\n\n--><br \/>\n<\/body><\/p>\n","protected":false},"excerpt":{"rendered":"<p>Ginebra, 2 dic (Prensa Latina) Un informe del Fondo de las Naciones Unidas para la Infancia (Unicef) revela que unos 430 mil menores en Ucrania viven con secuelas psicol\u00f3gicas, derivadas del conflicto armado en el este del pa\u00eds. El trauma emocional de crecer en condiciones de peligro prolongado, provoca que los menores requieran asistencia sicol\u00f3gica [&hellip;]<\/p>\n","protected":false},"author":3,"featured_media":0,"comment_status":"open","ping_status":"open","sticky":false,"template":"","format":"standard","meta":{"footnotes":""},"categories":[19],"tags":[],"class_list":["post-32129","post","type-post","status-publish","format-standard","hentry","category-mi-voz"],"_links":{"self":[{"href":"https:\/\/diariodominicano.com\/index.php?rest_route=\/wp\/v2\/posts\/32129","targetHints":{"allow":["GET"]}}],"collection":[{"href":"https:\/\/diariodominicano.com\/index.php?rest_route=\/wp\/v2\/posts"}],"about":[{"href":"https:\/\/diariodominicano.com\/index.php?rest_route=\/wp\/v2\/types\/post"}],"author":[{"embeddable":true,"href":"https:\/\/diariodominicano.com\/index.php?rest_route=\/wp\/v2\/users\/3"}],"replies":[{"embeddable":true,"href":"https:\/\/diariodominicano.com\/index.php?rest_route=%2Fwp%2Fv2%2Fcomments&post=32129"}],"version-history":[{"count":0,"href":"https:\/\/diariodominicano.com\/index.php?rest_route=\/wp\/v2\/posts\/32129\/revisions"}],"wp:attachment":[{"href":"https:\/\/diariodominicano.com\/index.php?rest_route=%2Fwp%2Fv2%2Fmedia&parent=32129"}],"wp:term":[{"taxonomy":"category","embeddable":true,"href":"https:\/\/diariodominicano.com\/index.php?rest_route=%2Fwp%2Fv2%2Fcategories&post=32129"},{"taxonomy":"post_tag","embeddable":true,"href":"https:\/\/diariodominicano.com\/index.php?rest_route=%2Fwp%2Fv2%2Ftags&post=32129"}],"curies":[{"name":"wp","href":"https:\/\/api.w.org\/{rel}","templated":true}]}}