{"id":32128,"date":"2019-12-02T12:32:03","date_gmt":"2019-12-02T12:32:03","guid":{"rendered":"http:\/\/diariodominicano.ddns.net\/?p=32128"},"modified":"2019-12-02T12:32:03","modified_gmt":"2019-12-02T12:32:03","slug":"ue-destina-fondos-para-combatir-ebola-y-desnutricion-en-el-congo","status":"publish","type":"post","link":"https:\/\/diariodominicano.com\/?p=32128","title":{"rendered":"UE destina fondos para combatir \u00e9bola y desnutrici\u00f3n en el Congo"},"content":{"rendered":"<p><body><\/p>\n<p><img decoding=\"async\" src=\"img3\/cong1.jpg\" \/>  <\/p>\n<p>Bruselas, 2 dic (Prensa Latina) La Comisi\u00f3n Europea anunci\u00f3 hoy un presupuesto de 50 millones de euros para ayudar la poblaci\u00f3n vulnerable afectada por el virus del \u00c9bola en la Rep\u00fablica Democr\u00e1tica del Congo, que caus\u00f3 m\u00e1s de dos mil muertos.<\/p>\n<\/p>\n<p>La financiaci\u00f3n responder\u00e1 a las necesidades urgentes y proporcionar\u00e1 apoyo continuo a los congole\u00f1os, incluida la mejora de la seguridad alimentaria y el acceso a servicios de salud de calidad.<\/p>\n<\/p>\n<p>La comisaria de Asociaciones Internacionales, Jutta Urpilainen, explic\u00f3 la decisi\u00f3n de intensificar el apoyo comunitario a ese pa\u00eds ante el agravamiento de la situaci\u00f3n humanitaria.<\/p>\n<\/p>\n<p>&#8216;Debemos permanecer vigilantes y hacer todo lo que est\u00e9 en nuestra mano para acabar con la epidemia de \u00e9bola&#8217;, inst\u00f3, por su parte, el comisario de Gesti\u00f3n de Crisis, Janez Lenarcic.<\/p>\n<\/p>\n<p>Varias agencias de la Organizaci\u00f3n de Naciones Unidas tuvieron que suspender, recientemente, la asistencia humanitaria en el Congo debido al recrudecimiento de la violencia, mientras que las fuertes precipitaciones aumentan la cantidad de casos de c\u00f3lera y el sarampi\u00f3n amenaza la vida de miles de ni\u00f1os menores de cinco a\u00f1os.<\/p>\n<\/p>\n<p>Este brote de \u00e9bola es el segundo mayor en la historia, despu\u00e9s de la epidemia que afect\u00f3 a \u00c1frica occidental entre 2014 y 2016.<\/p>\n<\/p>\n<p>Causante de una enfermedad caracterizada por una fiebre hemorr\u00e1gica muy grave y fulminante, el virus se transmite de persona a persona por los fluidos del cuerpo, el contacto con animales contagiados o la ingesta de su carne.<\/p>\n<\/p>\n<p>mem\/lla<\/p>\n<h6> 2019-12-02 12:32:03 <\/h6>\n<p><!--\n<link rel=\"stylesheet\" href=\"css\/bootstrap.min.css\">\n\n\n<ul class=\"pagination\">\n\t    \n\t\n\n<li >\n\t<a href='?page_no=1037'>Previous<\/a>\n\t<\/li>\n\n\n       \n    \n\n<li><a href='?page_no=1'>1<\/a><\/li>\n\n\n\n<li><a href='?page_no=2'>2<\/a><\/li>\n\n\n\n<li><a>...<\/a><\/li>\n\n\n\n<li><a href='?page_no=1036'>1036<\/a><\/li>\n\n\n\n<li><a href='?page_no=1037'>1037<\/a><\/li>\n\n\n\n<li class='active'><a>1038<\/a><\/li>\n\n\n\n<li><a href='?page_no=1039'>1039<\/a><\/li>\n\n\n\n<li><a href='?page_no=1040'>1040<\/a><\/li>\n\n\n\n<li><a>...<\/a><\/li>\n\n\n\n<li><a href='?page_no=1549'>1549<\/a><\/li>\n\n\n\n<li><a href='?page_no=1550'>1550<\/a><\/li>\n\n    \n\t\n\n<li >\n\t<a href='?page_no=1039'>Next<\/a>\n\t<\/li>\n\n\n    \n\n<li><a href='?page_no=1550'>Last &rsaquo;&rsaquo;<\/a><\/li>\n\n<\/ul>\n\n\n--><br \/>\n<\/body><\/p>\n","protected":false},"excerpt":{"rendered":"<p>Bruselas, 2 dic (Prensa Latina) La Comisi\u00f3n Europea anunci\u00f3 hoy un presupuesto de 50 millones de euros para ayudar la poblaci\u00f3n vulnerable afectada por el virus del \u00c9bola en la Rep\u00fablica Democr\u00e1tica del Congo, que caus\u00f3 m\u00e1s de dos mil muertos. La financiaci\u00f3n responder\u00e1 a las necesidades urgentes y proporcionar\u00e1 apoyo continuo a los congole\u00f1os, [&hellip;]<\/p>\n","protected":false},"author":3,"featured_media":0,"comment_status":"open","ping_status":"open","sticky":false,"template":"","format":"standard","meta":{"footnotes":""},"categories":[19],"tags":[],"class_list":["post-32128","post","type-post","status-publish","format-standard","hentry","category-mi-voz"],"_links":{"self":[{"href":"https:\/\/diariodominicano.com\/index.php?rest_route=\/wp\/v2\/posts\/32128","targetHints":{"allow":["GET"]}}],"collection":[{"href":"https:\/\/diariodominicano.com\/index.php?rest_route=\/wp\/v2\/posts"}],"about":[{"href":"https:\/\/diariodominicano.com\/index.php?rest_route=\/wp\/v2\/types\/post"}],"author":[{"embeddable":true,"href":"https:\/\/diariodominicano.com\/index.php?rest_route=\/wp\/v2\/users\/3"}],"replies":[{"embeddable":true,"href":"https:\/\/diariodominicano.com\/index.php?rest_route=%2Fwp%2Fv2%2Fcomments&post=32128"}],"version-history":[{"count":0,"href":"https:\/\/diariodominicano.com\/index.php?rest_route=\/wp\/v2\/posts\/32128\/revisions"}],"wp:attachment":[{"href":"https:\/\/diariodominicano.com\/index.php?rest_route=%2Fwp%2Fv2%2Fmedia&parent=32128"}],"wp:term":[{"taxonomy":"category","embeddable":true,"href":"https:\/\/diariodominicano.com\/index.php?rest_route=%2Fwp%2Fv2%2Fcategories&post=32128"},{"taxonomy":"post_tag","embeddable":true,"href":"https:\/\/diariodominicano.com\/index.php?rest_route=%2Fwp%2Fv2%2Ftags&post=32128"}],"curies":[{"name":"wp","href":"https:\/\/api.w.org\/{rel}","templated":true}]}}