{"id":32127,"date":"2019-12-03T12:16:04","date_gmt":"2019-12-03T12:16:04","guid":{"rendered":"http:\/\/diariodominicano.ddns.net\/?p=32127"},"modified":"2019-12-03T12:16:04","modified_gmt":"2019-12-03T12:16:04","slug":"llueven-criticas-contra-nuevo-grupo-antiterrorista-en-bolivia","status":"publish","type":"post","link":"https:\/\/diariodominicano.com\/?p=32127","title":{"rendered":"Llueven cr\u00edticas contra nuevo grupo antiterrorista en Bolivia"},"content":{"rendered":"<p><body><\/p>\n<p><img decoding=\"async\" src=\"img3\/boliv111.jpg\" \/>  <\/p>\n<p>La Paz, 3 dic (Prensa Latina) Numerosas voces critican al Gobierno de facto de Bolivia que present\u00f3 hoy al Grupo Antiterrorismo-GAT, conformado por 70 efectivos policiales, en el contexto de la represi\u00f3n contra sectores que rechazan la asonada.<\/p>\n<\/p>\n<p>La nueva estructura de choque fue rechazada en las redes sociales, pr\u00e1cticamente el \u00fanico espacio en Bolivia desde donde se puede ejercer la opini\u00f3n cr\u00edtica al golpismo.<\/p>\n<\/p>\n<p>&#8216;Pues que entre al palacio de gobierno ya!!! Que est\u00e1n ah\u00ed los terroristas de Estado @JeanineAnez @ArturoMurilloS y agarren a los golpistas @Marco_Pumari_A @LuisFerCamachoV&#8217;, escribi\u00f3 el usuario de la red Twiter, BoliviaUnidaContraElGolpe.<\/p>\n<\/p>\n<p>Asimismo, Maximiliano Casta\u00f1\u00f3n cuestion\u00f3: &#8216;Este grupo antiterrorismo va a retirar a la dictadora de Bolivia y reponer al presidente Evo Morales?&#8217;<\/p>\n<\/p>\n<p>&#8216;Terroristas son los golpistas que masacraron a los ind\u00edgenas&#8217;, afirm\u00f3 por su parte la internauta Maitreya.<\/p>\n<\/p>\n<p>La presentaci\u00f3n de ese grupo tiene lugar luego que el Gobierno de la autoproclamada presidenta, Jeanine \u00c1\u00f1ez, denunci\u00f3 este lunes la existencia de un supuesto &#8216;plan de desestabilizaci\u00f3n&#8217; operado desde Venezuela por el Gobierno de Nicol\u00e1s Maduro.<\/p>\n<\/p>\n<p>Seg\u00fan las autoridades de facto en dicho plan est\u00e1n implicados miembros del Movimiento Al Socialismo, en particular Evo Morales y \u00c1lvaro Garc\u00eda Lineras.<\/p>\n<\/p>\n<p>El periodista Marco Teruggi se\u00f1al\u00f3 que ayer el Gobierno interino present\u00f3 la lista de quienes ser\u00e1n perseguidos, con implicaciones nacionales e internacionales y hoy presenta el &#8216;grupo antiterrorismo&#8217;.<\/p>\n<\/p>\n<p>&#8216;Mentira y persecuci\u00f3n, f\u00f3rmula de la dictadura, protegida por complicidad internacional y medi\u00e1tica&#8217;, alert\u00f3.<\/p>\n<\/p>\n<p>El 10 de noviembre pasado el entonces presidente Evo Morales renunci\u00f3 a su cargo bajo presi\u00f3n de altos mandos militares, en medio de un mot\u00edn policial, y manifestaciones de c\u00edvicos que denunciaban un supuesto fraude en las elecciones del 20 de octubre.<\/p>\n<\/p>\n<p>La Organizaci\u00f3n de Estados Americanos (OEA) llev\u00f3 a cabo una auditor\u00eda al proceso comicial y anunci\u00f3 que hubo irregularidades, el detonante del golpe de Estado, sin confirmar hasta la fecha el alegado fraude.<\/p>\n<\/p>\n<p>El diario alternativo El Cohete a la Luna advierte en un an\u00e1lisis que la OEA oculta datos de la auditor\u00eda y que la comparaci\u00f3n entre las actas digitales con las actas de papel, de una muestra tomada al azar ante los observadores internacionales, demostr\u00f3 que no hab\u00eda diferencias significativas.<\/p>\n<\/p>\n<p>&#8216;Es decir, ese proceso de verificaci\u00f3n mostr\u00f3, seg\u00fan las fuentes, que los resultados oficiales difundidos por el Gobierno de Evo Morales eran correctos. Por lo tanto, que el MAS gan\u00f3 las elecciones con diferencia superior al 10 por ciento,&#8217;se\u00f1al\u00f3.<\/p>\n<\/p>\n<p>Desde el golpe de Estado hasta hoy, son recurrentes las denuncias por persecuci\u00f3n pol\u00edtica a l\u00edderes, miembros y simpatizantes del MAS, incluso a algunos los relacionan con supuestas c\u00e9lulas terroristas.<\/p>\n<\/p>\n<p>mgt\/otf<\/p>\n<h6> 2019-12-03 12:16:04 <\/h6>\n<p><!--\n<link rel=\"stylesheet\" href=\"css\/bootstrap.min.css\">\n\n\n<ul class=\"pagination\">\n\t    \n\t\n\n<li >\n\t<a href='?page_no=1036'>Previous<\/a>\n\t<\/li>\n\n\n       \n    \n\n<li><a href='?page_no=1'>1<\/a><\/li>\n\n\n\n<li><a href='?page_no=2'>2<\/a><\/li>\n\n\n\n<li><a>...<\/a><\/li>\n\n\n\n<li><a href='?page_no=1035'>1035<\/a><\/li>\n\n\n\n<li><a href='?page_no=1036'>1036<\/a><\/li>\n\n\n\n<li class='active'><a>1037<\/a><\/li>\n\n\n\n<li><a href='?page_no=1038'>1038<\/a><\/li>\n\n\n\n<li><a href='?page_no=1039'>1039<\/a><\/li>\n\n\n\n<li><a>...<\/a><\/li>\n\n\n\n<li><a href='?page_no=1549'>1549<\/a><\/li>\n\n\n\n<li><a href='?page_no=1550'>1550<\/a><\/li>\n\n    \n\t\n\n<li >\n\t<a href='?page_no=1038'>Next<\/a>\n\t<\/li>\n\n\n    \n\n<li><a href='?page_no=1550'>Last &rsaquo;&rsaquo;<\/a><\/li>\n\n<\/ul>\n\n\n--><br \/>\n<\/body><\/p>\n","protected":false},"excerpt":{"rendered":"<p>La Paz, 3 dic (Prensa Latina) Numerosas voces critican al Gobierno de facto de Bolivia que present\u00f3 hoy al Grupo Antiterrorismo-GAT, conformado por 70 efectivos policiales, en el contexto de la represi\u00f3n contra sectores que rechazan la asonada. La nueva estructura de choque fue rechazada en las redes sociales, pr\u00e1cticamente el \u00fanico espacio en Bolivia [&hellip;]<\/p>\n","protected":false},"author":3,"featured_media":0,"comment_status":"open","ping_status":"open","sticky":false,"template":"","format":"standard","meta":{"footnotes":""},"categories":[19],"tags":[],"class_list":["post-32127","post","type-post","status-publish","format-standard","hentry","category-mi-voz"],"_links":{"self":[{"href":"https:\/\/diariodominicano.com\/index.php?rest_route=\/wp\/v2\/posts\/32127","targetHints":{"allow":["GET"]}}],"collection":[{"href":"https:\/\/diariodominicano.com\/index.php?rest_route=\/wp\/v2\/posts"}],"about":[{"href":"https:\/\/diariodominicano.com\/index.php?rest_route=\/wp\/v2\/types\/post"}],"author":[{"embeddable":true,"href":"https:\/\/diariodominicano.com\/index.php?rest_route=\/wp\/v2\/users\/3"}],"replies":[{"embeddable":true,"href":"https:\/\/diariodominicano.com\/index.php?rest_route=%2Fwp%2Fv2%2Fcomments&post=32127"}],"version-history":[{"count":0,"href":"https:\/\/diariodominicano.com\/index.php?rest_route=\/wp\/v2\/posts\/32127\/revisions"}],"wp:attachment":[{"href":"https:\/\/diariodominicano.com\/index.php?rest_route=%2Fwp%2Fv2%2Fmedia&parent=32127"}],"wp:term":[{"taxonomy":"category","embeddable":true,"href":"https:\/\/diariodominicano.com\/index.php?rest_route=%2Fwp%2Fv2%2Fcategories&post=32127"},{"taxonomy":"post_tag","embeddable":true,"href":"https:\/\/diariodominicano.com\/index.php?rest_route=%2Fwp%2Fv2%2Ftags&post=32127"}],"curies":[{"name":"wp","href":"https:\/\/api.w.org\/{rel}","templated":true}]}}