{"id":32126,"date":"2019-12-03T12:19:53","date_gmt":"2019-12-03T12:19:53","guid":{"rendered":"http:\/\/diariodominicano.ddns.net\/?p=32126"},"modified":"2019-12-03T12:19:53","modified_gmt":"2019-12-03T12:19:53","slug":"jose-mujica-condena-actuacion-de-la-oea-tras-visita-a-evo-morales","status":"publish","type":"post","link":"https:\/\/diariodominicano.com\/?p=32126","title":{"rendered":"Jos\u00e9 Mujica condena actuaci\u00f3n de la OEA tras visita a Evo Morales"},"content":{"rendered":"<p><body><\/p>\n<p><img decoding=\"async\" src=\"img3\/mojic1.jpg\" \/>  <\/p>\n<p>Foto: @evoespueblo M\u00e9xico, 2 dic (Prensa Latina) El expresidente de Uruguay Jos\u00e9 Mujica, de visita en M\u00e9xico, conden\u00f3 hoy la actuaci\u00f3n de la Organizaci\u00f3n de Estados Americanos (OEA) en el golpe de Estado en Bolivia, tras una visita de solidaridad al exmandatario ind\u00edgena Evo Morales.<\/p>\n<\/p>\n<p>En su cuenta @evoespueblo, Morales da cuenta de su reuni\u00f3n con el carism\u00e1tico pol\u00edtico uruguayo quien participa aqu\u00ed en un seminario internacional y fue invitado a los actos por el primer aniversario del gobierno del presidente Andr\u00e9s Manuel L\u00f3pez Obrador.<\/p>\n<\/p>\n<p>Morales expresa en su mensaje que &#8216;recib\u00ed la visita del hermano Pepe Mujica, expresidente de #Uruguay y luchador social incansable por la dignidad de nuestros pueblos. Agradezco su solidaridad con nuestra querida #Bolivia en estos momentos&#8217;.<\/p>\n<\/p>\n<p>Tambi\u00e9n, agreg\u00f3 &#8216;al pueblo mexicano por su infinita solidaridad con #Bolivia y la democracia regional. #M\u00e9xico y su tradici\u00f3n diplom\u00e1tica es para nosotros un ejemplo de humanidad y hermandad&#8217;.<\/p>\n<\/p>\n<p>Sobre su encuentro con Morales, asilado en este pa\u00eds, el expresidente uruguayo coment\u00f3 que &#8216;fui a darle un abrazo. Los que hemos sido presidentes no dejamos de ser humanos y tenemos sentimientos como cualquier hijo de vecino&#8217;.<\/p>\n<\/p>\n<p>Entonces, dijo, &#8216;fui a ver un latinoamericano que est\u00e1 dolorido en un rinc\u00f3n de Mexico&#8217;, expres\u00f3 luego de destacar la tradici\u00f3n de asilo de la naci\u00f3n azteca y manifestar confianza en que Bolivia supere la crisis que enfrenta.<\/p>\n<\/p>\n<p>&#8216;Parece que hubiera una salida m\u00e1s o menos democr\u00e1tica, tal vez no sea lo mejor, pero parecer\u00eda que fuera posible, sobre todo para que Bolivia no se entierre en la intolerancia. Hay gota venosa de racismo en todo esto&#8217;, asever\u00f3 el exmandatario.<\/p>\n<\/p>\n<p>Mujica dijo que el desempe\u00f1o de la OEA, que encabeza su excanciller Luis Almagro, ha sido &#8216;bastante lamentable&#8217;.<\/p>\n<\/p>\n<p>&#8216;Creo que la conducta de la OEA contempor\u00e1nea es bastante lamentable&#8217;, dijo Mujica al responder a una pregunta sobre el proceso en el que Almagro buscar\u00e1 repetir como secretario general del organismo en 2020.<\/p>\n<\/p>\n<p>&#8216;La visi\u00f3n de Am\u00e9rica Latina desde Washington (sede de la OEA) no es la visi\u00f3n de Am\u00e9rica Latina desde nuestro pueblo de ind\u00edgenas, apretados, olvidados, sometidos, pisoteados&#8217;, agreg\u00f3 en la Universidad Iberoamericana de Ciudad de M\u00e9xico, donde recibi\u00f3 un Doctorado Honoris Causa.<\/p>\n<\/p>\n<p>jha\/lma<\/p>\n<h6> 2019-12-03 12:19:53 <\/h6>\n<p><!--\n<link rel=\"stylesheet\" href=\"css\/bootstrap.min.css\">\n\n\n<ul class=\"pagination\">\n\t    \n\t\n\n<li >\n\t<a href='?page_no=1035'>Previous<\/a>\n\t<\/li>\n\n\n       \n    \n\n<li><a href='?page_no=1'>1<\/a><\/li>\n\n\n\n<li><a href='?page_no=2'>2<\/a><\/li>\n\n\n\n<li><a>...<\/a><\/li>\n\n\n\n<li><a href='?page_no=1034'>1034<\/a><\/li>\n\n\n\n<li><a href='?page_no=1035'>1035<\/a><\/li>\n\n\n\n<li class='active'><a>1036<\/a><\/li>\n\n\n\n<li><a href='?page_no=1037'>1037<\/a><\/li>\n\n\n\n<li><a href='?page_no=1038'>1038<\/a><\/li>\n\n\n\n<li><a>...<\/a><\/li>\n\n\n\n<li><a href='?page_no=1549'>1549<\/a><\/li>\n\n\n\n<li><a href='?page_no=1550'>1550<\/a><\/li>\n\n    \n\t\n\n<li >\n\t<a href='?page_no=1037'>Next<\/a>\n\t<\/li>\n\n\n    \n\n<li><a href='?page_no=1550'>Last &rsaquo;&rsaquo;<\/a><\/li>\n\n<\/ul>\n\n\n--><br \/>\n<\/body><\/p>\n","protected":false},"excerpt":{"rendered":"<p>Foto: @evoespueblo M\u00e9xico, 2 dic (Prensa Latina) El expresidente de Uruguay Jos\u00e9 Mujica, de visita en M\u00e9xico, conden\u00f3 hoy la actuaci\u00f3n de la Organizaci\u00f3n de Estados Americanos (OEA) en el golpe de Estado en Bolivia, tras una visita de solidaridad al exmandatario ind\u00edgena Evo Morales. En su cuenta @evoespueblo, Morales da cuenta de su reuni\u00f3n [&hellip;]<\/p>\n","protected":false},"author":3,"featured_media":0,"comment_status":"open","ping_status":"open","sticky":false,"template":"","format":"standard","meta":{"footnotes":""},"categories":[19],"tags":[],"class_list":["post-32126","post","type-post","status-publish","format-standard","hentry","category-mi-voz"],"_links":{"self":[{"href":"https:\/\/diariodominicano.com\/index.php?rest_route=\/wp\/v2\/posts\/32126","targetHints":{"allow":["GET"]}}],"collection":[{"href":"https:\/\/diariodominicano.com\/index.php?rest_route=\/wp\/v2\/posts"}],"about":[{"href":"https:\/\/diariodominicano.com\/index.php?rest_route=\/wp\/v2\/types\/post"}],"author":[{"embeddable":true,"href":"https:\/\/diariodominicano.com\/index.php?rest_route=\/wp\/v2\/users\/3"}],"replies":[{"embeddable":true,"href":"https:\/\/diariodominicano.com\/index.php?rest_route=%2Fwp%2Fv2%2Fcomments&post=32126"}],"version-history":[{"count":0,"href":"https:\/\/diariodominicano.com\/index.php?rest_route=\/wp\/v2\/posts\/32126\/revisions"}],"wp:attachment":[{"href":"https:\/\/diariodominicano.com\/index.php?rest_route=%2Fwp%2Fv2%2Fmedia&parent=32126"}],"wp:term":[{"taxonomy":"category","embeddable":true,"href":"https:\/\/diariodominicano.com\/index.php?rest_route=%2Fwp%2Fv2%2Fcategories&post=32126"},{"taxonomy":"post_tag","embeddable":true,"href":"https:\/\/diariodominicano.com\/index.php?rest_route=%2Fwp%2Fv2%2Ftags&post=32126"}],"curies":[{"name":"wp","href":"https:\/\/api.w.org\/{rel}","templated":true}]}}