{"id":32125,"date":"2019-12-03T12:22:47","date_gmt":"2019-12-03T12:22:47","guid":{"rendered":"http:\/\/diariodominicano.ddns.net\/?p=32125"},"modified":"2019-12-03T12:22:47","modified_gmt":"2019-12-03T12:22:47","slug":"presidente-de-francia-fija-prioridades-para-proteger-la-naturaleza","status":"publish","type":"post","link":"https:\/\/diariodominicano.com\/?p=32125","title":{"rendered":"Presidente de Francia fija prioridades para proteger la naturaleza"},"content":{"rendered":"<p><body><\/p>\n<p><img decoding=\"async\" src=\"img3\/cop1.jpg\" \/>  <\/p>\n<p>Par\u00eds, 3 dic (Prensa Latina) El presidente de Francia, Emmanuel Macron, fij\u00f3 hoy prioridades para proteger la biodiversidad y los oc\u00e9anos ante desaf\u00edos como el cambio clim\u00e1tico.<\/p>\n<\/p>\n<p>Macron escribi\u00f3 alrededor de una decena de tuits para abordar el trabajo de su pa\u00eds, en el contexto de las primeras jornadas en Madrid de la 25 Conferencia de las Partes de la Convenci\u00f3n Marco de Naciones Unidas sobre Cambio Clim\u00e1tico (COP25), foro al que no asisti\u00f3.<\/p>\n<\/p>\n<p>Seg\u00fan el mandatario, una de las acciones en curso es la construcci\u00f3n desde hace meses del primer parque e\u00f3lico marino franc\u00e9s en Saint-Nazaire, mientras que en materia de no emisi\u00f3n de gases de efecto invernadero, destac\u00f3 el compromiso de los armadores galos de reducir la velocidad de los buques de carga a granel.<\/p>\n<\/p>\n<p>Asimismo, se refiri\u00f3 a las medidas previstas para atenuar la contaminaci\u00f3n por pl\u00e1stico de los oc\u00e9anos, con la prohibici\u00f3n del uso de platos y vasos desechables a partir del 1 de enero, sum\u00e1ndose a similar decisi\u00f3n en 2015 con la utilizaci\u00f3n de bolsas de compra.<\/p>\n<\/p>\n<p>&#8216;\u00bfEl ox\u00edgeno que respiramos? El oc\u00e9ano produce m\u00e1s de la mitad. El oc\u00e9ano es nuestro pulm\u00f3n, un pulm\u00f3n que hoy amenaza con ahogarse. Protegerlo es un imperativo al menos tan grande como preservar el Amazonas, nuestro otro pulm\u00f3n&#8217;, subray\u00f3 en su cuenta en la red social Twitter.<\/p>\n<\/p>\n<p>Respecto a la biodiversidad, mencion\u00f3 que Francia &#8216;da el ejemplo con un 24 por ciento de las \u00e1reas marinas protegidas, contra solo el uno por ciento hace 10 a\u00f1os, y la meta de alcanzar un 30 para 2022&#8217;.<\/p>\n<\/p>\n<p>Macron tambi\u00e9n expuso acciones relacionadas con la pesca sostenible y la defensa de los arrecifes coralinos.<\/p>\n<\/p>\n<p>La v\u00edspera, el primer ministro franc\u00e9s, Edouard Philippe, afirm\u00f3 en la jornada inaugural de la COP25 que la batalla contra el cambio clim\u00e1tico puede ganarse con compromisos m\u00e1s ambiciosos y el protagonismo colectivo.<\/p>\n<\/p>\n<p>En una mesa redonda de jefes de Estado y Gobierno, precis\u00f3 que la respuesta al fen\u00f3meno no va todo lo r\u00e1pida que debe, adem\u00e1s de la urgencia de dar motivos de esperanza con medidas concretas.<\/p>\n<\/p>\n<p>Philippe reconoci\u00f3 en declaraciones a la prensa en Madrid que el desaf\u00edo es notable, agravado a\u00fan m\u00e1s por la falta de compromiso de algunos pa\u00edses, a los cuales no mencion\u00f3.<\/p>\n<\/p>\n<p>Vemos eventos naturales cada vez m\u00e1s frecuentes e intensos, una amenaza para los franceses y todos en el mundo, los que desconocen tales se\u00f1ales cometen un profundo error y no act\u00faan al servicio de su gente y de la humanidad, advirti\u00f3 en el foro previsto hasta el 13 de diciembre, que no pudo organizar Chile en medio de un estallido social contra el neoliberalismo.<\/p>\n<\/p>\n<p>mgt\/wmr<\/p>\n<h6> 2019-12-03 12:22:47 <\/h6>\n<p><!--\n<link rel=\"stylesheet\" href=\"css\/bootstrap.min.css\">\n\n\n<ul class=\"pagination\">\n\t    \n\t\n\n<li >\n\t<a href='?page_no=1034'>Previous<\/a>\n\t<\/li>\n\n\n       \n    \n\n<li><a href='?page_no=1'>1<\/a><\/li>\n\n\n\n<li><a href='?page_no=2'>2<\/a><\/li>\n\n\n\n<li><a>...<\/a><\/li>\n\n\n\n<li><a href='?page_no=1033'>1033<\/a><\/li>\n\n\n\n<li><a href='?page_no=1034'>1034<\/a><\/li>\n\n\n\n<li class='active'><a>1035<\/a><\/li>\n\n\n\n<li><a href='?page_no=1036'>1036<\/a><\/li>\n\n\n\n<li><a href='?page_no=1037'>1037<\/a><\/li>\n\n\n\n<li><a>...<\/a><\/li>\n\n\n\n<li><a href='?page_no=1549'>1549<\/a><\/li>\n\n\n\n<li><a href='?page_no=1550'>1550<\/a><\/li>\n\n    \n\t\n\n<li >\n\t<a href='?page_no=1036'>Next<\/a>\n\t<\/li>\n\n\n    \n\n<li><a href='?page_no=1550'>Last &rsaquo;&rsaquo;<\/a><\/li>\n\n<\/ul>\n\n\n--><br \/>\n<\/body><\/p>\n","protected":false},"excerpt":{"rendered":"<p>Par\u00eds, 3 dic (Prensa Latina) El presidente de Francia, Emmanuel Macron, fij\u00f3 hoy prioridades para proteger la biodiversidad y los oc\u00e9anos ante desaf\u00edos como el cambio clim\u00e1tico. Macron escribi\u00f3 alrededor de una decena de tuits para abordar el trabajo de su pa\u00eds, en el contexto de las primeras jornadas en Madrid de la 25 Conferencia [&hellip;]<\/p>\n","protected":false},"author":3,"featured_media":0,"comment_status":"open","ping_status":"open","sticky":false,"template":"","format":"standard","meta":{"footnotes":""},"categories":[19],"tags":[],"class_list":["post-32125","post","type-post","status-publish","format-standard","hentry","category-mi-voz"],"_links":{"self":[{"href":"https:\/\/diariodominicano.com\/index.php?rest_route=\/wp\/v2\/posts\/32125","targetHints":{"allow":["GET"]}}],"collection":[{"href":"https:\/\/diariodominicano.com\/index.php?rest_route=\/wp\/v2\/posts"}],"about":[{"href":"https:\/\/diariodominicano.com\/index.php?rest_route=\/wp\/v2\/types\/post"}],"author":[{"embeddable":true,"href":"https:\/\/diariodominicano.com\/index.php?rest_route=\/wp\/v2\/users\/3"}],"replies":[{"embeddable":true,"href":"https:\/\/diariodominicano.com\/index.php?rest_route=%2Fwp%2Fv2%2Fcomments&post=32125"}],"version-history":[{"count":0,"href":"https:\/\/diariodominicano.com\/index.php?rest_route=\/wp\/v2\/posts\/32125\/revisions"}],"wp:attachment":[{"href":"https:\/\/diariodominicano.com\/index.php?rest_route=%2Fwp%2Fv2%2Fmedia&parent=32125"}],"wp:term":[{"taxonomy":"category","embeddable":true,"href":"https:\/\/diariodominicano.com\/index.php?rest_route=%2Fwp%2Fv2%2Fcategories&post=32125"},{"taxonomy":"post_tag","embeddable":true,"href":"https:\/\/diariodominicano.com\/index.php?rest_route=%2Fwp%2Fv2%2Ftags&post=32125"}],"curies":[{"name":"wp","href":"https:\/\/api.w.org\/{rel}","templated":true}]}}