{"id":32122,"date":"2019-12-03T19:02:07","date_gmt":"2019-12-03T19:02:07","guid":{"rendered":"http:\/\/diariodominicano.ddns.net\/?p=32122"},"modified":"2019-12-03T19:02:07","modified_gmt":"2019-12-03T19:02:07","slug":"derechos-humanosadelanto-o-contramarcha","status":"publish","type":"post","link":"https:\/\/diariodominicano.com\/?p=32122","title":{"rendered":"Derechos humanos:&#13;&#13;\u00bfadelanto o contramarcha?&#13;"},"content":{"rendered":"<p><body><\/p>\n<p><img decoding=\"async\" src=\"img3\/oscar-lopez-reyes.jpg\" \/>  <\/p>\n<\/p>\n<p><strong>         Oscar L\u00f3pez Reyes<\/strong><\/p>\n<\/p>\n<\/p>\n<p>            Tres a\u00f1os despu\u00e9s de terminada la Segunda Guerra Mundial (1945), que liquid\u00f3 a 50 millones de personas, la asamblea general de las Naciones Unidas proclam\u00f3, el 10 de diciembre de 1948, la Declaraci\u00f3n Universal de los Derechos Humanos. En esos 74 a\u00f1os, \u00bfha habido adelanto o contramarcha?<\/p>\n<\/p>\n<\/p>\n<p>            Salir de esa dicotom\u00eda implica, ondulando en la circunferencia latinoamericana, cumplir con deberes y reclamar derechos, cimentados en la igualdad, la dignidad y la justicia, y haciendo un paralelismo entre la d\u00e9cada de 1970 y las primeras del siglo XXI.<\/p>\n<\/p>\n<\/p>\n<p>            Adelanto: surgimiento y redimensi\u00f3n de nuevas prerrogativas  y libertades: derechos de primera generaci\u00f3n: civiles y pol\u00edticos individuales; de segunda: igualdad en las esferas econ\u00f3micas, sociales y culturales; de tercera: colectivos o de solidaridad, y de cuarta generaci\u00f3n: relativos a la era digital y globalizada, como el libre acceso a la informaci\u00f3n y el conocimiento. Para su defensa han sido creados mecanismos supranacionales y locales, como el Defensor del Pueblo.<\/p>\n<\/p>\n<\/p>\n<p>            Contramarcha: estragos del crimen organizado transnacional, la  corrupci\u00f3n, las ejecuciones sumarias, voracidad contra los consumidores y el medio ambiente; confinamientos, torturas y golpizas en cuarteles,  embestidas a macanazos y a tiros en protestas callejeras, interrogatorios con t\u00e9cnicas bestiales, agresiones sexuales, desapariciones forzadas, feminicidios, exclusiones, discriminaciones, represalias, delitos de lesa humanidad, etc.<\/p>\n<p><strong>            \u00bfSe respeta el estado de derecho?<\/strong><\/p>\n<\/p>\n<p>            Un alto porcentaje de los derechos precitados ensortijan con un simple valor enunciativo. Son, parcial o totalmente, disposiciones simb\u00f3licas, por el avasallamiento de la superestructura sist\u00e9mica, que  aplasta las reformas policiales y militares e impone la fuerza como garant\u00eda de la seguridad y el orden p\u00fablico, el predominio del mercado en el Estado neoliberal, la imputabilidad de jerarcas  y las distorsionadas conductas de autoridades.<\/p>\n<\/p>\n<p>En relaci\u00f3n con 1970, se registran m\u00e1s conocimientos, conciencias y reconocimientos, m\u00e1s empoderamiento de la sociedad civil y las mujeres, y m\u00e1s canales de denuncias y reclamos.<\/p>\n<p><strong>            \u00bfQu\u00e9 hacer&#8230;?<\/strong><\/p>\n<\/p>\n<p>L\u00edderes actuales han sido formados en un esquema socio-cultural represivo y machista, y cambiar\u00edan un poquito, por el susto, si son colocados en el espacio m\u00e1s profundo de la tierra, la fosa Ode de las islas Las Marianas,  en el Pac\u00edfico; o en el m\u00e1s bajo de la corteza, el Mar Muerto, entre Israel, Cisjordania y Jordania.<\/p>\n<\/p>\n<p>Las prerrogativas de ni\u00f1os, j\u00f3venes, mujeres y envejecidos ser\u00e1n menos vulnerables con la construcci\u00f3n de  un colectivo nacional, a mediano y largo plazos, fundado en la \u00e9tica y desprendido comprometido con la comunidad.<\/p>\n<\/p>\n<p>Los focos vertebrales son: 1) el n\u00facleo familiar (educaci\u00f3n en valores), 2) el gobierno (democracia retributiva y aplicaci\u00f3n de la Constituci\u00f3n y las leyes); 3) las organizaciones  (ense\u00f1ando nuevos conocimientos y habilidades) para saber pensar, y 4) las personas, forj\u00e1ndose como un capital humano con visi\u00f3n de futuro.<\/p>\n<\/p>\n<p>&#8230;&#8230;&#8230;&#8230;&#8230;&#8230;&#8230;&#8230;&#8230;&#8230;&#8230;&#8230;&#8230;&#8230;<\/p>\n<\/p>\n<p>2 de diciembre de 2019.<\/p>\n<p><strong>Oscar L\u00f3pez Reyes<\/strong><\/p>\n<p><strong>Periodista, escritor y columnista del peri\u00f3dico El Nacional,<\/strong><\/p>\n<p><strong>Director Escuela de Comunicaci\u00f3n Universidad O&amp;M,<\/strong><\/p>\n<p><strong>Ex Presidente del Colegio Dominicano de Periodistas<\/strong><\/p>\n<h6> 2019-12-03 19:02:07 <\/h6>\n<p><!--\n<link rel=\"stylesheet\" href=\"css\/bootstrap.min.css\">\n\n\n<ul class=\"pagination\">\n\t    \n\t\n\n<li >\n\t<a href='?page_no=1031'>Previous<\/a>\n\t<\/li>\n\n\n       \n    \n\n<li><a href='?page_no=1'>1<\/a><\/li>\n\n\n\n<li><a href='?page_no=2'>2<\/a><\/li>\n\n\n\n<li><a>...<\/a><\/li>\n\n\n\n<li><a href='?page_no=1030'>1030<\/a><\/li>\n\n\n\n<li><a href='?page_no=1031'>1031<\/a><\/li>\n\n\n\n<li class='active'><a>1032<\/a><\/li>\n\n\n\n<li><a href='?page_no=1033'>1033<\/a><\/li>\n\n\n\n<li><a href='?page_no=1034'>1034<\/a><\/li>\n\n\n\n<li><a>...<\/a><\/li>\n\n\n\n<li><a href='?page_no=1549'>1549<\/a><\/li>\n\n\n\n<li><a href='?page_no=1550'>1550<\/a><\/li>\n\n    \n\t\n\n<li >\n\t<a href='?page_no=1033'>Next<\/a>\n\t<\/li>\n\n\n    \n\n<li><a href='?page_no=1550'>Last &rsaquo;&rsaquo;<\/a><\/li>\n\n<\/ul>\n\n\n--><br \/>\n<\/body><\/p>\n","protected":false},"excerpt":{"rendered":"<p>Oscar L\u00f3pez Reyes Tres a\u00f1os despu\u00e9s de terminada la Segunda Guerra Mundial (1945), que liquid\u00f3 a 50 millones de personas, la asamblea general de las Naciones Unidas proclam\u00f3, el 10 de diciembre de 1948, la Declaraci\u00f3n Universal de los Derechos Humanos. En esos 74 a\u00f1os, \u00bfha habido adelanto o contramarcha? Salir de esa dicotom\u00eda implica, [&hellip;]<\/p>\n","protected":false},"author":3,"featured_media":0,"comment_status":"open","ping_status":"open","sticky":false,"template":"","format":"standard","meta":{"footnotes":""},"categories":[19],"tags":[],"class_list":["post-32122","post","type-post","status-publish","format-standard","hentry","category-mi-voz"],"_links":{"self":[{"href":"https:\/\/diariodominicano.com\/index.php?rest_route=\/wp\/v2\/posts\/32122","targetHints":{"allow":["GET"]}}],"collection":[{"href":"https:\/\/diariodominicano.com\/index.php?rest_route=\/wp\/v2\/posts"}],"about":[{"href":"https:\/\/diariodominicano.com\/index.php?rest_route=\/wp\/v2\/types\/post"}],"author":[{"embeddable":true,"href":"https:\/\/diariodominicano.com\/index.php?rest_route=\/wp\/v2\/users\/3"}],"replies":[{"embeddable":true,"href":"https:\/\/diariodominicano.com\/index.php?rest_route=%2Fwp%2Fv2%2Fcomments&post=32122"}],"version-history":[{"count":0,"href":"https:\/\/diariodominicano.com\/index.php?rest_route=\/wp\/v2\/posts\/32122\/revisions"}],"wp:attachment":[{"href":"https:\/\/diariodominicano.com\/index.php?rest_route=%2Fwp%2Fv2%2Fmedia&parent=32122"}],"wp:term":[{"taxonomy":"category","embeddable":true,"href":"https:\/\/diariodominicano.com\/index.php?rest_route=%2Fwp%2Fv2%2Fcategories&post=32122"},{"taxonomy":"post_tag","embeddable":true,"href":"https:\/\/diariodominicano.com\/index.php?rest_route=%2Fwp%2Fv2%2Ftags&post=32122"}],"curies":[{"name":"wp","href":"https:\/\/api.w.org\/{rel}","templated":true}]}}