{"id":32121,"date":"2019-12-04T11:37:19","date_gmt":"2019-12-04T11:37:19","guid":{"rendered":"http:\/\/diariodominicano.ddns.net\/?p=32121"},"modified":"2019-12-04T11:37:19","modified_gmt":"2019-12-04T11:37:19","slug":"medios-desempenaron-rol-fundamental-en-golpe-de-estado-en-bolivia","status":"publish","type":"post","link":"https:\/\/diariodominicano.com\/?p=32121","title":{"rendered":"Medios desempe\u00f1aron rol fundamental en golpe de Estado en Bolivia"},"content":{"rendered":"<p><body><\/p>\n<p><img decoding=\"async\" src=\"img3\/boliv01.jpg\" \/>  <\/p>\n<p>Por Wiliam Urquijo Pascual<\/p>\n<\/p>\n<p>Caracas, 4 dic (Prensa Latina) Los medios de prensa desempe\u00f1aron un rol fundamental en la presentaci\u00f3n de una narrativa para justificar y legitimar en golpe de Estado contra Evo Morales en Bolivia, asever\u00f3 hoy el soci\u00f3logo y periodista argentino Marco Teruggi.<\/p>\n<\/p>\n<p>&#8216;El poder de las armas y de la polic\u00eda, si carecen de una ingenier\u00eda que los dote de discurso, palabras y sentido, dif\u00edcilmente logran su objetivo&#8217;, precis\u00f3 Teruggi en declaraciones a Prensa Latina, durante su participaci\u00f3n en el Congreso Internacional de Comunicaci\u00f3n, con escenario en Caracas.<\/p>\n<\/p>\n<p>Cronista desde el terreno de las protestas populares en rechazo al gobierno de facto y en apoyo a Morales -quien renunciara a la presidencia el 10 de noviembre \u00faltimo tras varias semanas de violencia opositora, mot\u00edn policial y la presi\u00f3n del Ej\u00e9rcito-, el destacado analista valor\u00f3 el papel de la prensa en la ruptura del hilo democr\u00e1tico en Bolivia.<\/p>\n<\/p>\n<p>&#8216;Los medios cumplieron varias funciones a la vez, tanto los nacionales como los internacionales; primero entender que el golpe busc\u00f3 presentarse desde el principio como todo lo contrario, por lo tanto necesit\u00f3 construir una narrativa para presentarse a s\u00ed mismo como un retorno a la democracia, un movimiento c\u00edvico&#8217;, precis\u00f3 Teruggi.<\/p>\n<\/p>\n<p>En tal sentido, se\u00f1al\u00f3 que la medi\u00e1tica golpista desempe\u00f1\u00f3 el rol fundamental de presentar la asonada como un hecho democr\u00e1tico, y a Evo Morales como un dictador que incurri\u00f3 en fraude electoral para perpetuarse en el poder.<\/p>\n<\/p>\n<p>Tambi\u00e9n hubo un trabajo fuerte de ocultamiento antes del derrocamiento de Evo Morales; hubo ataques, persecuciones a dirigentes del Movimiento al socialismo, todo eso fue ocultado o presentado bajo formas distorsionadas, explic\u00f3.<\/p>\n<\/p>\n<p>&#8216;Una vez consumado el golpe y tras la autoproclamaci\u00f3n de Jeanine A\u00f1ez, vino la maquinaria comunicacional para justificar cada acci\u00f3n del gobierno de facto, a la vez de crearse un cono de silencio muy fuerte en torno a la resistencia, los asesinatos&#8217;, se\u00f1al\u00f3 Teruggi, corresponsal en Venezuela para Telesur, P\u00e1gina 12, Sputnik, entre otros.<\/p>\n<\/p>\n<p>&#8216;En casos de masacres muy evidentes como las ocurridas en Senkata (El Alto) y Sacaba (Cochabamba) -con decenas de muertos a consecuencia de la represi\u00f3n militar-, los medios los presentan como enfrentamientos o ponen como verdad absoluta los dichos de las autoridades de facto&#8217;, manifest\u00f3.<\/p>\n<\/p>\n<p>&#8216;A esta situaci\u00f3n, s\u00famese que varios medios presentados hasta hace pocas semanas como independientes del gobierno de Evo Morales, de repente pasaron a ser productores del discurso de las autoridades de facto&#8217;, subray\u00f3 Teruggi, quien denunci\u00f3 adem\u00e1s la persecuci\u00f3n desatada contra profesionales de la prensa como parte del cerco informativo.<\/p>\n<\/p>\n<p>En tal sentido, relat\u00f3 que hubo persecuciones abiertas, amenazas por parte de quien fuera designada al frente de la cuesti\u00f3n comunicacional, que acus\u00f3 a los periodistas de hacer sedici\u00f3n, por el solo hecho de transmitir la verdad sobre la ola represiva contra los sectores populares adversos al golpe.<\/p>\n<\/p>\n<p>&#8216;Existe una dimensi\u00f3n p\u00fablica de la persecuci\u00f3n, pero hay otra que sucede sin rendir cuenta; el nivel de impunidad es alt\u00edsimo, el gobierno de facto puede asesinar o perseguir y no hay capacidad de visibilizar eso&#8217;, advirti\u00f3 Teruggi al se\u00f1alar que el \u00fanico espacio comunicacional permitido es aquel dirigido a reproducir el discurso de la dictadura.<\/p>\n<\/p>\n<p>Ante este escenario, el soci\u00f3logo y periodista argentino llam\u00f3 a romper el silencio medi\u00e1tico y mostrar ante la opini\u00f3n p\u00fablica internacional que en Bolivia hubo un golpe de Estado, m\u00e1s all\u00e1 de las maniobras para ocultar esa verdad y tratar de legitimar la ruptura democr\u00e1tica mediante unas elecciones sin garant\u00edas.<\/p>\n<\/p>\n<p>tgj\/wup\/cvl<\/p>\n<h6> 2019-12-04 11:37:19 <\/h6>\n<p><!--\n<link rel=\"stylesheet\" href=\"css\/bootstrap.min.css\">\n\n\n<ul class=\"pagination\">\n\t    \n\t\n\n<li >\n\t<a href='?page_no=1030'>Previous<\/a>\n\t<\/li>\n\n\n       \n    \n\n<li><a href='?page_no=1'>1<\/a><\/li>\n\n\n\n<li><a href='?page_no=2'>2<\/a><\/li>\n\n\n\n<li><a>...<\/a><\/li>\n\n\n\n<li><a href='?page_no=1029'>1029<\/a><\/li>\n\n\n\n<li><a href='?page_no=1030'>1030<\/a><\/li>\n\n\n\n<li class='active'><a>1031<\/a><\/li>\n\n\n\n<li><a href='?page_no=1032'>1032<\/a><\/li>\n\n\n\n<li><a href='?page_no=1033'>1033<\/a><\/li>\n\n\n\n<li><a>...<\/a><\/li>\n\n\n\n<li><a href='?page_no=1549'>1549<\/a><\/li>\n\n\n\n<li><a href='?page_no=1550'>1550<\/a><\/li>\n\n    \n\t\n\n<li >\n\t<a href='?page_no=1032'>Next<\/a>\n\t<\/li>\n\n\n    \n\n<li><a href='?page_no=1550'>Last &rsaquo;&rsaquo;<\/a><\/li>\n\n<\/ul>\n\n\n--><br \/>\n<\/body><\/p>\n","protected":false},"excerpt":{"rendered":"<p>Por Wiliam Urquijo Pascual Caracas, 4 dic (Prensa Latina) Los medios de prensa desempe\u00f1aron un rol fundamental en la presentaci\u00f3n de una narrativa para justificar y legitimar en golpe de Estado contra Evo Morales en Bolivia, asever\u00f3 hoy el soci\u00f3logo y periodista argentino Marco Teruggi. &#8216;El poder de las armas y de la polic\u00eda, si [&hellip;]<\/p>\n","protected":false},"author":3,"featured_media":0,"comment_status":"open","ping_status":"open","sticky":false,"template":"","format":"standard","meta":{"footnotes":""},"categories":[19],"tags":[],"class_list":["post-32121","post","type-post","status-publish","format-standard","hentry","category-mi-voz"],"_links":{"self":[{"href":"https:\/\/diariodominicano.com\/index.php?rest_route=\/wp\/v2\/posts\/32121","targetHints":{"allow":["GET"]}}],"collection":[{"href":"https:\/\/diariodominicano.com\/index.php?rest_route=\/wp\/v2\/posts"}],"about":[{"href":"https:\/\/diariodominicano.com\/index.php?rest_route=\/wp\/v2\/types\/post"}],"author":[{"embeddable":true,"href":"https:\/\/diariodominicano.com\/index.php?rest_route=\/wp\/v2\/users\/3"}],"replies":[{"embeddable":true,"href":"https:\/\/diariodominicano.com\/index.php?rest_route=%2Fwp%2Fv2%2Fcomments&post=32121"}],"version-history":[{"count":0,"href":"https:\/\/diariodominicano.com\/index.php?rest_route=\/wp\/v2\/posts\/32121\/revisions"}],"wp:attachment":[{"href":"https:\/\/diariodominicano.com\/index.php?rest_route=%2Fwp%2Fv2%2Fmedia&parent=32121"}],"wp:term":[{"taxonomy":"category","embeddable":true,"href":"https:\/\/diariodominicano.com\/index.php?rest_route=%2Fwp%2Fv2%2Fcategories&post=32121"},{"taxonomy":"post_tag","embeddable":true,"href":"https:\/\/diariodominicano.com\/index.php?rest_route=%2Fwp%2Fv2%2Ftags&post=32121"}],"curies":[{"name":"wp","href":"https:\/\/api.w.org\/{rel}","templated":true}]}}