{"id":32120,"date":"2019-12-04T11:40:45","date_gmt":"2019-12-04T11:40:45","guid":{"rendered":"http:\/\/diariodominicano.ddns.net\/?p=32120"},"modified":"2019-12-04T11:40:45","modified_gmt":"2019-12-04T11:40:45","slug":"fuerza-nacional-por-proteger-pueblos-indigenas-aislados-en-brasil","status":"publish","type":"post","link":"https:\/\/diariodominicano.com\/?p=32120","title":{"rendered":"Fuerza Nacional por proteger pueblos ind\u00edgenas aislados en Brasil"},"content":{"rendered":"<p><body><\/p>\n<p><img decoding=\"async\" src=\"img3\/bras011.jpg\" \/>  <\/p>\n<p>Brasilia, 4 dic (Prensa Latina) La Fuerza Nacional de Seguridad P\u00fablica de Brasil apoyar\u00e1 a la Fundaci\u00f3n Nacional del Indio (Funai) en sus acciones para garantizar en la Amazonia la integridad de pueblos ind\u00edgenas aislados, seg\u00fan un decreto publicado hoy.<\/p>\n<\/p>\n<p>La edici\u00f3n del Diario Oficial de la Uni\u00f3n indica que los militares permanecer\u00e1n en la regi\u00f3n, que se limita a la tierra nativa Valle del Javari, por 180 d\u00edas desde el 6 de diciembre hasta el 2 de junio de 2020, con posibilidad de extensi\u00f3n.<\/p>\n<\/p>\n<p>Actuar\u00e1n de forma epis\u00f3dica y planificada, y contar\u00e1n con el apoyo log\u00edstico de Funai, que deber\u00e1 contar con la infraestructura necesaria.<\/p>\n<\/p>\n<p>Seg\u00fan la ordenanza, el contingente que se pondr\u00e1 a disposici\u00f3n obedecer\u00e1 a la planificaci\u00f3n definida por el Ministerio de Justicia y Seguridad P\u00fablica.<\/p>\n<\/p>\n<p>Fronteriza con Per\u00fa, la tierra ind\u00edgena del Valle del Javari registra una extensi\u00f3n de 8,5 millones de hect\u00e1reas.<\/p>\n<\/p>\n<p>Se considera el segundo terreno nativo m\u00e1s grande del pa\u00eds, por detr\u00e1s de la Yanomami, en la demarcaci\u00f3n con Venezuela, con 9,6 millones de hect\u00e1reas de extensi\u00f3n.<\/p>\n<\/p>\n<p>Al menos una decena de comunidades oriundas aisladas est\u00e1n en el Valle del Javari, de las 28 confirmadas.<\/p>\n<\/p>\n<p>rgh\/ocs<\/p>\n<h6> 2019-12-04 11:40:45 <\/h6>\n<p><!--\n<link rel=\"stylesheet\" href=\"css\/bootstrap.min.css\">\n\n\n<ul class=\"pagination\">\n\t    \n\t\n\n<li >\n\t<a href='?page_no=1029'>Previous<\/a>\n\t<\/li>\n\n\n       \n    \n\n<li><a href='?page_no=1'>1<\/a><\/li>\n\n\n\n<li><a href='?page_no=2'>2<\/a><\/li>\n\n\n\n<li><a>...<\/a><\/li>\n\n\n\n<li><a href='?page_no=1028'>1028<\/a><\/li>\n\n\n\n<li><a href='?page_no=1029'>1029<\/a><\/li>\n\n\n\n<li class='active'><a>1030<\/a><\/li>\n\n\n\n<li><a href='?page_no=1031'>1031<\/a><\/li>\n\n\n\n<li><a href='?page_no=1032'>1032<\/a><\/li>\n\n\n\n<li><a>...<\/a><\/li>\n\n\n\n<li><a href='?page_no=1549'>1549<\/a><\/li>\n\n\n\n<li><a href='?page_no=1550'>1550<\/a><\/li>\n\n    \n\t\n\n<li >\n\t<a href='?page_no=1031'>Next<\/a>\n\t<\/li>\n\n\n    \n\n<li><a href='?page_no=1550'>Last &rsaquo;&rsaquo;<\/a><\/li>\n\n<\/ul>\n\n\n--><br \/>\n<\/body><\/p>\n","protected":false},"excerpt":{"rendered":"<p>Brasilia, 4 dic (Prensa Latina) La Fuerza Nacional de Seguridad P\u00fablica de Brasil apoyar\u00e1 a la Fundaci\u00f3n Nacional del Indio (Funai) en sus acciones para garantizar en la Amazonia la integridad de pueblos ind\u00edgenas aislados, seg\u00fan un decreto publicado hoy. La edici\u00f3n del Diario Oficial de la Uni\u00f3n indica que los militares permanecer\u00e1n en la [&hellip;]<\/p>\n","protected":false},"author":3,"featured_media":0,"comment_status":"open","ping_status":"open","sticky":false,"template":"","format":"standard","meta":{"footnotes":""},"categories":[19],"tags":[],"class_list":["post-32120","post","type-post","status-publish","format-standard","hentry","category-mi-voz"],"_links":{"self":[{"href":"https:\/\/diariodominicano.com\/index.php?rest_route=\/wp\/v2\/posts\/32120","targetHints":{"allow":["GET"]}}],"collection":[{"href":"https:\/\/diariodominicano.com\/index.php?rest_route=\/wp\/v2\/posts"}],"about":[{"href":"https:\/\/diariodominicano.com\/index.php?rest_route=\/wp\/v2\/types\/post"}],"author":[{"embeddable":true,"href":"https:\/\/diariodominicano.com\/index.php?rest_route=\/wp\/v2\/users\/3"}],"replies":[{"embeddable":true,"href":"https:\/\/diariodominicano.com\/index.php?rest_route=%2Fwp%2Fv2%2Fcomments&post=32120"}],"version-history":[{"count":0,"href":"https:\/\/diariodominicano.com\/index.php?rest_route=\/wp\/v2\/posts\/32120\/revisions"}],"wp:attachment":[{"href":"https:\/\/diariodominicano.com\/index.php?rest_route=%2Fwp%2Fv2%2Fmedia&parent=32120"}],"wp:term":[{"taxonomy":"category","embeddable":true,"href":"https:\/\/diariodominicano.com\/index.php?rest_route=%2Fwp%2Fv2%2Fcategories&post=32120"},{"taxonomy":"post_tag","embeddable":true,"href":"https:\/\/diariodominicano.com\/index.php?rest_route=%2Fwp%2Fv2%2Ftags&post=32120"}],"curies":[{"name":"wp","href":"https:\/\/api.w.org\/{rel}","templated":true}]}}