{"id":32118,"date":"2019-12-04T11:43:06","date_gmt":"2019-12-04T11:43:06","guid":{"rendered":"http:\/\/diariodominicano.ddns.net\/?p=32118"},"modified":"2019-12-04T11:43:06","modified_gmt":"2019-12-04T11:43:06","slug":"cuba-considera-al-tiar-como-grave-amenaza-para-latinoamerica","status":"publish","type":"post","link":"https:\/\/diariodominicano.com\/?p=32118","title":{"rendered":"Cuba considera al TIAR como grave amenaza para Latinoam\u00e9rica"},"content":{"rendered":"<p><body><\/p>\n<p><img decoding=\"async\" src=\"img3\/cub011.jpg\" \/>  <\/p>\n<p>La Habana, 4 dic (Prensa Latina) El presidente de Cuba, Miguel D\u00edaz-Canel, advirti\u00f3 hoy que la utilizaci\u00f3n del Tratado Interamericano de Asistencia Rec\u00edproca (TIAR) es una grave amenaza para Am\u00e9rica Latina.<\/p>\n<\/p>\n<p>En su cuenta de Twitter el mandatario calific\u00f3 al TIAR de &#8216;uno de los peores instrumentos de dominaci\u00f3n de Estados Unidos&#8217;.<\/p>\n<\/p>\n<p>D\u00edaz-Canel alert\u00f3 que se pretende activarlo contra Venezuela como pretexto para justificar la injerencia e intervenci\u00f3n en esa naci\u00f3n sudamericana.<\/p>\n<\/p>\n<p>El TIAR, instrumento adoptado en la Organizaci\u00f3n de Estados Americanos en 1947, sirvi\u00f3 a Estados Unidos para invadIr a pa\u00edses del continente, tal y como ocurri\u00f3 en Rep\u00fablica Dominicana en 1965.<\/p>\n<\/p>\n<p>Desde la OEA, Washington y varios gobiernos de derecha propusieron aplicar el TIAR para derrocar al Gobierno constitucional de Venezuela, que encabeza el presidente Nicol\u00e1s Maduro, a lo cual se han opuesto otros pa\u00edses integrados al organismo panamericano.<\/p>\n<\/p>\n<p>mgt\/ool<\/p>\n<h6> 2019-12-04 11:43:06 <\/h6>\n<p><!--\n<link rel=\"stylesheet\" href=\"css\/bootstrap.min.css\">\n\n\n<ul class=\"pagination\">\n\t    \n\t\n\n<li >\n\t<a href='?page_no=1028'>Previous<\/a>\n\t<\/li>\n\n\n       \n    \n\n<li><a href='?page_no=1'>1<\/a><\/li>\n\n\n\n<li><a href='?page_no=2'>2<\/a><\/li>\n\n\n\n<li><a>...<\/a><\/li>\n\n\n\n<li><a href='?page_no=1027'>1027<\/a><\/li>\n\n\n\n<li><a href='?page_no=1028'>1028<\/a><\/li>\n\n\n\n<li class='active'><a>1029<\/a><\/li>\n\n\n\n<li><a href='?page_no=1030'>1030<\/a><\/li>\n\n\n\n<li><a href='?page_no=1031'>1031<\/a><\/li>\n\n\n\n<li><a>...<\/a><\/li>\n\n\n\n<li><a href='?page_no=1549'>1549<\/a><\/li>\n\n\n\n<li><a href='?page_no=1550'>1550<\/a><\/li>\n\n    \n\t\n\n<li >\n\t<a href='?page_no=1030'>Next<\/a>\n\t<\/li>\n\n\n    \n\n<li><a href='?page_no=1550'>Last &rsaquo;&rsaquo;<\/a><\/li>\n\n<\/ul>\n\n\n--><br \/>\n<\/body><\/p>\n","protected":false},"excerpt":{"rendered":"<p>La Habana, 4 dic (Prensa Latina) El presidente de Cuba, Miguel D\u00edaz-Canel, advirti\u00f3 hoy que la utilizaci\u00f3n del Tratado Interamericano de Asistencia Rec\u00edproca (TIAR) es una grave amenaza para Am\u00e9rica Latina. En su cuenta de Twitter el mandatario calific\u00f3 al TIAR de &#8216;uno de los peores instrumentos de dominaci\u00f3n de Estados Unidos&#8217;. D\u00edaz-Canel alert\u00f3 que [&hellip;]<\/p>\n","protected":false},"author":3,"featured_media":0,"comment_status":"open","ping_status":"open","sticky":false,"template":"","format":"standard","meta":{"footnotes":""},"categories":[19],"tags":[],"class_list":["post-32118","post","type-post","status-publish","format-standard","hentry","category-mi-voz"],"_links":{"self":[{"href":"https:\/\/diariodominicano.com\/index.php?rest_route=\/wp\/v2\/posts\/32118","targetHints":{"allow":["GET"]}}],"collection":[{"href":"https:\/\/diariodominicano.com\/index.php?rest_route=\/wp\/v2\/posts"}],"about":[{"href":"https:\/\/diariodominicano.com\/index.php?rest_route=\/wp\/v2\/types\/post"}],"author":[{"embeddable":true,"href":"https:\/\/diariodominicano.com\/index.php?rest_route=\/wp\/v2\/users\/3"}],"replies":[{"embeddable":true,"href":"https:\/\/diariodominicano.com\/index.php?rest_route=%2Fwp%2Fv2%2Fcomments&post=32118"}],"version-history":[{"count":0,"href":"https:\/\/diariodominicano.com\/index.php?rest_route=\/wp\/v2\/posts\/32118\/revisions"}],"wp:attachment":[{"href":"https:\/\/diariodominicano.com\/index.php?rest_route=%2Fwp%2Fv2%2Fmedia&parent=32118"}],"wp:term":[{"taxonomy":"category","embeddable":true,"href":"https:\/\/diariodominicano.com\/index.php?rest_route=%2Fwp%2Fv2%2Fcategories&post=32118"},{"taxonomy":"post_tag","embeddable":true,"href":"https:\/\/diariodominicano.com\/index.php?rest_route=%2Fwp%2Fv2%2Ftags&post=32118"}],"curies":[{"name":"wp","href":"https:\/\/api.w.org\/{rel}","templated":true}]}}