{"id":32117,"date":"2019-12-04T11:46:46","date_gmt":"2019-12-04T11:46:46","guid":{"rendered":"http:\/\/diariodominicano.ddns.net\/?p=32117"},"modified":"2019-12-04T11:46:46","modified_gmt":"2019-12-04T11:46:46","slug":"mas-de-180-intelectuales-franceses-apoyan-huelga-general","status":"publish","type":"post","link":"https:\/\/diariodominicano.com\/?p=32117","title":{"rendered":"M\u00e1s de 180 intelectuales franceses apoyan huelga general"},"content":{"rendered":"<p><body><\/p>\n<p><img decoding=\"async\" src=\"img3\/franc01.jpg\" \/>  <\/p>\n<p>Par\u00eds, 4 dic (Prensa Latina) M\u00e1s de 180 acad\u00e9micos, escritores y artistas convocaron hoy a la sociedad francesa a secundar la jornada de huelga general, que comenzar\u00e1 en pocas horas, contra el proyecto gubernamental de reforma del sistema de pensiones.<\/p>\n<\/p>\n<p>Entre quienes apoyaron el llamamiento, que trata de frenar &#8216;la ofensiva de un gobierno neoliberal y autoritario&#8217; se hallan el director de cine Robert Guediguian, el economista Thomas Piketty, el fil\u00f3sofo Etienne Balibar y la escritora Annie Ernaux.<\/p>\n<\/p>\n<p>Los firmantes se\u00f1alaron que &#8216;nuestro presente y nuestro futuro surgir\u00e1n de las luchas sociales y pol\u00edticas&#8217; que se enfrentan a &#8216;los dogmas de una econom\u00eda financiarizada que alienta e invita al consumo irracional, inventan alternativas a las desigualdades sociales, raciales y de g\u00e9nero que con demasiada frecuencia se consideran como par\u00e1metros insuperables&#8217;. A\u00f1adieron que &#8216;las luchas plurales que estructuran una gran parte de la sociedad francesa son un punto de partida para la construcci\u00f3n e implementaci\u00f3n de nuevos paradigmas&#8217;, entra los que citaron &#8216;poder vivir en lugar de poder comprar, globalidad frente a globalizaci\u00f3n, justicia social y no la ley del m\u00e1s fuerte, y la emancipaci\u00f3n individual y colectiva frente al \u00e9xito individual&#8217;.<\/p>\n<\/p>\n<p>El documento tambi\u00e9n alent\u00f3 a participar y reflexionar junto a los grupos que trabajan por un futuro de esperanza, continuando la lucha &#8216;este 5 de diciembre y en los d\u00edas que seguir\u00e1n&#8217;, &#8216;porque nuestro futuro est\u00e1 al alcance de nuestras inteligencias colectivas&#8217;.<\/p>\n<\/p>\n<p>mgt\/acm<\/p>\n<h6> 2019-12-04 11:46:46 <\/h6>\n<p><!--\n<link rel=\"stylesheet\" href=\"css\/bootstrap.min.css\">\n\n\n<ul class=\"pagination\">\n\t    \n\t\n\n<li >\n\t<a href='?page_no=1027'>Previous<\/a>\n\t<\/li>\n\n\n       \n    \n\n<li><a href='?page_no=1'>1<\/a><\/li>\n\n\n\n<li><a href='?page_no=2'>2<\/a><\/li>\n\n\n\n<li><a>...<\/a><\/li>\n\n\n\n<li><a href='?page_no=1026'>1026<\/a><\/li>\n\n\n\n<li><a href='?page_no=1027'>1027<\/a><\/li>\n\n\n\n<li class='active'><a>1028<\/a><\/li>\n\n\n\n<li><a href='?page_no=1029'>1029<\/a><\/li>\n\n\n\n<li><a href='?page_no=1030'>1030<\/a><\/li>\n\n\n\n<li><a>...<\/a><\/li>\n\n\n\n<li><a href='?page_no=1549'>1549<\/a><\/li>\n\n\n\n<li><a href='?page_no=1550'>1550<\/a><\/li>\n\n    \n\t\n\n<li >\n\t<a href='?page_no=1029'>Next<\/a>\n\t<\/li>\n\n\n    \n\n<li><a href='?page_no=1550'>Last &rsaquo;&rsaquo;<\/a><\/li>\n\n<\/ul>\n\n\n--><br \/>\n<\/body><\/p>\n","protected":false},"excerpt":{"rendered":"<p>Par\u00eds, 4 dic (Prensa Latina) M\u00e1s de 180 acad\u00e9micos, escritores y artistas convocaron hoy a la sociedad francesa a secundar la jornada de huelga general, que comenzar\u00e1 en pocas horas, contra el proyecto gubernamental de reforma del sistema de pensiones. Entre quienes apoyaron el llamamiento, que trata de frenar &#8216;la ofensiva de un gobierno neoliberal [&hellip;]<\/p>\n","protected":false},"author":3,"featured_media":0,"comment_status":"open","ping_status":"open","sticky":false,"template":"","format":"standard","meta":{"footnotes":""},"categories":[19],"tags":[],"class_list":["post-32117","post","type-post","status-publish","format-standard","hentry","category-mi-voz"],"_links":{"self":[{"href":"https:\/\/diariodominicano.com\/index.php?rest_route=\/wp\/v2\/posts\/32117","targetHints":{"allow":["GET"]}}],"collection":[{"href":"https:\/\/diariodominicano.com\/index.php?rest_route=\/wp\/v2\/posts"}],"about":[{"href":"https:\/\/diariodominicano.com\/index.php?rest_route=\/wp\/v2\/types\/post"}],"author":[{"embeddable":true,"href":"https:\/\/diariodominicano.com\/index.php?rest_route=\/wp\/v2\/users\/3"}],"replies":[{"embeddable":true,"href":"https:\/\/diariodominicano.com\/index.php?rest_route=%2Fwp%2Fv2%2Fcomments&post=32117"}],"version-history":[{"count":0,"href":"https:\/\/diariodominicano.com\/index.php?rest_route=\/wp\/v2\/posts\/32117\/revisions"}],"wp:attachment":[{"href":"https:\/\/diariodominicano.com\/index.php?rest_route=%2Fwp%2Fv2%2Fmedia&parent=32117"}],"wp:term":[{"taxonomy":"category","embeddable":true,"href":"https:\/\/diariodominicano.com\/index.php?rest_route=%2Fwp%2Fv2%2Fcategories&post=32117"},{"taxonomy":"post_tag","embeddable":true,"href":"https:\/\/diariodominicano.com\/index.php?rest_route=%2Fwp%2Fv2%2Ftags&post=32117"}],"curies":[{"name":"wp","href":"https:\/\/api.w.org\/{rel}","templated":true}]}}