{"id":32116,"date":"2019-12-04T11:51:55","date_gmt":"2019-12-04T11:51:55","guid":{"rendered":"http:\/\/diariodominicano.ddns.net\/?p=32116"},"modified":"2019-12-04T11:51:55","modified_gmt":"2019-12-04T11:51:55","slug":"unicef-cataloga-de-abrumador-brote-de-sarampion-en-samoa","status":"publish","type":"post","link":"https:\/\/diariodominicano.com\/?p=32116","title":{"rendered":"Unicef cataloga de abrumador brote de sarampi\u00f3n en Samoa"},"content":{"rendered":"<p><body><\/p>\n<p><img decoding=\"async\" src=\"img3\/unicef1.jpg\" \/>  <\/p>\n<p>Apia, 4 dic (Prensa Latina) El personal del Fondo de las Naciones Unidas para la Infancia (Unicef) que trabaja en Samoa catalog\u00f3 hoy de abrumadora la situaci\u00f3n del pa\u00eds a causa del brote de sarampi\u00f3n.<\/p>\n<\/p>\n<p>&#8216;La situaci\u00f3n es enorme, y los n\u00fameros siguen aumentando, desafortunadamente tenemos ni\u00f1os que todav\u00eda se enferman y siguen ingresados en el hospital&#8217;, declar\u00f3 el representante de Unicef para el oc\u00e9ano Pac\u00edfico, Sheldon Yett.<\/p>\n<\/p>\n<p>Manifest\u00f3 que Samoa es un pa\u00eds peque\u00f1o y que con sus recursos limitados, el brote de sarampi\u00f3n resulta abrumador, pues ya son 60 muertos relacionadas con el sarampi\u00f3n, y los ni\u00f1os representan la mayor\u00eda de los fallecidos.<\/p>\n<\/p>\n<p>Afirm\u00f3 que la enfermedad se extiende r\u00e1pidamente y que el principal desaf\u00edo para el personal es el aumento de los ingresos hospitalarios y brindar a todos el apoyo que necesitan.<\/p>\n<\/p>\n<p>No obstante, asegur\u00f3 que hab\u00eda una respuesta coordinada del Gobierno y otros pa\u00edses como Australia y Nueva Zelanda.<\/p>\n<\/p>\n<p>Confirm\u00f3 que Unicef envi\u00f3 200 mil dosis de la vacuna contra el virus a Samoa y que el Gobierno despleg\u00f3 equipos para garantizar que los m\u00e1s vulnerables fueran vacunados.<\/p>\n<\/p>\n<p>El ejecutivo samoano comenz\u00f3 la vacunaci\u00f3n como la protecci\u00f3n m\u00e1s segura e indic\u00f3 que todos las personas con edades comprendidas entre los seis meses y los 19 a\u00f1os, y todas las mujeres de entre 20 y 35 a\u00f1os, excepto si est\u00e1n embarazadas, ser\u00e1n vacunadas de forma gratuita.<\/p>\n<\/p>\n<p>El sarampi\u00f3n es una enfermedad viral altamente infecciosa que se transmite por contacto con las secreciones respiratorias a trav\u00e9s de la tos y los estornudos.<\/p>\n<\/p>\n<p>Puede provocar complicaciones, como neumon\u00eda y, en casos m\u00e1s raros, da\u00f1o cerebral o incluso la muerte.<\/p>\n<\/p>\n<p>La tasa de infecci\u00f3n es del 90 por ciento, lo que significa que nueve de cada 10 personas no infectadas que entran en contacto con una persona infecciosa contraen la enfermedad.<\/p>\n<\/p>\n<p>mgt\/adr<\/p>\n<h6> 2019-12-04 11:51:55 <\/h6>\n<p><!--\n<link rel=\"stylesheet\" href=\"css\/bootstrap.min.css\">\n\n\n<ul class=\"pagination\">\n\t    \n\t\n\n<li >\n\t<a href='?page_no=1026'>Previous<\/a>\n\t<\/li>\n\n\n       \n    \n\n<li><a href='?page_no=1'>1<\/a><\/li>\n\n\n\n<li><a href='?page_no=2'>2<\/a><\/li>\n\n\n\n<li><a>...<\/a><\/li>\n\n\n\n<li><a href='?page_no=1025'>1025<\/a><\/li>\n\n\n\n<li><a href='?page_no=1026'>1026<\/a><\/li>\n\n\n\n<li class='active'><a>1027<\/a><\/li>\n\n\n\n<li><a href='?page_no=1028'>1028<\/a><\/li>\n\n\n\n<li><a href='?page_no=1029'>1029<\/a><\/li>\n\n\n\n<li><a>...<\/a><\/li>\n\n\n\n<li><a href='?page_no=1549'>1549<\/a><\/li>\n\n\n\n<li><a href='?page_no=1550'>1550<\/a><\/li>\n\n    \n\t\n\n<li >\n\t<a href='?page_no=1028'>Next<\/a>\n\t<\/li>\n\n\n    \n\n<li><a href='?page_no=1550'>Last &rsaquo;&rsaquo;<\/a><\/li>\n\n<\/ul>\n\n\n--><br \/>\n<\/body><\/p>\n","protected":false},"excerpt":{"rendered":"<p>Apia, 4 dic (Prensa Latina) El personal del Fondo de las Naciones Unidas para la Infancia (Unicef) que trabaja en Samoa catalog\u00f3 hoy de abrumadora la situaci\u00f3n del pa\u00eds a causa del brote de sarampi\u00f3n. &#8216;La situaci\u00f3n es enorme, y los n\u00fameros siguen aumentando, desafortunadamente tenemos ni\u00f1os que todav\u00eda se enferman y siguen ingresados en [&hellip;]<\/p>\n","protected":false},"author":3,"featured_media":0,"comment_status":"open","ping_status":"open","sticky":false,"template":"","format":"standard","meta":{"footnotes":""},"categories":[19],"tags":[],"class_list":["post-32116","post","type-post","status-publish","format-standard","hentry","category-mi-voz"],"_links":{"self":[{"href":"https:\/\/diariodominicano.com\/index.php?rest_route=\/wp\/v2\/posts\/32116","targetHints":{"allow":["GET"]}}],"collection":[{"href":"https:\/\/diariodominicano.com\/index.php?rest_route=\/wp\/v2\/posts"}],"about":[{"href":"https:\/\/diariodominicano.com\/index.php?rest_route=\/wp\/v2\/types\/post"}],"author":[{"embeddable":true,"href":"https:\/\/diariodominicano.com\/index.php?rest_route=\/wp\/v2\/users\/3"}],"replies":[{"embeddable":true,"href":"https:\/\/diariodominicano.com\/index.php?rest_route=%2Fwp%2Fv2%2Fcomments&post=32116"}],"version-history":[{"count":0,"href":"https:\/\/diariodominicano.com\/index.php?rest_route=\/wp\/v2\/posts\/32116\/revisions"}],"wp:attachment":[{"href":"https:\/\/diariodominicano.com\/index.php?rest_route=%2Fwp%2Fv2%2Fmedia&parent=32116"}],"wp:term":[{"taxonomy":"category","embeddable":true,"href":"https:\/\/diariodominicano.com\/index.php?rest_route=%2Fwp%2Fv2%2Fcategories&post=32116"},{"taxonomy":"post_tag","embeddable":true,"href":"https:\/\/diariodominicano.com\/index.php?rest_route=%2Fwp%2Fv2%2Ftags&post=32116"}],"curies":[{"name":"wp","href":"https:\/\/api.w.org\/{rel}","templated":true}]}}