{"id":32115,"date":"2019-12-04T12:28:26","date_gmt":"2019-12-04T12:28:26","guid":{"rendered":"http:\/\/diariodominicano.ddns.net\/?p=32115"},"modified":"2019-12-04T12:28:26","modified_gmt":"2019-12-04T12:28:26","slug":"malestar-entre-canadienses-por-prohibicion-migratoria-de-ee-uu","status":"publish","type":"post","link":"https:\/\/diariodominicano.com\/?p=32115","title":{"rendered":"Malestar entre canadienses por prohibici\u00f3n migratoria de EE.UU.&#13;"},"content":{"rendered":"<p><body><\/p>\n<p><img decoding=\"async\" src=\"img3\/mig1.jpg\" \/>  <\/p>\n<p>Ottawa, 4 dic (Prensa Latina) Ciudadanos de Canad\u00e1 manifestaron hoy su malestar por una prohibici\u00f3n de Estados Unidos por cinco a\u00f1os que les impide ingresar a ese pa\u00eds.<\/p>\n<\/p>\n<p>Un informe de CBC News destaca que el n\u00famero de viajeros de Canad\u00e1 que sufrieron de una prohibici\u00f3n a largo plazo al intentar entrar en Estados Unidos casi se duplic\u00f3, seg\u00fan muestran nuevos datos.<\/p>\n<\/p>\n<p>Entre octubre de 2018 y septiembre de 2019 los funcionarios estadounidenses emitieron expulsiones aceleradas -que &#8216;generalmente&#8217; resultan en una prohibici\u00f3n m\u00ednima de cinco a\u00f1os- a 616 viajeros que intentan entrar a su pa\u00eds por tierra desde Canad\u00e1.<\/p>\n<\/p>\n<p>Esto representa un aumento de casi el 100 por ciento en comparaci\u00f3n con los 312 del per\u00edodo de 12 meses anterior, seg\u00fan estad\u00edsticas proporcionadas por el Servicio de Aduanas y Protecci\u00f3n Fronteriza de los Estados Unidos (CBP).<\/p>\n<\/p>\n<p>El abogado de inmigraci\u00f3n Len Saunders dijo que est\u00e1 inundado de llamadas de canadienses, perturbados y confundidos por recibir una prohibici\u00f3n de cinco a\u00f1os.<\/p>\n<\/p>\n<p>Otros profesionales estimaron que creen que la dura postura del presidente de Estados Unidos, Donald Trump, sobre la inmigraci\u00f3n puede estar influyendo en los oficiales fronterizos de su pa\u00eds a lo largo de la frontera norte.<\/p>\n<\/p>\n<p>Los canadienses realizaron 25 millones de viajes de ida y vuelta en veh\u00edculo al pa\u00eds vecino de enero a septiembre de 2019, una disminuci\u00f3n del 3,6 por ciento con respecto al mismo per\u00edodo de 2018.<\/p>\n<\/p>\n<p>Seg\u00fan abogados de los afectados no hay justificaci\u00f3n bajo las leyes de inmigraci\u00f3n para dar una prohibici\u00f3n de cinco a\u00f1os a estos canadienses.<\/p>\n<\/p>\n<p>mgt\/lb<\/p>\n<h6> 2019-12-04 12:28:26 <\/h6>\n<p><!--\n<link rel=\"stylesheet\" href=\"css\/bootstrap.min.css\">\n\n\n<ul class=\"pagination\">\n\t    \n\t\n\n<li >\n\t<a href='?page_no=1025'>Previous<\/a>\n\t<\/li>\n\n\n       \n    \n\n<li><a href='?page_no=1'>1<\/a><\/li>\n\n\n\n<li><a href='?page_no=2'>2<\/a><\/li>\n\n\n\n<li><a>...<\/a><\/li>\n\n\n\n<li><a href='?page_no=1024'>1024<\/a><\/li>\n\n\n\n<li><a href='?page_no=1025'>1025<\/a><\/li>\n\n\n\n<li class='active'><a>1026<\/a><\/li>\n\n\n\n<li><a href='?page_no=1027'>1027<\/a><\/li>\n\n\n\n<li><a href='?page_no=1028'>1028<\/a><\/li>\n\n\n\n<li><a>...<\/a><\/li>\n\n\n\n<li><a href='?page_no=1549'>1549<\/a><\/li>\n\n\n\n<li><a href='?page_no=1550'>1550<\/a><\/li>\n\n    \n\t\n\n<li >\n\t<a href='?page_no=1027'>Next<\/a>\n\t<\/li>\n\n\n    \n\n<li><a href='?page_no=1550'>Last &rsaquo;&rsaquo;<\/a><\/li>\n\n<\/ul>\n\n\n--><br \/>\n<\/body><\/p>\n","protected":false},"excerpt":{"rendered":"<p>Ottawa, 4 dic (Prensa Latina) Ciudadanos de Canad\u00e1 manifestaron hoy su malestar por una prohibici\u00f3n de Estados Unidos por cinco a\u00f1os que les impide ingresar a ese pa\u00eds. Un informe de CBC News destaca que el n\u00famero de viajeros de Canad\u00e1 que sufrieron de una prohibici\u00f3n a largo plazo al intentar entrar en Estados Unidos [&hellip;]<\/p>\n","protected":false},"author":3,"featured_media":0,"comment_status":"open","ping_status":"open","sticky":false,"template":"","format":"standard","meta":{"footnotes":""},"categories":[19],"tags":[],"class_list":["post-32115","post","type-post","status-publish","format-standard","hentry","category-mi-voz"],"_links":{"self":[{"href":"https:\/\/diariodominicano.com\/index.php?rest_route=\/wp\/v2\/posts\/32115","targetHints":{"allow":["GET"]}}],"collection":[{"href":"https:\/\/diariodominicano.com\/index.php?rest_route=\/wp\/v2\/posts"}],"about":[{"href":"https:\/\/diariodominicano.com\/index.php?rest_route=\/wp\/v2\/types\/post"}],"author":[{"embeddable":true,"href":"https:\/\/diariodominicano.com\/index.php?rest_route=\/wp\/v2\/users\/3"}],"replies":[{"embeddable":true,"href":"https:\/\/diariodominicano.com\/index.php?rest_route=%2Fwp%2Fv2%2Fcomments&post=32115"}],"version-history":[{"count":0,"href":"https:\/\/diariodominicano.com\/index.php?rest_route=\/wp\/v2\/posts\/32115\/revisions"}],"wp:attachment":[{"href":"https:\/\/diariodominicano.com\/index.php?rest_route=%2Fwp%2Fv2%2Fmedia&parent=32115"}],"wp:term":[{"taxonomy":"category","embeddable":true,"href":"https:\/\/diariodominicano.com\/index.php?rest_route=%2Fwp%2Fv2%2Fcategories&post=32115"},{"taxonomy":"post_tag","embeddable":true,"href":"https:\/\/diariodominicano.com\/index.php?rest_route=%2Fwp%2Fv2%2Ftags&post=32115"}],"curies":[{"name":"wp","href":"https:\/\/api.w.org\/{rel}","templated":true}]}}