{"id":32113,"date":"2019-12-05T10:09:59","date_gmt":"2019-12-05T10:09:59","guid":{"rendered":"http:\/\/diariodominicano.ddns.net\/?p=32113"},"modified":"2019-12-05T10:09:59","modified_gmt":"2019-12-05T10:09:59","slug":"la-grieta-de-la-falacia","status":"publish","type":"post","link":"https:\/\/diariodominicano.com\/?p=32113","title":{"rendered":"La grieta de la falacia"},"content":{"rendered":"<p><body><\/p>\n<p><img decoding=\"async\" src=\"img3\/chile01.jpg\" \/>  <\/p>\n<p>La grieta de la falacia<\/p>\n<\/p>\n<p>14:06:00      Barometro Latinoamericano      <\/p>\n<\/p>\n<p>Por Jorge Aniceto Molinari:.<\/p>\n<p>Es muy com\u00fan en estos d\u00edas de fines del 2019 o\u00edr hablar o leer sobre que existe una grieta en la sociedad por \u00abel accionar de los partidos pol\u00edticos\u00bb. Entonces surgen los comedidos en solucionar este tipo de problema \u00abcoyuntural\u00bb por la v\u00eda de hablar, de pactar, de ponerse todos de acuerdo en que con buena voluntad esto se soluciona. Chile parecer\u00eda ser el ejemplo m\u00e1s paradigm\u00e1tico y a la vez m\u00e1s preocupante.<\/p>\n<\/p>\n<p>Ergo quien no est\u00e1 a tono con esta m\u00e1xima, se est\u00e1 poniendo fuera del sistema haciendo de su accionar la grieta. Parte de una falacia muy trabajada desde los medios empresariales de difusi\u00f3n, de que el sistema es un hecho de la realidad y no se puede cambiar. Entonces proponer el cambio en beneficio de la gente es anti sistema, y eso nos advierten, el pragmatismo de la vida nos indica que \u00abno se puede\u00bb.<\/p>\n<\/p>\n<p>Ahora se da una primera contradicci\u00f3n, la que indica la consigna del s\u00ed se puede que tiene como objetivo, que si se puede encauzar a todos dentro del sistema.  Tiene a su favor que los que pretendemos defender los intereses generales de la poblaci\u00f3n y en particular los de la poblaci\u00f3n trabajadora, al administrar ?el capitalismo, que es lo que hay para administrar- somos c\u00f3mplices de errores y horrores que r\u00e1pidamente son capitalizados por quienes tienen como objetivo preservar los bienes y las acciones de los sectores privilegiados del capitalismo. Y cuando los errores no existen tienen los medios para crearlos artificialmente y hacerlo pasar como tales. El ejemplo Lula parecer\u00eda ser el m\u00e1s gr\u00e1fico.<\/p>\n<\/p>\n<p>En s\u00edntesis la derecha nos dice \u00absi se puede\u00bb conservar lo que tenemos y no se puede abrir una grieta para hacer de los que no tienen una forma de cuestionar todo el sistema, este sistema es bueno, nos dicen y los errores que el comete son humanos, por eso todo intento de hacer otro sistema ha fracasado, o est\u00e1 fracasando, y esto haciendo caso omiso al proceso que vive el capitalismo en el mundo,  que est\u00e1 haciendo que su centro sea China y su entorno, gobernada por el Partido Comunista y liderando el libre comercio mundial en contraposici\u00f3n a EE.UU. con su econom\u00eda amurallada.<\/p>\n<\/p>\n<p>En este mar de absurdos se nos dice por ejemplo: \u00abpero China es capitalista no es comunista\u00bb, como si hoy todav\u00eda no se entendiera que los modos de producci\u00f3n no son modelos que se adquieren en el comercio del ramo, sino procesos que vive la humanidad en la que los modos de producci\u00f3n, que se suceden a lo largo de la historia, nacen, se desarrollan, llegan al l\u00edmite de su capacidad y comienzan un proceso de desaparici\u00f3n que puede llevar siglos pero que comienza con la necesaria muerte de su predominancia, que es lo que hoy est\u00e1 ocurriendo con el modo de producci\u00f3n capitalista. Y que en China en medio de su crecimiento ?reconocido por todos- ni siquiera ha comenzado, a\u00fan con los \u00edndices formidables que marcan el progreso de su pueblo, y el \u00e9xito de una revoluci\u00f3n socialista que naci\u00f3 en medio de marcas sociales donde normalmente exist\u00edan las hambrunas y el analfabetismo, y enormes carencias sanitarias y habitacionales.<\/p>\n<\/p>\n<p>Ah\u00ed est\u00e1 el origen de la grieta, la necesidad que tiene hoy la humanidad de dar muerte a la predominancia del capitalismo y abordar un programa que permita a la humanidad toda abrir el desarrollo hoy contenido por la incapacidad cada vez m\u00e1s generalizada en la rentabilidad de las inversiones en la predominancia actual del modo de producci\u00f3n del capitalismo. <\/p>\n<\/p>\n<p>O como analizara Carlos Marx, la baja tendencial en la tasa general de ganancia del modo de producci\u00f3n capitalista cuando este predomina y en su expansi\u00f3n abarca todo el planeta. Y como contra partida la acumulaci\u00f3n monstruosa de capitales en los para\u00edsos fiscales sin posibilidades reales de invertirse con rentabilidad. Entonces la v\u00e1lvula de escape: el incremento de la guerra y su industria y de todas las lacras sociales que asolan a la humanidad, lo cual provoca una tragedia a\u00fan mayor.<\/p>\n<\/p>\n<p>Podr\u00edamos abrir todo un cap\u00edtulo de an\u00e1lisis para estudiar c\u00f3mo ha llegado China a la posici\u00f3n actual y como se han dado en su seno las distintas corrientes de pensamiento que han tenido un vasto escenario como en todo el desarrollo de las distintas revoluciones sociales de esta \u00e9poca. Si, llegamos a la conclusi\u00f3n de que ni el propio Lenin hubiera so\u00f1ado con un desarrollo revolucionario como el que lideran los chino encabezando el capitalismo y el libre comercio en el mundo, ya estar\u00eda trabajando en el programa de esta etapa del mundo que se viene y que no tiene como objetivo proponer el desarrollo de una econom\u00eda estatizada, sino liberar la econom\u00eda mundial para que en su desarrollo comience a generalizar los derechos fundamentales de las masas.<\/p>\n<p>Objetivo de masas, tarea primordial en esta \u00e9poca, plenamente realizable, y pudiendo poner a full el aparato productivo de la humanidad.<\/p>\n<\/p>\n<p>\u00bfY entonces por d\u00f3nde empezar?: por la moneda y los impuestos y para ello generar la voluntad pol\u00edtica que tenga como objetivo tomar el Banco Mundial y el Fondo Monetario Internacional para que desde su seno se generen las pol\u00edticas que la humanidad reclama imperiosamente en medio de una grieta que se agranda en forma constante.<\/p>\n<\/p>\n<p>\u00bfExiste otra posibilidad?: NO y las pol\u00edticas de acrecentamiento de la guerra est\u00e1n jugando al borde de una tragedia mayor, que la humanidad tiene herramientas para cambiar de inmediato.<\/p>\n<\/p>\n<p>\u00bfQu\u00e9 nos duele?: la inercia de la sociedad, de sus partidos, de sus intelectuales, que cuando se habla de estos temas parecen entrar en un limbo donde lo que interesa es lo inmediato, el cargo, el negocito, lo individual.<\/p>\n<\/p>\n<p>\u00bfEs posible cambiar esta realidad en el mundo de las ideas? Si, sin duda y los ejemplos se viene dando a diario, pero a\u00fan como expresiones aisladas, y la necesidad no es administrativa es ideol\u00f3gica, y va de una punta a otra de toda la sociedad.<\/p>\n<\/p>\n<p>Un mundo mejor es posible dice la consigna central del Foro Social Mundial. Ese mundo posible no puede ser en contra posici\u00f3n al hoy existe, sino ayudando a la predominancia del modo de producci\u00f3n actual a morir en paz, desarrollando el aparato productivo, que hoy est\u00e1 trabado por el agostamiento de la tasa general de ganancia y la imposibilidad de invertir todos los capitales que se acumulan, con rentabilidad. No se puede repartir y dar de nuevo como se pensaba en los primeros tiempos del cristianismo: el Jubileo.<\/p>\n<\/p>\n<p>sipagola@adinet.com.uy<\/p>\n<\/p>\n<p>analfabetismo, Barometro Latinoamericano, Chile, difusi\u00f3n, empresariales, falacia, hambrunas, medios, poblaci\u00f3n trabajadora, predominancia    <\/p>\n<h6> 2019-12-05 10:09:59 <\/h6>\n<p><!--\n<link rel=\"stylesheet\" href=\"css\/bootstrap.min.css\">\n\n\n<ul class=\"pagination\">\n\t    \n\t\n\n<li >\n\t<a href='?page_no=1023'>Previous<\/a>\n\t<\/li>\n\n\n       \n    \n\n<li><a href='?page_no=1'>1<\/a><\/li>\n\n\n\n<li><a href='?page_no=2'>2<\/a><\/li>\n\n\n\n<li><a>...<\/a><\/li>\n\n\n\n<li><a href='?page_no=1022'>1022<\/a><\/li>\n\n\n\n<li><a href='?page_no=1023'>1023<\/a><\/li>\n\n\n\n<li class='active'><a>1024<\/a><\/li>\n\n\n\n<li><a href='?page_no=1025'>1025<\/a><\/li>\n\n\n\n<li><a href='?page_no=1026'>1026<\/a><\/li>\n\n\n\n<li><a>...<\/a><\/li>\n\n\n\n<li><a href='?page_no=1549'>1549<\/a><\/li>\n\n\n\n<li><a href='?page_no=1550'>1550<\/a><\/li>\n\n    \n\t\n\n<li >\n\t<a href='?page_no=1025'>Next<\/a>\n\t<\/li>\n\n\n    \n\n<li><a href='?page_no=1550'>Last &rsaquo;&rsaquo;<\/a><\/li>\n\n<\/ul>\n\n\n--><br \/>\n<\/body><\/p>\n","protected":false},"excerpt":{"rendered":"<p>La grieta de la falacia 14:06:00 Barometro Latinoamericano Por Jorge Aniceto Molinari:. Es muy com\u00fan en estos d\u00edas de fines del 2019 o\u00edr hablar o leer sobre que existe una grieta en la sociedad por \u00abel accionar de los partidos pol\u00edticos\u00bb. Entonces surgen los comedidos en solucionar este tipo de problema \u00abcoyuntural\u00bb por la v\u00eda [&hellip;]<\/p>\n","protected":false},"author":3,"featured_media":0,"comment_status":"open","ping_status":"open","sticky":false,"template":"","format":"standard","meta":{"footnotes":""},"categories":[19],"tags":[],"class_list":["post-32113","post","type-post","status-publish","format-standard","hentry","category-mi-voz"],"_links":{"self":[{"href":"https:\/\/diariodominicano.com\/index.php?rest_route=\/wp\/v2\/posts\/32113","targetHints":{"allow":["GET"]}}],"collection":[{"href":"https:\/\/diariodominicano.com\/index.php?rest_route=\/wp\/v2\/posts"}],"about":[{"href":"https:\/\/diariodominicano.com\/index.php?rest_route=\/wp\/v2\/types\/post"}],"author":[{"embeddable":true,"href":"https:\/\/diariodominicano.com\/index.php?rest_route=\/wp\/v2\/users\/3"}],"replies":[{"embeddable":true,"href":"https:\/\/diariodominicano.com\/index.php?rest_route=%2Fwp%2Fv2%2Fcomments&post=32113"}],"version-history":[{"count":0,"href":"https:\/\/diariodominicano.com\/index.php?rest_route=\/wp\/v2\/posts\/32113\/revisions"}],"wp:attachment":[{"href":"https:\/\/diariodominicano.com\/index.php?rest_route=%2Fwp%2Fv2%2Fmedia&parent=32113"}],"wp:term":[{"taxonomy":"category","embeddable":true,"href":"https:\/\/diariodominicano.com\/index.php?rest_route=%2Fwp%2Fv2%2Fcategories&post=32113"},{"taxonomy":"post_tag","embeddable":true,"href":"https:\/\/diariodominicano.com\/index.php?rest_route=%2Fwp%2Fv2%2Ftags&post=32113"}],"curies":[{"name":"wp","href":"https:\/\/api.w.org\/{rel}","templated":true}]}}