{"id":32112,"date":"2019-12-05T11:16:04","date_gmt":"2019-12-05T11:16:04","guid":{"rendered":"http:\/\/diariodominicano.ddns.net\/?p=32112"},"modified":"2019-12-05T11:16:04","modified_gmt":"2019-12-05T11:16:04","slug":"evo-morales-destaca-tradicion-diplomatica-de-uruguay","status":"publish","type":"post","link":"https:\/\/diariodominicano.com\/?p=32112","title":{"rendered":"Evo Morales destaca tradici\u00f3n diplom\u00e1tica de Uruguay"},"content":{"rendered":"<p><body><\/p>\n<p><img decoding=\"async\" src=\"img3\/evom111.jpg\" \/>  <\/p>\n<p>M\u00e9xico, 5 dic (Prensa Latina) El expresidente, Evo Morales, salud\u00f3 hoy la tradici\u00f3n diplom\u00e1tica de Uruguay, en su defensa de la institucionalidad al solicitar la activaci\u00f3n de cl\u00e1usula democr\u00e1tica que censura a golpistas que pisotearon la democracia de Bolivia.<\/p>\n<\/p>\n<p>&#8216;La comunidad internacional rechaza la ilegal proclamaci\u00f3n del gobierno de facto&#8217;, subray\u00f3 el l\u00edder boliviano en su cuenta en Twitter.<\/p>\n<\/p>\n<p>La v\u00edspera, en la reuni\u00f3n del Consejo del Mercado Com\u00fan, m\u00e1ximo \u00f3rgano de decisiones del Mercosur, el ministro de Relaciones Exteriores de Uruguay, Rodolfo Nin Novoa, solicit\u00f3 que se inicien los mecanismos previstos en el Protocolo de Ushuaia sobre compromiso democr\u00e1tico y se solicite al gobierno de facto boliviano el m\u00e1ximo respeto a los derechos humanos y el cese de la represi\u00f3n indiscriminada.<\/p>\n<\/p>\n<p>La solicitud tuvo lugar en la LV Reuni\u00f3n del Consejo del Mercosur en Bento Gon\u00e7alvez, en el Estado de R\u00edo Grande do Sul, Brasil.<\/p>\n<\/p>\n<p>Nin Novoa explic\u00f3 en el encuentro la actual situaci\u00f3n que atraviesa el Estado Plurinacional de Bolivia, cuyo presidente constitucional Evo Morales fue obligado a renunciar a su cargo.<\/p>\n<\/p>\n<p>Tal decisi\u00f3n tomada por presi\u00f3n de altos mandos militares de la polic\u00eda, provoc\u00f3 un quiebre institucional que representa una ruptura del orden democr\u00e1tico en los t\u00e9rminos establecidos en el art\u00edculo 3 del &#8216;Protocolo de Ushuaia sobre compromiso democr\u00e1tico en el Mercosur, Bolivia y Chile&#8217;, detall\u00f3.<\/p>\n<\/p>\n<p>El canciller uruguayo solicit\u00f3 a la Presidencia pro tempore que se activen los mecanismos previstos en dicho protocolo, a fin de comenzar las consultas tendientes para analizar las medidas a adoptarse, hasta tanto se restablezca plenamente el orden democr\u00e1tico en Bolivia.<\/p>\n<\/p>\n<p>Adem\u00e1s, dijo que el Mercosur debe exigir a las autoridades de facto bolivianas el pleno respeto por los derechos humanos, el control estricto del uso de la fuerza y el cese de la represi\u00f3n indiscriminada contra la poblaci\u00f3n civil.<\/p>\n<\/p>\n<p>jcm\/otf<\/p>\n<h6> 2019-12-05 11:16:04 <\/h6>\n<p><!--\n<link rel=\"stylesheet\" href=\"css\/bootstrap.min.css\">\n\n\n<ul class=\"pagination\">\n\t    \n\t\n\n<li >\n\t<a href='?page_no=1022'>Previous<\/a>\n\t<\/li>\n\n\n       \n    \n\n<li><a href='?page_no=1'>1<\/a><\/li>\n\n\n\n<li><a href='?page_no=2'>2<\/a><\/li>\n\n\n\n<li><a>...<\/a><\/li>\n\n\n\n<li><a href='?page_no=1021'>1021<\/a><\/li>\n\n\n\n<li><a href='?page_no=1022'>1022<\/a><\/li>\n\n\n\n<li class='active'><a>1023<\/a><\/li>\n\n\n\n<li><a href='?page_no=1024'>1024<\/a><\/li>\n\n\n\n<li><a href='?page_no=1025'>1025<\/a><\/li>\n\n\n\n<li><a>...<\/a><\/li>\n\n\n\n<li><a href='?page_no=1549'>1549<\/a><\/li>\n\n\n\n<li><a href='?page_no=1550'>1550<\/a><\/li>\n\n    \n\t\n\n<li >\n\t<a href='?page_no=1024'>Next<\/a>\n\t<\/li>\n\n\n    \n\n<li><a href='?page_no=1550'>Last &rsaquo;&rsaquo;<\/a><\/li>\n\n<\/ul>\n\n\n--><br \/>\n<\/body><\/p>\n","protected":false},"excerpt":{"rendered":"<p>M\u00e9xico, 5 dic (Prensa Latina) El expresidente, Evo Morales, salud\u00f3 hoy la tradici\u00f3n diplom\u00e1tica de Uruguay, en su defensa de la institucionalidad al solicitar la activaci\u00f3n de cl\u00e1usula democr\u00e1tica que censura a golpistas que pisotearon la democracia de Bolivia. &#8216;La comunidad internacional rechaza la ilegal proclamaci\u00f3n del gobierno de facto&#8217;, subray\u00f3 el l\u00edder boliviano en [&hellip;]<\/p>\n","protected":false},"author":3,"featured_media":0,"comment_status":"open","ping_status":"open","sticky":false,"template":"","format":"standard","meta":{"footnotes":""},"categories":[19],"tags":[],"class_list":["post-32112","post","type-post","status-publish","format-standard","hentry","category-mi-voz"],"_links":{"self":[{"href":"https:\/\/diariodominicano.com\/index.php?rest_route=\/wp\/v2\/posts\/32112","targetHints":{"allow":["GET"]}}],"collection":[{"href":"https:\/\/diariodominicano.com\/index.php?rest_route=\/wp\/v2\/posts"}],"about":[{"href":"https:\/\/diariodominicano.com\/index.php?rest_route=\/wp\/v2\/types\/post"}],"author":[{"embeddable":true,"href":"https:\/\/diariodominicano.com\/index.php?rest_route=\/wp\/v2\/users\/3"}],"replies":[{"embeddable":true,"href":"https:\/\/diariodominicano.com\/index.php?rest_route=%2Fwp%2Fv2%2Fcomments&post=32112"}],"version-history":[{"count":0,"href":"https:\/\/diariodominicano.com\/index.php?rest_route=\/wp\/v2\/posts\/32112\/revisions"}],"wp:attachment":[{"href":"https:\/\/diariodominicano.com\/index.php?rest_route=%2Fwp%2Fv2%2Fmedia&parent=32112"}],"wp:term":[{"taxonomy":"category","embeddable":true,"href":"https:\/\/diariodominicano.com\/index.php?rest_route=%2Fwp%2Fv2%2Fcategories&post=32112"},{"taxonomy":"post_tag","embeddable":true,"href":"https:\/\/diariodominicano.com\/index.php?rest_route=%2Fwp%2Fv2%2Ftags&post=32112"}],"curies":[{"name":"wp","href":"https:\/\/api.w.org\/{rel}","templated":true}]}}