{"id":32110,"date":"2019-12-05T11:21:12","date_gmt":"2019-12-05T11:21:12","guid":{"rendered":"http:\/\/diariodominicano.ddns.net\/?p=32110"},"modified":"2019-12-05T11:21:12","modified_gmt":"2019-12-05T11:21:12","slug":"votaran-acusacion-contra-presidente-de-chile-la-proxima-semana","status":"publish","type":"post","link":"https:\/\/diariodominicano.com\/?p=32110","title":{"rendered":"Votar\u00e1n acusaci\u00f3n contra presidente de Chile la pr\u00f3xima semana"},"content":{"rendered":"<p><body><\/p>\n<p><img decoding=\"async\" src=\"img3\/chile02.jpg\" \/>  <\/p>\n<p>Santiago de Chile, 5 dic (Prensa Latina) El pleno de la C\u00e1mara chilena de diputados votar\u00e1 el jueves pr\u00f3ximo la acusaci\u00f3n constitucional contra del presidente Sebasti\u00e1n Pi\u00f1era por su responsabilidad pol\u00edtica en la represi\u00f3n desmedida contra el movimiento social.<\/p>\n<\/p>\n<p>La v\u00edspera, la defensa del mandatario present\u00f3 ya en la noche el texto con los descargos al secretario de la comisi\u00f3n que revisa la acusaci\u00f3n constitucional.<\/p>\n<\/p>\n<p>En el documento se desestiman los argumentos expuestos en contra de Pi\u00f1era, que con calificados de inadmisibles porque seg\u00fan se alega los hechos que se imputan aun no son investigados y no han sido juzgados.<\/p>\n<\/p>\n<p>La defensa se\u00f1ala tambi\u00e9n que la acusaci\u00f3n constitucional solo puede proceder por actos imputables y no por aquellos que son cometidos por terceras personas.<\/p>\n<\/p>\n<p>Algunos analistas consideran que es poco probable que prospere la acusaci\u00f3n, pues para aprobarla es necesaria la mayor\u00eda absoluta de los diputados en la plenaria y que pase al Senado, donde para destituir al presidente se requiere del voto favorable de dos tercios de los senadores.<\/p>\n<\/p>\n<p>Desde la comisi\u00f3n que analiza la acusaci\u00f3n el diputado del Partido Socialista Jaime Naranjo, advirti\u00f3 que con este proceso se pretende dejar establecido que ning\u00fan Presidente est\u00e1 por sobre la Constituci\u00f3n y la ley.<\/p>\n<\/p>\n<p>El 19 de noviembre \u00faltimo, diputados de varios partidos de oposici\u00f3n presentaron la acusaci\u00f3n constitucional con el argumento de que en el pa\u00eds se violaron los Derechos Humanos de forma generalizada y reiterada en el contexto de las manifestaciones sociales que comenzaron el 18 de octubre.<\/p>\n<\/p>\n<p>Asimismo la comisi\u00f3n parlamentaria ha escuchado numerosos testimonios de v\u00edctimas, organizaciones sociales y de derechos humanos que refuerzan ese planteamiento.<\/p>\n<\/p>\n<p>Esta acusaci\u00f3n contra Pi\u00f1era solo tiene como antecedentes en la historia de Chile los casos de los presidentes Manuel Montt en 1868, la cual fue rechazada; Carlos Ib\u00e1\u00f1ez del Campo en 1931, que fue aprobada pero meses despu\u00e9s que dejara la presidencia, y Arturo Alessandri en 1939, que ni siquiera fue admitida.<\/p>\n<\/p>\n<p>mem\/rc<\/p>\n<h6> 2019-12-05 11:21:12 <\/h6>\n<p><!--\n<link rel=\"stylesheet\" href=\"css\/bootstrap.min.css\">\n\n\n<ul class=\"pagination\">\n\t    \n\t\n\n<li >\n\t<a href='?page_no=1020'>Previous<\/a>\n\t<\/li>\n\n\n       \n    \n\n<li><a href='?page_no=1'>1<\/a><\/li>\n\n\n\n<li><a href='?page_no=2'>2<\/a><\/li>\n\n\n\n<li><a>...<\/a><\/li>\n\n\n\n<li><a href='?page_no=1019'>1019<\/a><\/li>\n\n\n\n<li><a href='?page_no=1020'>1020<\/a><\/li>\n\n\n\n<li class='active'><a>1021<\/a><\/li>\n\n\n\n<li><a href='?page_no=1022'>1022<\/a><\/li>\n\n\n\n<li><a href='?page_no=1023'>1023<\/a><\/li>\n\n\n\n<li><a>...<\/a><\/li>\n\n\n\n<li><a href='?page_no=1549'>1549<\/a><\/li>\n\n\n\n<li><a href='?page_no=1550'>1550<\/a><\/li>\n\n    \n\t\n\n<li >\n\t<a href='?page_no=1022'>Next<\/a>\n\t<\/li>\n\n\n    \n\n<li><a href='?page_no=1550'>Last &rsaquo;&rsaquo;<\/a><\/li>\n\n<\/ul>\n\n\n--><br \/>\n<\/body><\/p>\n","protected":false},"excerpt":{"rendered":"<p>Santiago de Chile, 5 dic (Prensa Latina) El pleno de la C\u00e1mara chilena de diputados votar\u00e1 el jueves pr\u00f3ximo la acusaci\u00f3n constitucional contra del presidente Sebasti\u00e1n Pi\u00f1era por su responsabilidad pol\u00edtica en la represi\u00f3n desmedida contra el movimiento social. La v\u00edspera, la defensa del mandatario present\u00f3 ya en la noche el texto con los descargos [&hellip;]<\/p>\n","protected":false},"author":3,"featured_media":0,"comment_status":"open","ping_status":"open","sticky":false,"template":"","format":"standard","meta":{"footnotes":""},"categories":[19],"tags":[],"class_list":["post-32110","post","type-post","status-publish","format-standard","hentry","category-mi-voz"],"_links":{"self":[{"href":"https:\/\/diariodominicano.com\/index.php?rest_route=\/wp\/v2\/posts\/32110","targetHints":{"allow":["GET"]}}],"collection":[{"href":"https:\/\/diariodominicano.com\/index.php?rest_route=\/wp\/v2\/posts"}],"about":[{"href":"https:\/\/diariodominicano.com\/index.php?rest_route=\/wp\/v2\/types\/post"}],"author":[{"embeddable":true,"href":"https:\/\/diariodominicano.com\/index.php?rest_route=\/wp\/v2\/users\/3"}],"replies":[{"embeddable":true,"href":"https:\/\/diariodominicano.com\/index.php?rest_route=%2Fwp%2Fv2%2Fcomments&post=32110"}],"version-history":[{"count":0,"href":"https:\/\/diariodominicano.com\/index.php?rest_route=\/wp\/v2\/posts\/32110\/revisions"}],"wp:attachment":[{"href":"https:\/\/diariodominicano.com\/index.php?rest_route=%2Fwp%2Fv2%2Fmedia&parent=32110"}],"wp:term":[{"taxonomy":"category","embeddable":true,"href":"https:\/\/diariodominicano.com\/index.php?rest_route=%2Fwp%2Fv2%2Fcategories&post=32110"},{"taxonomy":"post_tag","embeddable":true,"href":"https:\/\/diariodominicano.com\/index.php?rest_route=%2Fwp%2Fv2%2Ftags&post=32110"}],"curies":[{"name":"wp","href":"https:\/\/api.w.org\/{rel}","templated":true}]}}