{"id":32107,"date":"2019-12-05T11:32:23","date_gmt":"2019-12-05T11:32:23","guid":{"rendered":"http:\/\/diariodominicano.ddns.net\/?p=32107"},"modified":"2019-12-05T11:32:23","modified_gmt":"2019-12-05T11:32:23","slug":"sesiona-en-cuba-taller-por-dia-mundial-del-suelo","status":"publish","type":"post","link":"https:\/\/diariodominicano.com\/?p=32107","title":{"rendered":"Sesiona en Cuba taller por D\u00eda Mundial del Suelo"},"content":{"rendered":"<p><body><\/p>\n<p><img decoding=\"async\" src=\"img3\/dms1.jpg\" \/>  <\/p>\n<p>La Habana, 5 dic ( Prensa Latina) Cuba celebra hoy aqu\u00ed el D\u00eda Internacional del Suelo, que se cumple cada 5 de diciembre, con la realizaci\u00f3n de un taller sobre la erosi\u00f3n en esta isla caribe\u00f1a de ese recurso fundamental.<\/p>\n<\/p>\n<p>El encuentro, que se efect\u00faa en el Ministerio de Agricultura ( Minag), comprende, adem\u00e1s, el establecimiento de la Alianza Nacional por el Suelo de Cuba, a cargo del jefe de de Suelos y Fertilizantes de ese organismo, Dagoberto Rodr\u00edguez.<\/p>\n<\/p>\n<p>Esta actividad comprende la selecci\u00f3n y constituci\u00f3n del secretariado y el comit\u00e9 directivo de lal Alianza, y la determinaci\u00f3n de sus funciones y tareas.<\/p>\n<\/p>\n<p>En el taller se celebra el D\u00eda Mundial del Suelo 2019, que tiene en esta ocasi\u00f3n como lema de la campa\u00f1a :Detengamos la erosi\u00f3n del suelo.<\/p>\n<\/p>\n<p>El objetivo de esa celebraci\u00f3n es &#8216;concientizar sobre la importancia de mantener ecosistemas saludables y el bienestar humano, abordando los desaf\u00edos crecientes en la gesti\u00f3n del suelo&#8217;.<\/p>\n<\/p>\n<p>Seg\u00fan la Organizaci\u00f3n de Naciones Unidas para la Alimentaci\u00f3n y la Agricultura (FAO), los suelos son esenciales para la vida en la Tierra, pues de ellos proviene el 95 por ciento de los alimentos.<\/p>\n<\/p>\n<p>Agrega la FAO que ese recurso se encuentra en constante riesgo ante su progresiva erosi\u00f3n, lo cual pone en peligro la tierra productiva al eliminar la capa superior del suelo altamente f\u00e9rtil.<\/p>\n<\/p>\n<p>Participan en el taller funcionarios del Minag y de otros organismos e instituciones relacionados con esta esfera.<\/p>\n<\/p>\n<p>mgt\/rs<\/p>\n<h6> 2019-12-05 11:32:23 <\/h6>\n<p><!--\n<link rel=\"stylesheet\" href=\"css\/bootstrap.min.css\">\n\n\n<ul class=\"pagination\">\n\t    \n\t\n\n<li >\n\t<a href='?page_no=1018'>Previous<\/a>\n\t<\/li>\n\n\n       \n    \n\n<li><a href='?page_no=1'>1<\/a><\/li>\n\n\n\n<li><a href='?page_no=2'>2<\/a><\/li>\n\n\n\n<li><a>...<\/a><\/li>\n\n\n\n<li><a href='?page_no=1017'>1017<\/a><\/li>\n\n\n\n<li><a href='?page_no=1018'>1018<\/a><\/li>\n\n\n\n<li class='active'><a>1019<\/a><\/li>\n\n\n\n<li><a href='?page_no=1020'>1020<\/a><\/li>\n\n\n\n<li><a href='?page_no=1021'>1021<\/a><\/li>\n\n\n\n<li><a>...<\/a><\/li>\n\n\n\n<li><a href='?page_no=1549'>1549<\/a><\/li>\n\n\n\n<li><a href='?page_no=1550'>1550<\/a><\/li>\n\n    \n\t\n\n<li >\n\t<a href='?page_no=1020'>Next<\/a>\n\t<\/li>\n\n\n    \n\n<li><a href='?page_no=1550'>Last &rsaquo;&rsaquo;<\/a><\/li>\n\n<\/ul>\n\n\n--><br \/>\n<\/body><\/p>\n","protected":false},"excerpt":{"rendered":"<p>La Habana, 5 dic ( Prensa Latina) Cuba celebra hoy aqu\u00ed el D\u00eda Internacional del Suelo, que se cumple cada 5 de diciembre, con la realizaci\u00f3n de un taller sobre la erosi\u00f3n en esta isla caribe\u00f1a de ese recurso fundamental. El encuentro, que se efect\u00faa en el Ministerio de Agricultura ( Minag), comprende, adem\u00e1s, el [&hellip;]<\/p>\n","protected":false},"author":3,"featured_media":0,"comment_status":"open","ping_status":"open","sticky":false,"template":"","format":"standard","meta":{"footnotes":""},"categories":[19],"tags":[],"class_list":["post-32107","post","type-post","status-publish","format-standard","hentry","category-mi-voz"],"_links":{"self":[{"href":"https:\/\/diariodominicano.com\/index.php?rest_route=\/wp\/v2\/posts\/32107","targetHints":{"allow":["GET"]}}],"collection":[{"href":"https:\/\/diariodominicano.com\/index.php?rest_route=\/wp\/v2\/posts"}],"about":[{"href":"https:\/\/diariodominicano.com\/index.php?rest_route=\/wp\/v2\/types\/post"}],"author":[{"embeddable":true,"href":"https:\/\/diariodominicano.com\/index.php?rest_route=\/wp\/v2\/users\/3"}],"replies":[{"embeddable":true,"href":"https:\/\/diariodominicano.com\/index.php?rest_route=%2Fwp%2Fv2%2Fcomments&post=32107"}],"version-history":[{"count":0,"href":"https:\/\/diariodominicano.com\/index.php?rest_route=\/wp\/v2\/posts\/32107\/revisions"}],"wp:attachment":[{"href":"https:\/\/diariodominicano.com\/index.php?rest_route=%2Fwp%2Fv2%2Fmedia&parent=32107"}],"wp:term":[{"taxonomy":"category","embeddable":true,"href":"https:\/\/diariodominicano.com\/index.php?rest_route=%2Fwp%2Fv2%2Fcategories&post=32107"},{"taxonomy":"post_tag","embeddable":true,"href":"https:\/\/diariodominicano.com\/index.php?rest_route=%2Fwp%2Fv2%2Ftags&post=32107"}],"curies":[{"name":"wp","href":"https:\/\/api.w.org\/{rel}","templated":true}]}}