{"id":32105,"date":"2019-12-05T19:46:24","date_gmt":"2019-12-05T19:46:24","guid":{"rendered":"http:\/\/diariodominicano.ddns.net\/?p=32105"},"modified":"2019-12-05T19:46:24","modified_gmt":"2019-12-05T19:46:24","slug":"estallido-social-en-chile-radiografia-y-diagnostico-del-desastre","status":"publish","type":"post","link":"https:\/\/diariodominicano.com\/?p=32105","title":{"rendered":"\u00abEstallido Social\u00bb en Chile: radiograf\u00eda y diagn\u00f3stico del desastre"},"content":{"rendered":"<p><body><\/p>\n<p><img decoding=\"async\" src=\"img3\/barricada.jpg\" \/>  <\/p>\n<p><strong>Diariodominicano.com<\/strong><\/p>\n<\/p>\n<\/p>\n<p><strong>Por: N\u00edkolas Stolpkin<\/strong><\/p>\n<\/p>\n<\/p>\n<p><strong>Introducci\u00f3n<\/strong><\/p>\n<\/p>\n<\/p>\n<p>\u00bfCu\u00e1les fueron las causas que llevaron al denominado \u00abestallido social\u00bb? \u00bfC\u00f3mo entender todo esto? \u00bfQu\u00e9 se hizo mal? \u00bfC\u00f3mo pudimos pasar de una aparente paz social (\u00aboasis\u00bb) a una convulsi\u00f3n social como la actual? \u00bfCu\u00e1les ser\u00e1n las consecuencias a futuro? \u00bfC\u00f3mo solucionar la crisis? Son preguntas que debemos tratar de responder.<\/p>\n<\/p>\n<\/p>\n<p>Primero aclarar que no estamos ante ning\u00fan movimiento revolucionario. Estamos m\u00e1s bien frente a un movimiento social-pulsional (m\u00e1s pulsional que social), ac\u00e9falo, apol\u00edtico, carente de una direcci\u00f3n o ideolog\u00eda alguna; un movimiento que desea \u00abcambios profundos\u00bb o \u00abestructurales\u00bb, pero que no persigue ninguna toma del poder, ni mucho menos cambiar una formaci\u00f3n socioecon\u00f3mica por otra. <\/p>\n<\/p>\n<\/p>\n<p>Tampoco estamos hablando de una crisis econ\u00f3mica -crisis econ\u00f3mica es lo que habr\u00e1 de resultar de todo esto. Podr\u00edamos hablar m\u00e1s de una crisis del modelo neoliberal, crisis del Estado, crisis de confianza, crisis de la autoridad, de la gobernabilidad o bien podr\u00edamos estar ante una crisis de la propia democracia, resultado de tener un Estado d\u00e9bil que ha sido conducido por un mal camino.<\/p>\n<\/p>\n<\/p>\n<p>M\u00e1s que un despertar, debemos ver la presente crisis como un renacer social (Chile no despert\u00f3, ha vuelto a nacer). Chile siempre estuvo consciente de los abusos y las desigualdades, desde su propia individualidad. La diferencia ahora es que esa individualidad pas\u00f3 a lo general. Lo que debiera empujarla a organizar y controlar su rabia para pasar a ser una fuerza social con estabilidad. <\/p>\n<\/p>\n<\/p>\n<p>La violencia actual, emocional-irracional, \u00fanicamente podr\u00eda ganar adeptos para engrosar una fuerza inestable. Y si queremos verdaderos cambios, se requerir\u00eda necesariamente de una fuerza social estable y que tenga solidez pol\u00edtica -lo que no tiene. \u00bfQu\u00e9 futuro o confianza podr\u00eda generar una fuerza inestable? \u00bfQu\u00e9 tipo de adeptos o simpat\u00eda podr\u00eda generar una masa emocional-irracional que no tiene ning\u00fan respeto por las creencias de las personas o que no tiene respeto hacia los propios ciudadanos?<\/p>\n<\/p>\n<\/p>\n<p>La culpa de esta crisis tampoco ha sido del presidente Sebastian Pi\u00f1era. Pudo haber pasado con cualquier otro mandatario o gobierno. La pregunta que debemos hacernos es por qu\u00e9 no explot\u00f3 antes o por qu\u00e9 se aguant\u00f3 tanto.<\/p>\n<\/p>\n<\/p>\n<p>\u00bfQu\u00e9 est\u00e1 fallando? \u00bfHa caducado el modelo neoliberal? \u00bfHa caducado la democracia en Am\u00e9rica? \u00bfHa sido un error debilitar al Estado bajo un modelo neoliberal? \u00bfEl Neoliberalismo se ha convertido en el c\u00e1ncer de nuestras democracias?<\/p>\n<\/p>\n<\/p>\n<\/p>\n<p><strong>\u00bfFrente qui\u00e9n estamos?<\/strong><\/p>\n<\/p>\n<\/p>\n<p>La actual crisis la ha protagonizado una generaci\u00f3n, particularmente de clase media (la \u00abgeneraci\u00f3n de los pa\u00f1ales desechables\u00bb, tal como se\u00f1alara el sacerdote jesuita Felipe Berr\u00edos), que ha venido creciendo en la cultura de la inmediatez, creyendo que levantando la voz y saliendo a la calle, tendr\u00e1 prontamente respuestas favorables e inmediatas a sus demandas.<\/p>\n<\/p>\n<\/p>\n<p>Carlos Pe\u00f1a, rector de la Universidad Diego Portales (UDP), desde un principio la ha descrito muy bien: una generaci\u00f3n que \u00ababriga la convicci\u00f3n que basta tener la certeza subjetiva acerca de la justicia de una causa para que entonces esa causa adquiera validez general\u00bb. \u00ab(&#8230;) Estamos ante una generaci\u00f3n que cree que la mera subjetividad es garant\u00eda suficiente de la verdad o la correcci\u00f3n de lo que uno cree o de lo que uno piensa\u00bb.<\/p>\n<\/p>\n<\/p>\n<p>Tambi\u00e9n debemos reconocer que, de un tiempo a esta parte hemos sido testigos de c\u00f3mo una \u00e9lite pol\u00edtica, personajes influyentes junto a Medios de Comunicaci\u00f3n han venido mimando a esa generaci\u00f3n (\u00abmillennials\u00bb), en particular a ciertas minor\u00edas, dentro de esa \u00abinmediatez\u00bb, trabajando con entusiasmo para satisfacer a ciertos grupos y dejando de lado ciertos problemas que podr\u00edan aquejar a cierta mayor\u00eda.<\/p>\n<\/p>\n<\/p>\n<p>Estamos hablando, adem\u00e1s, de un movimiento \u00abalaraco\u00bb (exagerado), que ha crecido sin miedo, sin dictadura, satisfecha tanto en lo material como en el aspecto alimentario; que ha crecido con un celular en la mano, que el s\u00f3lo hecho de haber sacado en un principio a los militares saltan como locos como si estuvieran viviendo en vivo el golpe militar de 1973 con muertos, detenidos desaparecidos, torturados, centros de tortura, etc. Juegan como si estuvieran en una real dictadura -y a\u00fan despu\u00e9s de haber sacado a los militares-; juegan a que son \u00abrevolucionarios\u00bb valientes frente al actuar tibio de las fuerzas coercitivas. <\/p>\n<\/p>\n<\/p>\n<p>Tambi\u00e9n ha tenido la particularidad de no hacerse cargo de nada desde un principio. Tanto los manifestantes como ciertos sectores de la oposici\u00f3n, parecieran no hacerse cargo de nada. Primero sol\u00edan hacer g\u00e1rgaras con las marchas \u00abpac\u00edficas\u00bb y la \u00abno violencia\u00bb; \u00abel derecho a vivir en paz\u00bb, \u00abhasta que la dignidad se haga costumbre\u00bb&#8230; Estalla la violencia y buscan por cualquier modo justificar la violencia. Todo acto v\u00e1ndalo o agresi\u00f3n a las fuerzas del orden para ellos suele ser un \u00abtongo\u00bb, un \u00abmontaje\u00bb o un acto de \u00abjusticia\u00bb. Pero si se prueba lo contrario, todo suele ser un chiste, un \u00abcaso aislado\u00bb o un acto digno de jolgorio. <\/p>\n<\/p>\n<\/p>\n<p>Si existen saqueos o incendios al comercio, sin ning\u00fan registro visual, todo es un \u00abmontaje\u00bb, son \u00abinfiltrados\u00bb. Pero si se prueba lo contrario, todo es un acto de \u00abjusticia\u00bb o bien una \u00abirresponsabilidad\u00bb de las fuerzas del orden. Lo que tampoco nos debe empujar a obviar ciertos hechos, ya registrados, cuando los militares en su momento habr\u00edan organizado saqueos \u00abautorizados por los due\u00f1os\u00bb; o carabineros que supuestamente habr\u00edan fabricado barricadas fantasmas como si de un escenario de teatro se tratara.<\/p>\n<\/p>\n<\/p>\n<p>Pero aparte de ser una generaci\u00f3n \u00abalaraca\u00bb, mimada, satisfecha tanto en lo material como alimentario, sin hacerse cargo de nada, es una generaci\u00f3n que, tal como se\u00f1alara Carlos Pe\u00f1a: <\/p>\n<\/p>\n<\/p>\n<p>\u00ab(&#8230;) est\u00e1n hu\u00e9rfanas de orientaci\u00f3n (aunque no de aplausos de algunos viejos que compensan as\u00ed la deuda de su propio pasado). Y as\u00ed carentes de orientaci\u00f3n ideol\u00f3gica, quedan presas de sus pulsiones\u00bb.<\/p>\n<\/p>\n<\/p>\n<p>\u00ab(&#8230;) no estamos en presencia de un movimiento social o ciudadano, con una agenda clara, ideol\u00f3gicamente orientada en contra del tipo de modernizaci\u00f3n de Chile. \u00a1Por favor! \u00a1No es eso! Lo que vemos estos d\u00edas es rabia&#8230; Una rabia instintiva, totalmente irracional\u00bb.<\/p>\n<\/p>\n<\/p>\n<p>\u00abEn vez de contar con una orientaci\u00f3n ideol\u00f3gica, las nuevas generaciones est\u00e1n convencidas de que su subjetividad, el fervor con que abrazan una causa, la intensidad de sus creencias acerca de la injusticia del mundo, valida cualquier conducta\u00bb.<\/p>\n<\/p>\n<\/p>\n<p><strong>\u00bfQu\u00e9 podemos esperar?<\/strong><\/p>\n<\/p>\n<\/p>\n<p>\u00bfQu\u00e9 podr\u00edamos esperar de una generaci\u00f3n la cual se la ha venido consintiendo en todo a la menor agresi\u00f3n, ofensa, incomodidad, gustos, preferencias o creencias? Estamos cosechando lo que se estuvo sembrando a\u00f1os atr\u00e1s, y estos son los resultados. <\/p>\n<\/p>\n<\/p>\n<p>El gran problema de este movimiento social-pulsional, surgido de la espontaneidad, es que carece gravemente de organizaci\u00f3n, l\u00edderes e ideolog\u00eda. Podr\u00e1n lograr grandes concentraciones pac\u00edficas y autoconvocadas, pero no pueden controlar la violencia. Pr\u00e1cticamente el control de la violencia se les fue de las manos, si es que alguna vez la tuvieron. Actualmente la violencia no tiene control, ni discrimina (es irracional). <\/p>\n<\/p>\n<\/p>\n<p>La violencia ha sobrepasado las justas demandas que pudiera tener el movimiento. La quema y saqueos del comercio, supermercados, hoteles, iglesias, hospitales, estaciones del metro, departamentos, ambulancias, no tienen nada que ver con violencia pol\u00edtica, eso es simplemente vandalismo. La violencia pol\u00edtica suele manifestarse a trav\u00e9s de grupos organizados y con cierta direcci\u00f3n pol\u00edtica e ideol\u00f3gica, lo que no tiene este movimiento. <\/p>\n<\/p>\n<\/p>\n<p>\u00bfLa violencia irracional que se est\u00e1 viendo, representa a las justas demandas del actual movimiento? Lo \u00fanico que se est\u00e1 ganando con esta violencia irracional no es m\u00e1s que desacreditar al movimiento de las justas demandas y el rechazo de muchos que se han visto afectados tanto directa como indirectamente. <\/p>\n<\/p>\n<\/p>\n<p>A estas alturas, la salida nuevamente de los militares a las calles s\u00f3lo podr\u00eda generar cierto alivio en sectores que se han visto perjudicados en la seguridad y la falta de orden.<\/p>\n<\/p>\n<\/p>\n<p>Muchos se preguntar\u00e1n c\u00f3mo frenar toda esta violencia. El vandalismo que se ha colado al movimiento de las justas demandas, dif\u00edcilmente habr\u00e1 de finalizar mientras siga vivo en la calle el descontento. El movimiento justo, desgraciadamente, le dio vida al vandalismo y ahora no puede deshacerse de \u00e9l. Esas quiz\u00e1 sean las razones del por qu\u00e9 hoy no existan condenas en\u00e9rgicas al vandalismo por parte del movimiento o quienes adhieren a \u00e9l. Al principio del estallido quiz\u00e1 m\u00e1s de alguna (condena) haya habido pero, al final, el vandalismo logr\u00f3 imponerse y hoy es el protagonista.<\/p>\n<\/p>\n<\/p>\n<p>No es por nada que estamos observando un movimiento social-pulsional in\u00e9dito en el pa\u00eds, que no se satisface con nada, a pesar de todos los esfuerzos que podr\u00edan emanar del gobierno o de la \u00e9lite pol\u00edtica o econ\u00f3mica. <\/p>\n<\/p>\n<\/p>\n<p>\u00bfC\u00f3mo un movimiento de estas caracter\u00edsticas podr\u00e1 poner sus demandas en una mesa si carece de representantes v\u00e1lidos  o validados dentro del movimiento? A lo menos podr\u00edan empujar a \u00abhumanizar\u00bb el modelo econ\u00f3mico capitalista, pero en ning\u00fan caso podr\u00e1n cambiarlo. Lamentablemente el movimiento est\u00e1 condenado, hasta el momento, a que le represente la misma clase pol\u00edtica a la cual con cierta raz\u00f3n desprecian. <\/p>\n<\/p>\n<\/p>\n<p>Existen tentativas de querer domar a la \u00abbestia\u00bb, es cierto, como la Mesa de Unidad Social, desde el mundo organizado de la clase trabajadora (\u00fanica fuerza significativa que podr\u00eda sintonizar con las demandas del movimiento social-pulsional), pero a\u00fan no lo ha logrado. \u00bfTestarudez o inmadurez de un movimiento que no acepta partidos, l\u00edderes e ideolog\u00edas? \u00bfMovimiento individual-ego\u00edsta?<\/p>\n<\/p>\n<\/p>\n<p>Lo cierto es que Chile se dirige rumbo a un escenario pesimista para la econom\u00eda. Quiz\u00e1s algunos se niegan a verlo, pero vamos directo hacia una recesi\u00f3n econ\u00f3mica segura, si es que no ha llegado ya. El desempleo ir\u00e1 creciendo exponencialmente, tal como la inflaci\u00f3n; y la inversi\u00f3n extranjera se habr\u00e1 de contraer. Si lo que vemos hoy ya es algo, lo que vendr\u00e1 despu\u00e9s ser\u00e1 peor.<\/p>\n<\/p>\n<\/p>\n<p><strong>\u00bfQui\u00e9nes son los responsables directos de la actual violencia emocional-irracional?<\/strong><\/p>\n<\/p>\n<\/p>\n<p>Los responsables de toda esta violencia orgi\u00e1stica no ha sido el Foro de S\u00e3o Paulo, Venezuela ni Rusia, como se pod\u00eda especular de un principio; no han sido los anarquistas, los narcotraficantes ni los barristas, y mucho menos la Mesa de Unidad Social, como se especula ahora. No hay necesidad de buscarle nombre a lo que no tiene nombre. Dejemos de inventar un enemigo que no existe. Ac\u00e1 el verdadero problema se trata de un asunto marcadamente generacional, tal como se\u00f1alara Carlos Pe\u00f1a en su oportunidad. Es por ello que no habremos de encontrar estructura u organizaci\u00f3n alguna detr\u00e1s de la violencia, a modo general. Podr\u00e1n haber ciertos grupos organizados o con cierta ideolog\u00eda, pero a modo particular, no general. La violencia que se est\u00e1 observando es una violencia que no tiene conexi\u00f3n a estructura u organizaci\u00f3n, tiene vida propia, alimentada por una opini\u00f3n p\u00fablica favorable (sobre todo en redes sociales) y que le hace sentir ser parte de una epopeya. <\/p>\n<\/p>\n<\/p>\n<p>Si queremos encontrar responsables indirectos, entonces lo podr\u00edamos encontrar f\u00e1cilmente en la familia y en la educaci\u00f3n.<\/p>\n<\/p>\n<\/p>\n<p><strong>\u00bfC\u00f3mo solucionar la crisis?<\/strong><\/p>\n<\/p>\n<\/p>\n<p>Esa es la pregunta que todos desear\u00edamos resolver. Ya hemos observado que la furia de la \u00abbestia\u00bb no se calma con nada. Las concesiones varias del gobierno parecieran no satisfacer a la \u00abbestia\u00bb, ni con una posible \u00abNueva Constituci\u00f3n\u00bb o alg\u00fan \u00abacuerdo de paz\u00bb. Y la raz\u00f3n es simple: estamos frente a una masa significativamente emocional-irracional. Esa es la raz\u00f3n por la que nunca se ver\u00e1 satisfecha; aunque le ofrezcan el \u00abcielo\u00bb, igual lo querr\u00e1n ver arder. Por lo que, solucionar la actual crisis no pasa por hacer ciertas concesiones significativas, hay que recordar que la \u00abbestia\u00bb lo quiere \u00abtodo o nada\u00bb.<\/p>\n<\/p>\n<\/p>\n<p>Una alternativa a solucionar la crisis podr\u00eda estar en la acci\u00f3n decisiva de las fuerzas coercitivas contra la \u00abbestia\u00bb. Pero ser\u00eda la decisi\u00f3n m\u00e1s dif\u00edcil que se podr\u00eda dar, por los costos humanos que podr\u00eda desembocar. <\/p>\n<\/p>\n<\/p>\n<p>Otra alternativa podr\u00eda estar en la posible renuncia de la figura del presidente, si las \u00e9lites econ\u00f3micas as\u00ed lo determinaran. Pero&#8230; \u00bfqu\u00e9 posibilidades de calmar a la \u00abbestia\u00bb habr\u00eda de suceder con algo as\u00ed, si lo que podr\u00eda venir despu\u00e9s podr\u00eda resultar siendo peor, al no satisfacer a la \u00abbestia\u00bb con sus demandas del querer el \u00abtodo o nada\u00bb? <\/p>\n<\/p>\n<\/p>\n<p>Algunos proponen incluso convocar a un Gabinete de Unidad Nacional, pero lo cierto es que la primera alternativa pareciera ser la m\u00e1s id\u00f3nea de todas, a pesar de todo el costo humano que podr\u00eda generar.<\/p>\n<\/p>\n<\/p>\n<p><strong>\u00bfQu\u00e9 oportunidades podr\u00eda generar la post-explosi\u00f3n \u00absocial\u00bb?<\/strong><\/p>\n<\/p>\n<\/p>\n<p>Son muchas las oportunidades que se han generado y que debieran aprovecharse. Tanto un bando como de otro, tienen en frente oportunidades valiosas que se espera sean aprovechadas. No s\u00f3lo a nivel nacional, muchos afuera deber\u00edan tomar nota de lo que est\u00e1 pasando en Chile. El deterioro de las democracias liberales deben ser vistas con mucha atenci\u00f3n. La entrada en escena de la denominada \u00abultra derecha\u00bb es un s\u00edntoma de ese deterioro. <\/p>\n<\/p>\n<\/p>\n<p>Cuando surge un Trump en Estados Unidos o un Bolsonaro en Brasil; cuando avanzan los eurorealistas en Europa, todo eso deber\u00eda ser tomado como un s\u00edntoma del deterioro de las democracias.<\/p>\n<\/p>\n<\/p>\n<p><strong>1. El Estado y la Democracia<\/strong><\/p>\n<\/p>\n<\/p>\n<p>Para el Estado y su democracia ha sido un golpe duro la presente crisis. El Estado ha estado convirtiendo a la Democracia en una figura maternal, sobre-protectora, que suele consentir y mimar a su ni\u00f1a gritona. Y ante cualquier pataleta, la autoridad no puede actuar con debilidad. Corregir al malcriado a tiempo y no ceder a sus caprichos de quererlo todo, debi\u00f3 ser siempre el actuar desde un inicio. <\/p>\n<\/p>\n<\/p>\n<p>No es posible que un Estado no pueda garantizar la seguridad y el control ante circunstancias extraordinarias.<\/p>\n<\/p>\n<\/p>\n<p>Ahora el Estado tiene la oportunidad de corregir su actuar y evitar que pueda volver a pasar este tipo de bochornos ante la comunidad. <\/p>\n<\/p>\n<\/p>\n<p>La corrupci\u00f3n, la justicia, la salud, el rol de los medios de comunicaci\u00f3n y principalmente la educaci\u00f3n, deber\u00e1n ser puestas urgentemente al quir\u00f3fano y as\u00ed poder evitar situaciones inc\u00f3modas para la clase gobernante.<\/p>\n<\/p>\n<\/p>\n<p>\u00bfSer\u00e1 que el Estado en democracias liberales les hace falta m\u00e1s observar al modelo chino? \u00bfEl futuro del Estado occidental estar\u00e1 en oriente? \u00bfEl \u00e9xito de econom\u00edas como Rusia y China se deber\u00e1n a un Estado robusto? <\/p>\n<\/p>\n<\/p>\n<p><strong>2. La Derecha \u00abultra\u00bb<\/strong><\/p>\n<\/p>\n<\/p>\n<p>Para la Derecha m\u00e1s ultra, se abren muchas oportunidades. El desastre econ\u00f3mico que se avecina podr\u00eda ser el combustible ideal para robustecer fuerzas \u00abultras\u00bb. Los que ayer pudieron haber causado risas, ma\u00f1ana perfectamente podr\u00edan dejar de causar tanta gracia. La derecha tradicional est\u00e1 condenada a retroceder y a dar paso a una nueva derecha que sostenga el sentido com\u00fan frente a todo lo \u00abpol\u00edticamente correcto\u00bb.<\/p>\n<\/p>\n<\/p>\n<p>Una gran oportunidad de irrupci\u00f3n podr\u00eda ser en el plebiscito programado para abril; o, m\u00e1s que una irrupci\u00f3n, podr\u00eda tratarse de un buen term\u00f3metro para la pol\u00edtica dom\u00e9stica. \u00bfHabr\u00e1 alguna sorpresa? \u00bfQu\u00e9 posibilidades habr\u00e1 de que triunfe el \u00abNo\u00bb a una Nueva Constituci\u00f3n? \u00bfEl desastre podr\u00eda ser el principal alimento para potenciar el \u00abNo\u00bb? \u00bfEl desastre podr\u00eda sepultar las pretensiones del \u00abS\u00ed\u00bb?<\/p>\n<\/p>\n<p><strong>3. La izquierda \u00abdura\u00bb<\/strong><\/p>\n<\/p>\n<\/p>\n<p>Y para terminar, debemos se\u00f1alar el fracaso de esa izquierda \u00abdura\u00bb que en vez de haber tomado al toro por los cuernos o bien domado a la \u00abbestia\u00bb, pareciera ser que se ha dedicado todo este tiempo a comportarse tal como una bestia. <\/p>\n<\/p>\n<\/p>\n<p>Ac\u00e1 lamentablemente debemos hablar de un p\u00e9rdida de la oportunidad hist\u00f3rica. <\/p>\n<\/p>\n<\/p>\n<p>Teniendo todas las oportunidades desde un principio, la izquierda \u00abdura\u00bb no ha podido hasta ahora domar a la \u00abbestia\u00bb. La Mesa de Unidad Social pareciera ser la principal organizaci\u00f3n que ha tenido el inter\u00e9s por domar a la \u00abbestia\u00bb pero, m\u00e1s all\u00e1 de aquello, no se ha podido ver nada m\u00e1s; aparentan, incluso, tener el control de la \u00abbestia\u00bb, pero eso no se condice con la realidad.<\/p>\n<\/p>\n<\/p>\n<p>Pareciera, incluso, desconocer la naturaleza del motor marcadamente generacional que ha provocado todo esto.<\/p>\n<\/p>\n<\/p>\n<p>\u00bfC\u00f3mo piensan sentar a la \u00abbestia\u00bb si todo este tiempo se han querido comportar como tal? \u00bfC\u00f3mo piensan ver madurar el factor subjetivo si no hacen m\u00e1s que bailar al son de la bestia? \u00bfC\u00f3mo podr\u00eda tener \u00e9xito una revoluci\u00f3n social si las condiciones objetivas no puede coincidir con las condiciones subjetivas necesarias? <\/p>\n<\/p>\n<\/p>\n<\/p>\n<p><strong>Conclusiones<\/strong><\/p>\n<\/p>\n<\/p>\n<p><strong>1. Desastre econ\u00f3mico<\/strong><\/p>\n<\/p>\n<\/p>\n<p>Sea cual fuese el desenlace, el desastre econ\u00f3mico que est\u00e1 por arribar, ya est\u00e1 de a poco instal\u00e1ndose. El desempleo, la inflaci\u00f3n, el bajo consumo, la depreciaci\u00f3n de la moneda nacional, la contracci\u00f3n de la inversi\u00f3n extranjera, ser\u00e1n todos ellos protagonistas del desastre econ\u00f3mico ad portas. Son los costos de los grandes niveles de violencia que ha tenido el pa\u00eds; los costos de tener a un Estado ausente; los costos de haber relativizado la violencia y terminar aplaudi\u00e9ndola; los costos de no haber condenado a tiempo la violencia e intentar ser parte de la \u00abbestia\u00bb. <\/p>\n<\/p>\n<\/p>\n<p>La prolongaci\u00f3n de la violencia, \u00fanicamente ir\u00e1 agudizando la salud econ\u00f3mica del pa\u00eds y, el costo, al final, ser\u00e1 asumido por todos nosotros.<\/p>\n<\/p>\n<\/p>\n<p>Ser\u00eda dif\u00edcil encontrar avances a pesar de que haya habido cierta generosidad de parte de ciertos sectores. M\u00e1s que avanzar, vemos que se ha retrocedido. Y ese retroceso podr\u00eda ser una oportunidad para poder enmendar el rumbo.<\/p>\n<\/p>\n<\/p>\n<p><strong>2. Crisis de confianza<\/strong><\/p>\n<\/p>\n<\/p>\n<p>La presente crisis nos debe permitir ver ciertas falencias que se debieran corregir. La crisis de confianza abismante existente entre la clase pol\u00edtica y nuestros pueblos debiera ser corregida. No es posible que dentro de una supuesta democracia existan niveles de desconfianza como la que hoy tenemos. A la clase pol\u00edtica debiera darle verg\u00fcenza. \u00bfC\u00f3mo la clase pol\u00edtica es incapaz de ver este divorcio existente entre la pol\u00edtica y el pueblo? \u00bfAcaso la desconfianza tiene que ver mucho con el matrimonio no oficial existente entre la clase pol\u00edtica y las \u00e9lites econ\u00f3micas?<\/p>\n<\/p>\n<\/p>\n<p>Tambi\u00e9n nos debiera preocupar los niveles de desconfianza y odio hacia las fuerzas coercitivas por parte de la ciudadan\u00eda. <\/p>\n<\/p>\n<\/p>\n<p>La falta de respeto hacia nuestras instituciones deber\u00eda se corregida con acciones en\u00e9rgicas que apunten a recuperar la confianza. <\/p>\n<\/p>\n<\/p>\n<p>El ataque a la corrupci\u00f3n y el t\u00e9rmino de ciertas conductas indeseables, debieran allanar el camino para recuperar la confianza perdida.<\/p>\n<\/p>\n<\/p>\n<p><strong>3. La Educaci\u00f3n<\/strong><\/p>\n<\/p>\n<\/p>\n<p>Un actor clave para corregir ciertos comportamientos negativos de los cuales hemos sido testigos, como: destruir lo que nos sirve a todos, participar en saqueos, irrespetar a la autoridad, irrespetar a los mayores, irrespetar a la comunidad creyente, humillar a las personas, etc, tiene que ver mucho con la educaci\u00f3n. <\/p>\n<\/p>\n<\/p>\n<p>Todo esto nos debe hacer entender que se est\u00e1 fallando considerablemente en la educaci\u00f3n, tanto en el plano familiar como en los centros de educaci\u00f3n tradicionales. La entrega de valores es fundamental. Y si no invertimos pronto en mejorar la educaci\u00f3n, para formar a personas de bien, todo lo que estamos presenciando hoy seguir\u00e1 reproduci\u00e9ndose. La educaci\u00f3n es clave de todo esto. <\/p>\n<\/p>\n<\/p>\n<p><strong>4. Crisis de la raz\u00f3n<\/strong><\/p>\n<\/p>\n<\/p>\n<p>Nuestras democracias est\u00e1n viviendo una crisis de la raz\u00f3n considerable. Al darle vida y poder a la ignorancia, estos son los resultados. <\/p>\n<\/p>\n<\/p>\n<p>\u00bfSe requerir\u00e1 mayor control sobre la informaci\u00f3n en tiempos en que los seres se rodean de mayor informaci\u00f3n? \u00bfMayor control sobre la informaci\u00f3n, podr\u00eda mejorar la desconfianza o desconexi\u00f3n existente entre los canales de informaci\u00f3n tradicionales y los receptores de informaci\u00f3n? \u00bfLas redes sociales deber\u00edan estar sujetas a un mayor control y sus usuarios estar sujetos a una mayor responsabilidad con lo que se difunda? \u00bfEn qu\u00e9 momento tendremos que hacernos cargos de nuestros actos? \u00bfLa libertad consiste en no estar sujetos a ciertas responsabilidades o normas como parte de una comunidad o de vivir en sociedad?<\/p>\n<p><strong>@NStolpkin<\/strong><\/p>\n<\/p>\n<p><strong>&#8212;<\/strong><\/p>\n<p><strong>N\u00edkolas Stolpkin<\/strong><\/p>\n<\/p>\n<p>Analista pol\u00edtico nacional e internacional &#8211; Political Analyst &#8211; Cr\u00edtico de pol\u00edtica y Cultura Contempor\u00e1nea &#8211; AUTODIDACTA<\/p>\n<\/p>\n<p>stolpkin@gmail.com<\/p>\n<p>skype: stolpkin<\/p>\n<p><a class=\"twitter-timeline\" data-width=\"616\" data-height=\"924\" data-dnt=\"true\" href=\"https:\/\/twitter.com\/NStolpkin?ref_src=twsrc%5Etfw\">Tweets by NStolpkin<\/a><script async src=\"https:\/\/platform.twitter.com\/widgets.js\" charset=\"utf-8\"><\/script><\/p>\n<p>http:\/\/www.delicious.com\/stolpkin<\/p>\n<p>http:\/\/stolpkin.blogspot.com\/<\/p>\n<p>http:\/\/stolpkin.net\/<\/p>\n<h6> 2019-12-05 19:46:24 <\/h6>\n<p><!--\n<link rel=\"stylesheet\" href=\"css\/bootstrap.min.css\">\n\n\n<ul class=\"pagination\">\n\t    \n\t\n\n<li >\n\t<a href='?page_no=1016'>Previous<\/a>\n\t<\/li>\n\n\n       \n    \n\n<li><a href='?page_no=1'>1<\/a><\/li>\n\n\n\n<li><a href='?page_no=2'>2<\/a><\/li>\n\n\n\n<li><a>...<\/a><\/li>\n\n\n\n<li><a href='?page_no=1015'>1015<\/a><\/li>\n\n\n\n<li><a href='?page_no=1016'>1016<\/a><\/li>\n\n\n\n<li class='active'><a>1017<\/a><\/li>\n\n\n\n<li><a href='?page_no=1018'>1018<\/a><\/li>\n\n\n\n<li><a href='?page_no=1019'>1019<\/a><\/li>\n\n\n\n<li><a>...<\/a><\/li>\n\n\n\n<li><a href='?page_no=1549'>1549<\/a><\/li>\n\n\n\n<li><a href='?page_no=1550'>1550<\/a><\/li>\n\n    \n\t\n\n<li >\n\t<a href='?page_no=1018'>Next<\/a>\n\t<\/li>\n\n\n    \n\n<li><a href='?page_no=1550'>Last &rsaquo;&rsaquo;<\/a><\/li>\n\n<\/ul>\n\n\n--><br \/>\n<\/body><\/p>\n","protected":false},"excerpt":{"rendered":"<p>Diariodominicano.com Por: N\u00edkolas Stolpkin Introducci\u00f3n \u00bfCu\u00e1les fueron las causas que llevaron al denominado \u00abestallido social\u00bb? \u00bfC\u00f3mo entender todo esto? \u00bfQu\u00e9 se hizo mal? \u00bfC\u00f3mo pudimos pasar de una aparente paz social (\u00aboasis\u00bb) a una convulsi\u00f3n social como la actual? \u00bfCu\u00e1les ser\u00e1n las consecuencias a futuro? \u00bfC\u00f3mo solucionar la crisis? Son preguntas que debemos tratar de [&hellip;]<\/p>\n","protected":false},"author":3,"featured_media":0,"comment_status":"open","ping_status":"open","sticky":false,"template":"","format":"standard","meta":{"footnotes":""},"categories":[19],"tags":[],"class_list":["post-32105","post","type-post","status-publish","format-standard","hentry","category-mi-voz"],"_links":{"self":[{"href":"https:\/\/diariodominicano.com\/index.php?rest_route=\/wp\/v2\/posts\/32105","targetHints":{"allow":["GET"]}}],"collection":[{"href":"https:\/\/diariodominicano.com\/index.php?rest_route=\/wp\/v2\/posts"}],"about":[{"href":"https:\/\/diariodominicano.com\/index.php?rest_route=\/wp\/v2\/types\/post"}],"author":[{"embeddable":true,"href":"https:\/\/diariodominicano.com\/index.php?rest_route=\/wp\/v2\/users\/3"}],"replies":[{"embeddable":true,"href":"https:\/\/diariodominicano.com\/index.php?rest_route=%2Fwp%2Fv2%2Fcomments&post=32105"}],"version-history":[{"count":0,"href":"https:\/\/diariodominicano.com\/index.php?rest_route=\/wp\/v2\/posts\/32105\/revisions"}],"wp:attachment":[{"href":"https:\/\/diariodominicano.com\/index.php?rest_route=%2Fwp%2Fv2%2Fmedia&parent=32105"}],"wp:term":[{"taxonomy":"category","embeddable":true,"href":"https:\/\/diariodominicano.com\/index.php?rest_route=%2Fwp%2Fv2%2Fcategories&post=32105"},{"taxonomy":"post_tag","embeddable":true,"href":"https:\/\/diariodominicano.com\/index.php?rest_route=%2Fwp%2Fv2%2Ftags&post=32105"}],"curies":[{"name":"wp","href":"https:\/\/api.w.org\/{rel}","templated":true}]}}