{"id":32104,"date":"2019-12-07T06:56:13","date_gmt":"2019-12-07T06:56:13","guid":{"rendered":"http:\/\/diariodominicano.ddns.net\/?p=32104"},"modified":"2019-12-07T06:56:13","modified_gmt":"2019-12-07T06:56:13","slug":"discurso-pronunciado-por-emilia-pereyra-en-la-ceremonia-deaceptacion-del-premio-nacional-de-periodismo-2019","status":"publish","type":"post","link":"https:\/\/diariodominicano.com\/?p=32104","title":{"rendered":"Discurso pronunciado por Emilia Pereyra en la ceremonia de&#13;aceptaci\u00f3n del Premio Nacional de Periodismo 2019"},"content":{"rendered":"<p><body><\/p>\n<p><img decoding=\"async\" src=\"img3\/1.jpg\" \/>  <\/p>\n<p><strong><span class=\"text1noticias\">Se\u00f1oras y se\u00f1ores:<\/span><\/strong><\/p>\n<\/p>\n<p><span class=\"text1noticias\">Me complace compartir estos gratos momentos con todos ustedes, a quienes agradezco la gentileza de asistir a esta ceremonia.<\/span><\/p>\n<\/p>\n<p><span class=\"text1noticias\">Agradezco profundamente la entrega de este Premio Nacional de Periodismo 2019 al Ministerio de Educaci\u00f3n y al Colegio Dominicano de Periodistas, gracias a la decisi\u00f3n de un acreditado jurado que valor\u00f3 mi trayectoria profesional iniciada a finales de los a\u00f1os 80, antes de que obtuviera mi grado de licenciatura en Comunicaci\u00f3n Social en la Universidad Aut\u00f3noma de Santo Domingo.<\/span><\/p>\n<\/p>\n<p><span class=\"text1noticias\">De manera especial dedico este galard\u00f3n a la memoria de mi madre, Minerva P\u00e9rez, quien estimul\u00f3 muy tempranamente mi inter\u00e9s por la lectura y la literatura, a mi padre Luis Emilio (Bol\u00edvar) Pereyra, por<\/span><\/p>\n<p><span class=\"text1noticias\">respaldarme incondicionalmente, a mis hermanos Diliana, Hamlet e Israel y a mi hijo Eduardo.<\/span><\/p>\n<\/p>\n<p><span class=\"text1noticias\">Adem\u00e1s, evoco con gratitud a mi maestra de la secundaria, la hermana Dionne Ma\u00f1\u00f3n, quien ense\u00f1aba espa\u00f1ol y literatura en el Colegio San Jos\u00e9, de Azua, donde ella descubri\u00f3 que yo ten\u00eda habilidades para la<\/span><\/p>\n<p><span class=\"text1noticias\">escritura y me motiv\u00f3 a seguir mi naciente vocaci\u00f3n.<\/span><\/p>\n<\/p>\n<p><span class=\"text1noticias\">Tambi\u00e9n recuerdo con mucho cari\u00f1o a mis compa\u00f1eros y compa\u00f1era del colegio y de la \u00e9poca universitaria, de los cuales tenemos aqu\u00ed muy buena representaci\u00f3n. Con ellos compart\u00ed mucho tiempo, as\u00ed como con mis maestros y superiores y colegas de los ambientes acad\u00e9micos y laborales.<\/span><\/p>\n<\/p>\n<p><span class=\"text1noticias\">Lo cierto es que fue motivo de regocijo recibir la inesperada nueva sobre este reconocimiento, feliz resultado de una propuesta de candidatura que hicieran hace algunos a\u00f1os dos queridas amigas y colegas de la etapa universitaria al comit\u00e9 evaluador.<\/span><\/p>\n<\/p>\n<p><span class=\"text1noticias\">Y a prop\u00f3sito, algunas personas han advertido que con la entrega de este premio se resalta por primera vez a alguien de una generaci\u00f3n de periodistas que ingres\u00f3 a los medios tras la ca\u00edda de la dictadura de<\/span><\/p>\n<p><span class=\"text1noticias\">Trujillo, el derrocamiento de Juan Bosch, la guerra del 1965 y los gobiernos de Balaguer. Tambi\u00e9n se ha resaltado que es la cuarta vez que el galard\u00f3n se le otorga a una mujer, luego de haberlos ganado las prestigiosas colegas Minerva Isa, Margarita Cordero y Carmenchu Brusiloff.<\/span><\/p>\n<\/p>\n<p><span class=\"text1noticias\">Aunque llegu\u00e9 al periodismo a trav\u00e9s de la literatura, gracias a las buenas perspectivas que este arte le proporcion\u00f3 a mi vida, en la adolescencia, cuando resid\u00eda en Azua, donde nac\u00ed, mi vocaci\u00f3n period\u00edstica ha sido tan<\/span><\/p>\n<p><span class=\"text1noticias\">robusta como la literaria. Adem\u00e1s, me ha llevado a explorar diversas facetas, ya que no solo he ejercido el reporterismo con intensidad, sino que tambi\u00e9n he podido desempe\u00f1ar otros roles y cultivar la investigaci\u00f3n en diversas etapas de mi carrera.<\/span><\/p>\n<\/p>\n<p><span class=\"text1noticias\">Por fortuna, en este ciclo de mi vida se me ha dado la oportunidad en Diario Libre, medio para el cual laboro, de continuar explorando otra faceta que me ha cautivado. Me refiero a la indagaci\u00f3n sobre el pasado, a la que llegu\u00e9 luego de hacer una especializaci\u00f3n en investigaci\u00f3n hist\u00f3rica e<\/span><\/p>\n<p><span class=\"text1noticias\">historia del Caribe.<\/span><\/p>\n<\/p>\n<p><span class=\"text1noticias\">Como habr\u00e1n podido percibir, mi ejercicio profesional ha atravesado diversos per\u00edodos, desde que empec\u00e9 a andar por estos complejos caminos, cuando escrib\u00edamos en las ruidosas maquinillas Olympia y ni por asomo supon\u00edamos que en unos a\u00f1os usar\u00edamos las revolucionarias tecnolog\u00edas de la informaci\u00f3n hoy omnipresentes y que han determinado que el periodismo enfrente grandes retos en vista de que trabajamos en ambientes cambiantes y exigentes, no exceptos de riesgos e incertidumbres, que a menudo nos hacen pensar en cu\u00e1l ser\u00e1 el rumbo de esta profesi\u00f3n a la que se les han multiplicado los competidores gracias al avance tecnol\u00f3gico que intercomunica en tiempo real a todos los rincones<\/span><\/p>\n<p><span class=\"text1noticias\">del planeta y que ha democratizado la difusi\u00f3n de la informaci\u00f3n, de las creencias y estilos de vida, lo cual ha despojado a los medios tradicionales del control de la divulgaci\u00f3n.<\/span><\/p>\n<\/p>\n<p><span class=\"text1noticias\">Conviene recordar que est\u00e1 en nuestras manos la pr\u00e1ctica id\u00f3nea de la profesi\u00f3n, revisti\u00e9ndola de dignidad y fortaleza para que aporte con mayor certeza al progreso cultural y material de nuestro pa\u00eds, necesitado de paradigmas, en todas las \u00e1reas, pues para la supervivencia de la naci\u00f3n se requiere no solo mucho esfuerzo si no de figuras inspiradoras, que proyecten su genuino inter\u00e9s por el avance colectivo, tal como en el pasado lo demostraron personas de gran reciedumbre, visi\u00f3n progresista, esp\u00edritu democr\u00e1tico, integridad probada y firme determinaci\u00f3n.<\/span><\/p>\n<\/p>\n<p><span class=\"text1noticias\">Una de las mayores riquezas que proporciona el periodismo a quien lo ejerce es que ensancha sus horizontes, porque permite observar y analizar los contrastes y complejidades de la sociedad.<\/span><\/p>\n<\/p>\n<p><span class=\"text1noticias\">Esta experiencia agudiza la sensibilidad y enriquece el conocimiento, pues en la ma\u00f1ana podemos cubrir inundaciones, accidentes o huelgas en lugares pocos favorecidos y m\u00e1s tarde asistir a grandes eventos, lo cual da la sensaci\u00f3n de que vivimos yendo de un extremo a otro.<\/span><\/p>\n<\/p>\n<p><span class=\"text1noticias\">Ahora, por ejemplo, podr\u00edamos entrevistar al vendutero de la esquina o al m\u00e1s encumbrado pol\u00edtico, empresario o cantante que suele figurar en las portadas y en las webs m\u00e1s populares.<\/span><\/p>\n<\/p>\n<p><span class=\"text1noticias\">Y ese ir y venir desde los niveles donde prevalecen la pobreza y el dolor, hasta los escenarios m\u00e1s deslumbrantes, donde parecen eternizarse las riquezas y los aplausos, nos acerca a las realidades de nuestro entorno.<\/span><\/p>\n<\/p>\n<p><span class=\"text1noticias\">En esos ambientes ejercemos el periodismo, entre precariedades y tentaciones, entre grandezas y miserias, situaciones que deben motivarnos a nosotros, los periodistas, a mantener la curiosidad y la prudencia y a centrarnos en la misi\u00f3n b\u00e1sica que es indagar e informar eludiendo los intereses particulares, centr\u00e1ndonos en el prop\u00f3sito de contribuir para que se puedan resolver los problemas comunes.<\/span><\/p>\n<\/p>\n<p><span class=\"text1noticias\">En este tiempo de cambios vertiginosos es necesario que nos ocupemos de lo fundamental y se fomenten los valores m\u00e1s elevados, se proteja a la poblaci\u00f3n, se fortalezca la educaci\u00f3n y se estimule la lectura.<\/span><\/p>\n<\/p>\n<p><span class=\"text1noticias\">Las extraordinarias transformaciones de los \u00faltimos a\u00f1os han tra\u00eddo grandes beneficios, que sin dudas impulsan el progreso econ\u00f3mico y social y son capitales para la medicina, la comunicaci\u00f3n, la ingenier\u00eda y la aeron\u00e1utica, entre muchos otros campos, pero tambi\u00e9n est\u00e1n causando<\/span><\/p>\n<\/p>\n<p><span class=\"text1noticias\">problemas, muchos de los cuales ata\u00f1en al periodismo. Y mencionamos, por ejemplo, la casi incontable cantidad de medios de comunicaci\u00f3n de todo tipo que coexisten y a la torrentosa difusi\u00f3n de contenidos y<\/span><\/p>\n<p><span class=\"text1noticias\">audiovisuales en webs y redes sociales que convierten el d\u00eda a d\u00eda en una babel, que nos deja sin posibilidad de digerir los caudales de datos, sonidos e im\u00e1genes que recibimos donde quiera que estemos, sin que en determinados casos podamos discernir si reflejan la realidad o la fals\u00eda.<\/span><\/p>\n<\/p>\n<p><span class=\"text1noticias\">Las noticias enga\u00f1osas, las famosas fake news, se han convertido en aut\u00e9nticos problemas, que han afectado incluso campa\u00f1as pol\u00edticas y generado investigaciones de alto nivel en varios pa\u00edses, pero nadie sabe exactamente c\u00f3mo enfrentarlas.<\/span><\/p>\n<\/p>\n<p><span class=\"text1noticias\">Nosotros no somos ajenos a estos fen\u00f3menos de la posmodernidad. No podemos eludir la aldea global del docto McLuhan. Tambi\u00e9n en nuestros territorios se manifiesta la manipulaci\u00f3n relacionada con la pol\u00edtica, la econom\u00eda y otros \u00e1mbitos, desde los que se difunden noticias farsas y se busca cambiar percepciones e incidir en la llamada posverdad, una forma eufem\u00edstica de llamar a la tergiversaci\u00f3n y a la mentira.<\/span><\/p>\n<\/p>\n<p><span class=\"text1noticias\">El panorama es muy complicado. Sin embargo, no existen v\u00edas de retorno. Esta es la realidad y tenemos que afrontarla, ejerciendo con responsabilidad nuestro oficio y comprendiendo que ahora lo \u00fanico garantizado es el cambio y que la calidad siempre abre caminos.<\/span><\/p>\n<\/p>\n<p><span class=\"text1noticias\">Estas nuevas realidades, parte del espect\u00e1culo de luces y sombras del que somos protagonistas y testigos, no deben enmascarar el lamentable hecho de que, como pa\u00eds, tenemos que superar muchos problemas y mejorar, pues es sabido por todos que seguimos manteniendo pr\u00e1cticas<\/span><\/p>\n<\/p>\n<p><span class=\"text1noticias\">negativas, como es la cultura pol\u00edtica clientelar, el frecuente incumplimiento de las leyes, la injusta distribuci\u00f3n de las riquezas, la inseguridad ciudadana y el dolo y tambi\u00e9n el ejercicio banal del<\/span><\/p>\n<p><span class=\"text1noticias\">periodismo.<\/span><\/p>\n<\/p>\n<p><span class=\"text1noticias\">Gobernantes y gobernados debemos ocuparnos con valent\u00eda para que eneste siglo XXI nuestra naci\u00f3n pueda dar un verdadero salto hacia la organizaci\u00f3n efectiva, la s\u00f3lida institucionalizaci\u00f3n, la equidad social, la educaci\u00f3n de calidad y al ejercicio responsable de la comunicaci\u00f3n, campo en que tenemos gran incidencia los periodistas.<\/span><\/p>\n<\/p>\n<p><span class=\"text1noticias\">Es estimulante reconocer que podemos superar males y deficiencias si realmente lo queremos. Hay que confiar en la capacidad de nuestra gente de revertir situaciones desfavorables e injusticias, sin esperar que desde fuera nos indiquen cu\u00e1ndo y c\u00f3mo hacerlo, pues los dominicanos hemos<\/span><\/p>\n<p><span class=\"text1noticias\">demostrado en momentos dif\u00edciles que podemos superarnos.<\/span><\/p>\n<\/p>\n<p><span class=\"text1noticias\">En el periodismo, debemos apostar a la honestidad, a la calidad, a la revaloraci\u00f3n de la cultura y al aprecio y al cuidado de nuestro idioma, al ejercicio de la libertad de pensar, denunciar y criticar hechos y conductas censurables, con sentido de la responsabilidad, tomando en consideraci\u00f3n que la sociedad deben recibir informaciones fiables e ideas que contribuyan a su desarrollo.<\/span><\/p>\n<\/p>\n<p><span class=\"text1noticias\">El periodismo debe tomar lo mejor de las experiencias pasadas, del legado de sus hombres y mujeres preclaros, y usar los recursos de la revoluci\u00f3n tecnol\u00f3gica para seguir aportando al progreso en todos los campos.<\/span><\/p>\n<\/p>\n<p><span class=\"text1noticias\">Nuestra profesi\u00f3n no debe renunciar, de ninguna manera, al poder de contribuir a que nuestra sociedad sea m\u00e1s humana, justa e inclusiva y est\u00e9 mejor comunicada.<\/span><\/p>\n<\/p>\n<p><span class=\"text1noticias\">Esperamos, pues, que confiemos m\u00e1s en nosotros mismos y en la capacidad que tenemos para transformar el presente y delinear un futuro esperanzador.<\/span><\/p>\n<\/p>\n<p><strong><span class=\"text1noticias\">Muchas gracias<\/span><\/strong><\/p>\n<\/p>\n<p><span class=\"text1noticias\">6 de diciembre del 2019.<\/span><\/p>\n<p><span class=\"text1noticias\">Palacio Nacional, Santo Domingo<\/span><\/p>\n<\/p>\n<\/p>\n<h6> 2019-12-07 06:56:13 <\/h6>\n<p><!--\n<link rel=\"stylesheet\" href=\"css\/bootstrap.min.css\">\n\n\n<ul class=\"pagination\">\n\t    \n\t\n\n<li >\n\t<a href='?page_no=1015'>Previous<\/a>\n\t<\/li>\n\n\n       \n    \n\n<li><a href='?page_no=1'>1<\/a><\/li>\n\n\n\n<li><a href='?page_no=2'>2<\/a><\/li>\n\n\n\n<li><a>...<\/a><\/li>\n\n\n\n<li><a href='?page_no=1014'>1014<\/a><\/li>\n\n\n\n<li><a href='?page_no=1015'>1015<\/a><\/li>\n\n\n\n<li class='active'><a>1016<\/a><\/li>\n\n\n\n<li><a href='?page_no=1017'>1017<\/a><\/li>\n\n\n\n<li><a href='?page_no=1018'>1018<\/a><\/li>\n\n\n\n<li><a>...<\/a><\/li>\n\n\n\n<li><a href='?page_no=1549'>1549<\/a><\/li>\n\n\n\n<li><a href='?page_no=1550'>1550<\/a><\/li>\n\n    \n\t\n\n<li >\n\t<a href='?page_no=1017'>Next<\/a>\n\t<\/li>\n\n\n    \n\n<li><a href='?page_no=1550'>Last &rsaquo;&rsaquo;<\/a><\/li>\n\n<\/ul>\n\n\n--><br \/>\n<\/body><\/p>\n","protected":false},"excerpt":{"rendered":"<p>Se\u00f1oras y se\u00f1ores: Me complace compartir estos gratos momentos con todos ustedes, a quienes agradezco la gentileza de asistir a esta ceremonia. Agradezco profundamente la entrega de este Premio Nacional de Periodismo 2019 al Ministerio de Educaci\u00f3n y al Colegio Dominicano de Periodistas, gracias a la decisi\u00f3n de un acreditado jurado que valor\u00f3 mi trayectoria [&hellip;]<\/p>\n","protected":false},"author":3,"featured_media":0,"comment_status":"open","ping_status":"open","sticky":false,"template":"","format":"standard","meta":{"footnotes":""},"categories":[19],"tags":[],"class_list":["post-32104","post","type-post","status-publish","format-standard","hentry","category-mi-voz"],"_links":{"self":[{"href":"https:\/\/diariodominicano.com\/index.php?rest_route=\/wp\/v2\/posts\/32104","targetHints":{"allow":["GET"]}}],"collection":[{"href":"https:\/\/diariodominicano.com\/index.php?rest_route=\/wp\/v2\/posts"}],"about":[{"href":"https:\/\/diariodominicano.com\/index.php?rest_route=\/wp\/v2\/types\/post"}],"author":[{"embeddable":true,"href":"https:\/\/diariodominicano.com\/index.php?rest_route=\/wp\/v2\/users\/3"}],"replies":[{"embeddable":true,"href":"https:\/\/diariodominicano.com\/index.php?rest_route=%2Fwp%2Fv2%2Fcomments&post=32104"}],"version-history":[{"count":0,"href":"https:\/\/diariodominicano.com\/index.php?rest_route=\/wp\/v2\/posts\/32104\/revisions"}],"wp:attachment":[{"href":"https:\/\/diariodominicano.com\/index.php?rest_route=%2Fwp%2Fv2%2Fmedia&parent=32104"}],"wp:term":[{"taxonomy":"category","embeddable":true,"href":"https:\/\/diariodominicano.com\/index.php?rest_route=%2Fwp%2Fv2%2Fcategories&post=32104"},{"taxonomy":"post_tag","embeddable":true,"href":"https:\/\/diariodominicano.com\/index.php?rest_route=%2Fwp%2Fv2%2Ftags&post=32104"}],"curies":[{"name":"wp","href":"https:\/\/api.w.org\/{rel}","templated":true}]}}