{"id":32101,"date":"2019-12-08T23:19:08","date_gmt":"2019-12-08T23:19:08","guid":{"rendered":"http:\/\/diariodominicano.ddns.net\/?p=32101"},"modified":"2019-12-08T23:19:08","modified_gmt":"2019-12-08T23:19:08","slug":"celebran-encuentro-de-sobrevivientes","status":"publish","type":"post","link":"https:\/\/diariodominicano.com\/?p=32101","title":{"rendered":"Celebran encuentro de sobrevivientes"},"content":{"rendered":"<p><body><\/p>\n<p><img decoding=\"async\" src=\"img3\/jimmy10.jpg\" \/><br \/><img decoding=\"async\" src=\"img3\/jimmy72.jpg\" \/><br \/><img decoding=\"async\" src=\"img3\/jimmy9.jpg\" \/>  <\/p>\n<p><strong><span class=\"text1noticias\">Diariodominicano.com<\/span><\/strong><\/p>\n<\/p>\n<p><strong><span class=\"text1noticias\">Eligio Blanco Pe\u00f1a atento a los participantes.<\/span><\/strong><\/p>\n<\/p>\n<p><strong><span class=\"text1noticias\">Villa Altagracia, RD.- <\/span><\/strong><span class=\"text1noticias\">Una lluvia de nostalgia cay\u00f3 el s\u00e1bado sobre la finca de Leonel Carrasco cuando decenas de artistas, intelectuales y gente com\u00fan se reencontraron, como cada diciembre, para rememorar las d\u00e9cadas de los a\u00f1os 50, 60 y 70 y las luchas y vivencias que los unieron para entonces.<\/span><\/p>\n<\/p>\n<p><span class=\"text1noticias\">\tEl encuentro se celebra desde hace m\u00e1s de treinta a\u00f1os el primer s\u00e1bado de diciembre y consiste en un pasad\u00eda de de m\u00fasica de la \u00e9poca, an\u00e9cdotas, declamaci\u00f3n de poemas, rifas, regalos y, sobre todo, un intercambio de remembranzas, que convoca a escritores, artistas visuales, comunicadores, m\u00e9dicos, abogados, profesionales en general y gente com\u00fan del pueblo, quienes levantan como bandera la amistad.<\/span><\/p>\n<\/p>\n<p><span class=\"text1noticias\">\t<strong>En esta ocasi\u00f3n, luego de las palabras de bienvenida, dichas por el anfitri\u00f3n, Leonel Carrasco, se pas\u00f3 a la colocaci\u00f3n de la silla vac\u00eda, que se expone cuando alguno de los sobrevivientes ha partido durante el a\u00f1o, correspondiendo al poeta reci\u00e9n fallecido Alexis G\u00f3mez, cuya semblanza le toc\u00f3 a su amigo Mateo M\u00f3rrison, Premio Nacional de Literatura. <\/strong><\/span><\/p>\n<\/p>\n<p><span class=\"text1noticias\">\tA continuaci\u00f3n se dio el turno a  los debutantes, donde se presenta a los que asisten por primera vez al encuentro. All\u00ed se destac\u00f3 la intervenci\u00f3n del comunicador Juan Bol\u00edvar D\u00edaz, quien hizo una exposici\u00f3n acerca de la influencia de las redes sociales, en particular, en la juventud y la infancia. Otros debutantes destacados fueron el comunicador santiaguense Adriano de la Rosa y el periodista y militante de izquierda Augusto \u00c1lvarez (El Potro).<\/span><\/p>\n<\/p>\n<p><span class=\"text1noticias\">\tTodo esto acompa\u00f1ado con la m\u00fasica de Silvio Rodr\u00edguez, Ram\u00f3n Leonardo y otros artistas, que pusieron sus voces al servicio de las mejores causas en los llamados \u00aba\u00f1os duros\u00bb. <\/span><\/p>\n<\/p>\n<p><span class=\"text1noticias\">\tLos declamadores que interpretaron poemas de Juan Antonio Alix, el Indio Duarte y propios fueron el empresario Nelson G\u00f3mez, propietario de Apolo Taxi; el desarrollador Santiago Moquete y el empresario agr\u00edcola Marco Cabrera.<\/span><\/p>\n<\/p>\n<p><span class=\"text1noticias\">\tUno de los momentos m\u00e1s emotivos fue el \u00abMicr\u00f3fono abierto\u00bb, donde los sobrevivientes que no pudieron estar presente por estar fuera del pa\u00eds pudieron dar sus saludos al evento, por medio de llamadas telef\u00f3nicas. Aqu\u00ed intervinieron, entre otros, el reportero gr\u00e1fico Valent\u00edn P\u00e9rez Terrero, desde Miami; el pintor Silvio Reyes, desde Per\u00fa y el escritor y dramaturgo Di\u00f3genes Abreu, desde Nueva York.<\/span><\/p>\n<\/p>\n<p><span class=\"text1noticias\">\tDespu\u00e9s del almuerzo se pas\u00f3 al turno de las an\u00e9cdotas, donde los participantes relataron los momentos m\u00e1s dram\u00e1ticos que vivieron durante el per\u00edodo tumultuoso de 1961 hasta finales de los Doce A\u00f1os, destac\u00e1ndose la llegada del PRD y el asesinato de V\u00edctor Estrella Liz, la batalla del puente Duarte, la operaci\u00f3n Chapeo, la creaci\u00f3n de La Banda Color\u00e1, la Conferencia Hilda Gautreaux y otros eventos de relieve. Las an\u00e9cdotas contadas por Jos\u00e9 (El Chino) Bujosa fueron seleccionadas como las de mayor impacto. <\/span><\/p>\n<\/p>\n<p><span class=\"text1noticias\">\tLas rifas y los regalos consistieron en cuadros de pintura, libros, gorras y camisetas. Los cuadros, una docena,  fueron donados por Hilario Olivo, Osiris G\u00f3mez, Federico Cuello y Francisco Santos,  cuatro de los pintores de renombre del pa\u00eds, tambi\u00e9n miembros del grupo. Los libros fueron un regalo de varios de los escritores sobrevivientes y las gorras y camisetas las obsequi\u00f3 el \u00abMovimiento Revolucionario 12 de Enero\u00bb.<\/span><\/p>\n<\/p>\n<p><span class=\"text1noticias\">\tEl veterano locutor Arturo Suero M\u00e1rquez fungi\u00f3 como maestro de ceremonia y el actor Tony G\u00f3mez como disc jockey, mientras que Josefina Abinader fue la maestresala.<\/span><\/p>\n<\/p>\n<p><span class=\"text1noticias\">\tAl final se tom\u00f3 la foto de familia y se dio la despedida hasta el 5 de diciembre del 2020, fecha del pr\u00f3ximo encuentro.<\/span><\/p>\n<\/p>\n<\/p>\n<\/p>\n<h6> 2019-12-08 23:19:08 <\/h6>\n<p><!--\n<link rel=\"stylesheet\" href=\"css\/bootstrap.min.css\">\n\n\n<ul class=\"pagination\">\n\t    \n\t\n\n<li >\n\t<a href='?page_no=1012'>Previous<\/a>\n\t<\/li>\n\n\n       \n    \n\n<li><a href='?page_no=1'>1<\/a><\/li>\n\n\n\n<li><a href='?page_no=2'>2<\/a><\/li>\n\n\n\n<li><a>...<\/a><\/li>\n\n\n\n<li><a href='?page_no=1011'>1011<\/a><\/li>\n\n\n\n<li><a href='?page_no=1012'>1012<\/a><\/li>\n\n\n\n<li class='active'><a>1013<\/a><\/li>\n\n\n\n<li><a href='?page_no=1014'>1014<\/a><\/li>\n\n\n\n<li><a href='?page_no=1015'>1015<\/a><\/li>\n\n\n\n<li><a>...<\/a><\/li>\n\n\n\n<li><a href='?page_no=1549'>1549<\/a><\/li>\n\n\n\n<li><a href='?page_no=1550'>1550<\/a><\/li>\n\n    \n\t\n\n<li >\n\t<a href='?page_no=1014'>Next<\/a>\n\t<\/li>\n\n\n    \n\n<li><a href='?page_no=1550'>Last &rsaquo;&rsaquo;<\/a><\/li>\n\n<\/ul>\n\n\n--><br \/>\n<\/body><\/p>\n","protected":false},"excerpt":{"rendered":"<p>Diariodominicano.com Eligio Blanco Pe\u00f1a atento a los participantes. Villa Altagracia, RD.- Una lluvia de nostalgia cay\u00f3 el s\u00e1bado sobre la finca de Leonel Carrasco cuando decenas de artistas, intelectuales y gente com\u00fan se reencontraron, como cada diciembre, para rememorar las d\u00e9cadas de los a\u00f1os 50, 60 y 70 y las luchas y vivencias que los [&hellip;]<\/p>\n","protected":false},"author":3,"featured_media":0,"comment_status":"open","ping_status":"open","sticky":false,"template":"","format":"standard","meta":{"footnotes":""},"categories":[19],"tags":[],"class_list":["post-32101","post","type-post","status-publish","format-standard","hentry","category-mi-voz"],"_links":{"self":[{"href":"https:\/\/diariodominicano.com\/index.php?rest_route=\/wp\/v2\/posts\/32101","targetHints":{"allow":["GET"]}}],"collection":[{"href":"https:\/\/diariodominicano.com\/index.php?rest_route=\/wp\/v2\/posts"}],"about":[{"href":"https:\/\/diariodominicano.com\/index.php?rest_route=\/wp\/v2\/types\/post"}],"author":[{"embeddable":true,"href":"https:\/\/diariodominicano.com\/index.php?rest_route=\/wp\/v2\/users\/3"}],"replies":[{"embeddable":true,"href":"https:\/\/diariodominicano.com\/index.php?rest_route=%2Fwp%2Fv2%2Fcomments&post=32101"}],"version-history":[{"count":0,"href":"https:\/\/diariodominicano.com\/index.php?rest_route=\/wp\/v2\/posts\/32101\/revisions"}],"wp:attachment":[{"href":"https:\/\/diariodominicano.com\/index.php?rest_route=%2Fwp%2Fv2%2Fmedia&parent=32101"}],"wp:term":[{"taxonomy":"category","embeddable":true,"href":"https:\/\/diariodominicano.com\/index.php?rest_route=%2Fwp%2Fv2%2Fcategories&post=32101"},{"taxonomy":"post_tag","embeddable":true,"href":"https:\/\/diariodominicano.com\/index.php?rest_route=%2Fwp%2Fv2%2Ftags&post=32101"}],"curies":[{"name":"wp","href":"https:\/\/api.w.org\/{rel}","templated":true}]}}