{"id":320979,"date":"2022-01-02T10:08:47","date_gmt":"2022-01-02T14:08:47","guid":{"rendered":"http:\/\/diariodominicano.com\/?p=320979"},"modified":"2022-01-02T10:08:47","modified_gmt":"2022-01-02T14:08:47","slug":"barcelona-enfrenta-prueba-de-fuego-en-futbol-espanol","status":"publish","type":"post","link":"https:\/\/diariodominicano.com\/?p=320979","title":{"rendered":"Barcelona enfrenta prueba de fuego en f\u00fatbol espa\u00f1ol"},"content":{"rendered":"\n<p>Madrid, 2 ene (Prensa Latina) Un aut\u00e9ntico examen de resiliencia enfrentar\u00e1 hoy el Barcelona ante el Mallorca en la Liga espa\u00f1ola de f\u00fatbol, con la ausencia de 18 figuras por motivos dis\u00edmiles, entre ellos la Covid-19<\/p>\n\n\n\n<ul class=\"wp-block-list\"><li>enero 2, 2022<\/li><li>CST00:30 (GMT) -0500<\/li><\/ul>\n\n\n\n<p>Urgida de comenzar la traves\u00eda en 2022 de forma positiva, la selecci\u00f3n cul\u00e9 jugar\u00e1 de visitante en la grama del Estadi de Son Moix y la presencia de nueve exponentes del filial mantiene encendidas las alarmas de un club que pasa por horas bajas.<\/p>\n\n\n\n<p>Casos positivos al coronavirus SARS-CoV-2, sanciones y problemas f\u00edsicos obligaron al t\u00e9cnico Xavi Hern\u00e1ndez a levantar el tel\u00e9fono y hacer uso de la cantera, mientras mantiene vivo el anhelo de hacer suyos los tres puntos en el partido de marras.<\/p>\n\n\n\n<p>Pese al adverso contexto, el exmediocampista, campe\u00f3n mundial de Sud\u00e1frica 2010, expuso en conferencia de prensa que nada de eso ser\u00e1 excusa y sus dirigidos intentar\u00e1n salir victoriosos en la primera presentaci\u00f3n del a\u00f1o.<\/p>\n\n\n\n<p>Aunque algunos medios de prensa se\u00f1alan que ya dieron negativo en las \u00faltimas pruebas, la escuadra sufre los contagios de Clement Lenglet, Dani Alves, Ousmane Demb\u00e9l\u00e9, Sergi\u00f1o Dest, Philippe Coutinho, Abde, Gavi, Jordi Alba, Alejandro Bald\u00e9 y Samuel Umtiti.<\/p>\n\n\n\n<p>Por dem\u00e1s, el plantel catal\u00e1n tiene fuera por lesi\u00f3n (o en fase recuperativa) a Pedri, Ansu Fati, Memphis Depay, Ferran Torres, Sergi Roberto, Martin Braithwaite y Moussa Wague.<\/p>\n\n\n\n<p>De hecho, Hern\u00e1ndez apenas tiene disponibles a 11 jugadores del primer equipo, de ellos dos son porteros, y solo la l\u00ednea defensiva cuenta con varios efectivos del cuadro principal: Gerard Piqu\u00e9, Ronald Araujo, Eric Garc\u00eda y \u00d3scar Mingueza.<\/p>\n\n\n\n<p>Actualmente, el Barcelona marcha en el s\u00e9ptimo puesto de la clasificaci\u00f3n, con 28 unidades, cuando el Mallorca (20) descansa en el decimoquinto esca\u00f1o, cerca de la zona de descenso.<\/p>\n\n\n\n<p>El Real Madrid (46) lidera el certamen sin demasiadas complicaciones, por delante de Sevilla (38), Real Betis (33), Rayo Vallecano (20), Atl\u00e9tico de Madrid (29) y Real Sociedad (29), en ese orden.<\/p>\n\n\n\n<p>Los merengues chocar\u00e1n este domingo contra el Getafe y el Atl\u00e9tico versus el Rayo Vallecano en topes entre clubes de la capital espa\u00f1ola, al tiempo que igual pugnar\u00e1n Elche-Granada, Betis-Celta de Vigo y Real Sociedad-Alav\u00e9s.<\/p>\n\n\n\n<p>jha\/jdg<\/p>\n","protected":false},"excerpt":{"rendered":"<p>Madrid, 2 ene (Prensa Latina) Un aut\u00e9ntico examen de resiliencia enfrentar\u00e1 hoy el Barcelona ante el Mallorca en la Liga espa\u00f1ola de f\u00fatbol, con la ausencia de 18 figuras por motivos dis\u00edmiles, entre ellos la Covid-19 enero 2, 2022 CST00:30 (GMT) -0500 Urgida de comenzar la traves\u00eda en 2022 de forma positiva, la selecci\u00f3n cul\u00e9 [&hellip;]<\/p>\n","protected":false},"author":28,"featured_media":320980,"comment_status":"closed","ping_status":"","sticky":false,"template":"","format":"standard","meta":{"footnotes":""},"categories":[17],"tags":[],"class_list":["post-320979","post","type-post","status-publish","format-standard","has-post-thumbnail","hentry","category-deportes"],"_links":{"self":[{"href":"https:\/\/diariodominicano.com\/index.php?rest_route=\/wp\/v2\/posts\/320979","targetHints":{"allow":["GET"]}}],"collection":[{"href":"https:\/\/diariodominicano.com\/index.php?rest_route=\/wp\/v2\/posts"}],"about":[{"href":"https:\/\/diariodominicano.com\/index.php?rest_route=\/wp\/v2\/types\/post"}],"author":[{"embeddable":true,"href":"https:\/\/diariodominicano.com\/index.php?rest_route=\/wp\/v2\/users\/28"}],"replies":[{"embeddable":true,"href":"https:\/\/diariodominicano.com\/index.php?rest_route=%2Fwp%2Fv2%2Fcomments&post=320979"}],"version-history":[{"count":1,"href":"https:\/\/diariodominicano.com\/index.php?rest_route=\/wp\/v2\/posts\/320979\/revisions"}],"predecessor-version":[{"id":320981,"href":"https:\/\/diariodominicano.com\/index.php?rest_route=\/wp\/v2\/posts\/320979\/revisions\/320981"}],"wp:featuredmedia":[{"embeddable":true,"href":"https:\/\/diariodominicano.com\/index.php?rest_route=\/wp\/v2\/media\/320980"}],"wp:attachment":[{"href":"https:\/\/diariodominicano.com\/index.php?rest_route=%2Fwp%2Fv2%2Fmedia&parent=320979"}],"wp:term":[{"taxonomy":"category","embeddable":true,"href":"https:\/\/diariodominicano.com\/index.php?rest_route=%2Fwp%2Fv2%2Fcategories&post=320979"},{"taxonomy":"post_tag","embeddable":true,"href":"https:\/\/diariodominicano.com\/index.php?rest_route=%2Fwp%2Fv2%2Ftags&post=320979"}],"curies":[{"name":"wp","href":"https:\/\/api.w.org\/{rel}","templated":true}]}}