{"id":320968,"date":"2022-01-02T09:58:33","date_gmt":"2022-01-02T13:58:33","guid":{"rendered":"http:\/\/diariodominicano.com\/?p=320968"},"modified":"2022-01-02T09:58:33","modified_gmt":"2022-01-02T13:58:33","slug":"rusia-abre-con-triunfo-en-copa-atp-de-tenis","status":"publish","type":"post","link":"https:\/\/diariodominicano.com\/?p=320968","title":{"rendered":"Rusia abre con triunfo en Copa ATP de tenis"},"content":{"rendered":"\n<p>Melbourne, Australia, 2 ene (Prensa Latina) El equipo de Rusia, campe\u00f3n defensor, super\u00f3 hoy 2-1 a Francia en el inicio aqu\u00ed de la Copa de la Asociaci\u00f3n de Tenistas Profesionales (ATP).<\/p>\n\n\n\n<ul class=\"wp-block-list\"><li>enero 2, 2022<\/li><li>CST08:26 (GMT) -0500<\/li><\/ul>\n\n\n\n<p>Los rusos debieron reponerse a la derrota de su l\u00edder y n\u00famero dos del mundo, Daniil Medvedev, quien fue sorprendido por el joven Ugo Umbert, puesto 35 del escalaf\u00f3n universal, vencedor por 6-7(5\/7), 7-5 y 7-6(7\/2).<\/p>\n\n\n\n<p>El \u00e9xito del jugador franc\u00e9s emparej\u00f3 el match en su momento, pues Roman Safiullin (167), hab\u00eda abierto con triunfo de 2-6, 7-5 y 6-3 franc\u00e9s Arthur Rinderknech.<\/p>\n\n\n\n<p>Con la paridad 1-1 llegaron al decisivo juego de dobles, en el cual Safiullin y Medvedev, \u00e9ste \u00faltimo visiblemente cansado, unieron fuerzas para llevarse la victoria por doble 6-4 sobre Fabrice Martin y Edouard Roger-Vasselin.<\/p>\n\n\n\n<p>En su segunda presentaci\u00f3n, ma\u00f1ana, en el grupo B de la lid, Rusia medir\u00e1 fuerzas con el anfitri\u00f3n Australia, victorioso 2-1 sobre Italia, en tanto Francia topar\u00e1 con los italianos.<\/p>\n\n\n\n<p>oda\/rws<\/p>\n","protected":false},"excerpt":{"rendered":"<p>Melbourne, Australia, 2 ene (Prensa Latina) El equipo de Rusia, campe\u00f3n defensor, super\u00f3 hoy 2-1 a Francia en el inicio aqu\u00ed de la Copa de la Asociaci\u00f3n de Tenistas Profesionales (ATP). enero 2, 2022 CST08:26 (GMT) -0500 Los rusos debieron reponerse a la derrota de su l\u00edder y n\u00famero dos del mundo, Daniil Medvedev, quien [&hellip;]<\/p>\n","protected":false},"author":28,"featured_media":320969,"comment_status":"closed","ping_status":"","sticky":true,"template":"","format":"standard","meta":{"footnotes":""},"categories":[17,27],"tags":[],"class_list":["post-320968","post","type-post","status-publish","format-standard","has-post-thumbnail","hentry","category-deportes","category-portada"],"_links":{"self":[{"href":"https:\/\/diariodominicano.com\/index.php?rest_route=\/wp\/v2\/posts\/320968","targetHints":{"allow":["GET"]}}],"collection":[{"href":"https:\/\/diariodominicano.com\/index.php?rest_route=\/wp\/v2\/posts"}],"about":[{"href":"https:\/\/diariodominicano.com\/index.php?rest_route=\/wp\/v2\/types\/post"}],"author":[{"embeddable":true,"href":"https:\/\/diariodominicano.com\/index.php?rest_route=\/wp\/v2\/users\/28"}],"replies":[{"embeddable":true,"href":"https:\/\/diariodominicano.com\/index.php?rest_route=%2Fwp%2Fv2%2Fcomments&post=320968"}],"version-history":[{"count":1,"href":"https:\/\/diariodominicano.com\/index.php?rest_route=\/wp\/v2\/posts\/320968\/revisions"}],"predecessor-version":[{"id":320970,"href":"https:\/\/diariodominicano.com\/index.php?rest_route=\/wp\/v2\/posts\/320968\/revisions\/320970"}],"wp:featuredmedia":[{"embeddable":true,"href":"https:\/\/diariodominicano.com\/index.php?rest_route=\/wp\/v2\/media\/320969"}],"wp:attachment":[{"href":"https:\/\/diariodominicano.com\/index.php?rest_route=%2Fwp%2Fv2%2Fmedia&parent=320968"}],"wp:term":[{"taxonomy":"category","embeddable":true,"href":"https:\/\/diariodominicano.com\/index.php?rest_route=%2Fwp%2Fv2%2Fcategories&post=320968"},{"taxonomy":"post_tag","embeddable":true,"href":"https:\/\/diariodominicano.com\/index.php?rest_route=%2Fwp%2Fv2%2Ftags&post=320968"}],"curies":[{"name":"wp","href":"https:\/\/api.w.org\/{rel}","templated":true}]}}