{"id":32095,"date":"2019-12-09T19:57:44","date_gmt":"2019-12-09T19:57:44","guid":{"rendered":"http:\/\/diariodominicano.ddns.net\/?p=32095"},"modified":"2019-12-09T19:57:44","modified_gmt":"2019-12-09T19:57:44","slug":"verse-para-fundirse-al-verbo-de-dios","status":"publish","type":"post","link":"https:\/\/diariodominicano.com\/?p=32095","title":{"rendered":"VERSE PARA FUNDIRSE AL VERBO DE DIOS"},"content":{"rendered":"<p><body><\/p>\n<p><img decoding=\"async\" src=\"img3\/victor00.jpg\" \/>  <\/p>\n<p>COMPARTIENDO DI\u00c1LOGOS CONMIGO MISMO<\/p>\n<\/p>\n<p>VERSE PARA FUNDIRSE AL VERBO DE DIOS<\/p>\n<p>(Inmaculada Madre de Dios: \u00a1haznos sentir!)<\/p>\n<p><strong>I.- A QUIEN ES TODA POES\u00cdA<\/strong><\/p>\n<\/p>\n<p>A ti Inmaculada Se\u00f1ora, te dirijo este ramo de rimas,<\/p>\n<p>manado de mis entra\u00f1as y emanado a merced del alma,<\/p>\n<p>con el deseo de que sea acogido y abrigado este anhelo,<\/p>\n<p>en tu n\u00edveo regazo de Madre, siempre consoladora,<\/p>\n<p>pues tu presencia materna es un signo de amor filial.<\/p>\n<p>Intercede por nosotros, t\u00fa que has concebido a Jes\u00fas,<\/p>\n<p>t\u00fa que eres toda poes\u00eda ilumina nuestros torpes pasos,<\/p>\n<p>t\u00fa que eres toda belleza embell\u00e9cenos interiormente,<\/p>\n<p>t\u00fa que eres la salve vivificante cond\u00facenos hacia ti:<\/p>\n<p>muchos somos los perdidos, pocos los encauzados.<\/p>\n<p>Necesitamos reencontrarnos por siempre con el Padre,<\/p>\n<p>a \u00c9l llegamos por tu Hijo, con la fuerza del Esp\u00edritu<\/p>\n<p>y tu Gracia siempre intacta, crecida de misericordia,<\/p>\n<p>humilde en la morada y tambi\u00e9n mansa en la mirada.<\/p>\n<p>C\u00e1lmanos y c\u00f3lmanos, \u00a1estas nubes negras nos amortajan!<\/p>\n<\/p>\n<p><strong>II.- QUE LA POES\u00cdA VUELVA A NOSOTROS<\/strong><\/p>\n<\/p>\n<p>Vamos y venimos a ninguna parte, no hay retorno<\/p>\n<p>en el entorno de los d\u00edas, hemos de hacer enmienda,<\/p>\n<p>recobrar la luz del verbo y abrirse a un nuevo alba,<\/p>\n<p>innovar y renovarse espiritualmente, fortalecerse,<\/p>\n<p>renunciar a este mundo de poderes, ponerse a servir.<\/p>\n<p>La estrella estimulante de Mar\u00eda, nos impulse a vivir<\/p>\n<p>y a desvivirnos los unos por los otros, a conciliar<\/p>\n<p>y a reconciliarnos con la vida, a ser cultivadores<\/p>\n<p>de la aut\u00e9ntica palabra, la que brota de la esencia<\/p>\n<p>misma de la conciencia del ser por el que soy, y vivo.<\/p>\n<p>Somos hijos del amor, de la m\u00edstica de los latidos,<\/p>\n<p>del cauce del ritmo del amar, volvamos al curso<\/p>\n<p>de la poes\u00eda, concib\u00e1monos familia, profes\u00e9monos<\/p>\n<p>fidelidad para modelar ese poema interminable<\/p>\n<p>al que estamos llamados a formar parte y ser todo.<\/p>\n<\/p>\n<p><strong>III.- NUESTRO REFERENTE LA INMACULADA<\/strong><\/p>\n<\/p>\n<p>Mar\u00eda, salvada de todo pecado, es la pureza viva,<\/p>\n<p>la que nos clarea y despunta, su incorp\u00f3rea entereza<\/p>\n<p>nos enternece, tan profundo es su amor en amor<\/p>\n<p>hacia el Amado, que la puerta del cielo nos dona,<\/p>\n<p>y tan alta dicha nos mece, que todo se conmueve.<\/p>\n<p>La emoci\u00f3n concebida es proclamada por el canto<\/p>\n<p>de los \u00e1ngeles y aclamada por la paz del universo,<\/p>\n<p>que en verso versa la gloria m\u00edstica del nacimiento<\/p>\n<p>de Cristo, centelleo de gloria consumada en camino,<\/p>\n<p>ofrenda que mora y conmemora el j\u00fabilo del Creador.<\/p>\n<p>Porque la Madre de Dios, a Dios nos ha entregado,<\/p>\n<p>el destello de la inmortalidad nos reviste de quietud,<\/p>\n<p>y aunque la sombra de las noches terrenales sigan,<\/p>\n<p>hay una contemplativa en los labios de cada aurora,<\/p>\n<p>que nos hace sentirnos savia y hallarnos con la verdad.<\/p>\n<\/p>\n<p><strong>V\u00edctor CORCOBA HERRERO<\/strong><\/p>\n<p>corcoba@telefonica.net<\/p>\n<p>7 de diciembre de 2019<\/p>\n<h6> 2019-12-09 19:57:44 <\/h6>\n<p><!--\n<link rel=\"stylesheet\" href=\"css\/bootstrap.min.css\">\n\n\n<ul class=\"pagination\">\n\t    \n\t\n\n<li >\n\t<a href='?page_no=1007'>Previous<\/a>\n\t<\/li>\n\n\n       \n    \n\n<li><a href='?page_no=1'>1<\/a><\/li>\n\n\n\n<li><a href='?page_no=2'>2<\/a><\/li>\n\n\n\n<li><a>...<\/a><\/li>\n\n\n\n<li><a href='?page_no=1006'>1006<\/a><\/li>\n\n\n\n<li><a href='?page_no=1007'>1007<\/a><\/li>\n\n\n\n<li class='active'><a>1008<\/a><\/li>\n\n\n\n<li><a href='?page_no=1009'>1009<\/a><\/li>\n\n\n\n<li><a href='?page_no=1010'>1010<\/a><\/li>\n\n\n\n<li><a>...<\/a><\/li>\n\n\n\n<li><a href='?page_no=1549'>1549<\/a><\/li>\n\n\n\n<li><a href='?page_no=1550'>1550<\/a><\/li>\n\n    \n\t\n\n<li >\n\t<a href='?page_no=1009'>Next<\/a>\n\t<\/li>\n\n\n    \n\n<li><a href='?page_no=1550'>Last &rsaquo;&rsaquo;<\/a><\/li>\n\n<\/ul>\n\n\n--><br \/>\n<\/body><\/p>\n","protected":false},"excerpt":{"rendered":"<p>COMPARTIENDO DI\u00c1LOGOS CONMIGO MISMO VERSE PARA FUNDIRSE AL VERBO DE DIOS (Inmaculada Madre de Dios: \u00a1haznos sentir!) I.- A QUIEN ES TODA POES\u00cdA A ti Inmaculada Se\u00f1ora, te dirijo este ramo de rimas, manado de mis entra\u00f1as y emanado a merced del alma, con el deseo de que sea acogido y abrigado este anhelo, en [&hellip;]<\/p>\n","protected":false},"author":3,"featured_media":0,"comment_status":"open","ping_status":"open","sticky":false,"template":"","format":"standard","meta":{"footnotes":""},"categories":[19],"tags":[],"class_list":["post-32095","post","type-post","status-publish","format-standard","hentry","category-mi-voz"],"_links":{"self":[{"href":"https:\/\/diariodominicano.com\/index.php?rest_route=\/wp\/v2\/posts\/32095","targetHints":{"allow":["GET"]}}],"collection":[{"href":"https:\/\/diariodominicano.com\/index.php?rest_route=\/wp\/v2\/posts"}],"about":[{"href":"https:\/\/diariodominicano.com\/index.php?rest_route=\/wp\/v2\/types\/post"}],"author":[{"embeddable":true,"href":"https:\/\/diariodominicano.com\/index.php?rest_route=\/wp\/v2\/users\/3"}],"replies":[{"embeddable":true,"href":"https:\/\/diariodominicano.com\/index.php?rest_route=%2Fwp%2Fv2%2Fcomments&post=32095"}],"version-history":[{"count":0,"href":"https:\/\/diariodominicano.com\/index.php?rest_route=\/wp\/v2\/posts\/32095\/revisions"}],"wp:attachment":[{"href":"https:\/\/diariodominicano.com\/index.php?rest_route=%2Fwp%2Fv2%2Fmedia&parent=32095"}],"wp:term":[{"taxonomy":"category","embeddable":true,"href":"https:\/\/diariodominicano.com\/index.php?rest_route=%2Fwp%2Fv2%2Fcategories&post=32095"},{"taxonomy":"post_tag","embeddable":true,"href":"https:\/\/diariodominicano.com\/index.php?rest_route=%2Fwp%2Fv2%2Ftags&post=32095"}],"curies":[{"name":"wp","href":"https:\/\/api.w.org\/{rel}","templated":true}]}}