{"id":32092,"date":"2019-12-10T11:24:49","date_gmt":"2019-12-10T11:24:49","guid":{"rendered":"http:\/\/diariodominicano.ddns.net\/?p=32092"},"modified":"2019-12-10T11:24:49","modified_gmt":"2019-12-10T11:24:49","slug":"jefe-de-senado-de-chile-critica-fuerte-vulneracion-de-derechos-humanos","status":"publish","type":"post","link":"https:\/\/diariodominicano.com\/?p=32092","title":{"rendered":"Jefe de Senado de Chile critica fuerte vulneraci\u00f3n de derechos humanos"},"content":{"rendered":"<p><body><\/p>\n<p><img decoding=\"async\" src=\"img3\/chil0111.jpg\" \/>  <\/p>\n<p>Santiago de Chile, 10 dic (Prensa Latina) El presidente del Senado de Chile, Jaime Quintana, responsabiliz\u00f3 hoy directamente al Gobierno y las fuerzas policiales de lo que calific\u00f3 de fuerte vulneraci\u00f3n de los derechos humanos en el pa\u00eds.<\/p>\n<\/p>\n<p>En declaraciones a Radio Cooperativa, Quintana puntualiz\u00f3 que &#8216;ha habido por lo menos, si no sistem\u00e1tica, una generalizada violaci\u00f3n de derechos humanos. En eso hay una responsabilidad del Ejecutivo o de las polic\u00edas&#8217;.<\/p>\n<\/p>\n<p>El senador se refiri\u00f3 as\u00ed, a la fuerte represi\u00f3n desatada desde el 18 de octubre contra las manifestaciones, mayormente pac\u00edficas, en reclamo de cambios profundos para el pa\u00eds.<\/p>\n<\/p>\n<p>Asimismo hizo alusi\u00f3n al inicio este martes en el Senado de la revisi\u00f3n de la acusaci\u00f3n constitucional contra el ex ministro del Interior Andr\u00e9s Chadwick, aprobada en la C\u00e1mara de Diputados, y que tendr\u00e1 su momento clave ma\u00f1ana cuando el pleno de los senadores digan la \u00faltima palabra.<\/p>\n<\/p>\n<p>La sesi\u00f3n se realiza coincidentemente en el d\u00eda internacional de los derechos humanos, que ser\u00e1 recordado aqu\u00ed con manifestaciones sociales que reclaman justicia para las v\u00edctimas y condenas para los represores.<\/p>\n<\/p>\n<p>Al respecto, Quintana expres\u00f3 que los parlamentarios deben emitir &#8216;un voto en consciencia, pero el tema de los derechos humanos tambi\u00e9n son parte de esa consciencia que tenemos como pa\u00eds&#8217;.<\/p>\n<\/p>\n<p>A\u00f1adi\u00f3 que &#8216;no estoy diciendo con ello necesariamente que voy a aprobar la acusaci\u00f3n, pero efectivamente sabemos que esta acusaci\u00f3n est\u00e1 basada en el tema de derechos humanos. Va a ser un voto bien riguroso, aqu\u00ed no hay un acuerdo ni de partido, ni de bancada ni de oposici\u00f3n&#8217;.<\/p>\n<\/p>\n<p>Quintana subray\u00f3 que &#8216;si finalmente se demuestra en el transcurso de esta jornada o de la lectura de los dos cap\u00edtulos de que hay responsabilidad directa del exministro Chadwick, no quepa ninguna duda que finalmente se va a aprobar la acusaci\u00f3n en su contra&#8217;.<\/p>\n<\/p>\n<p>El Gobierno busca por todas las v\u00edas exonerar a Chadwick de su responsabilidad y, seg\u00fan se conoci\u00f3, la acusaci\u00f3n requiere el respaldo de al menos 22 senadores, por lo que el ejecutivo necesita conseguir tres votos de la oposici\u00f3n como m\u00ednimo para que la acusaci\u00f3n sea rechazada.<\/p>\n<\/p>\n<p>Durante este martes los diputados miembros de la comisi\u00f3n especial que formalizar\u00e1n la acusaci\u00f3n expondr\u00e1n sus informes, y posteriormente la defensa del acusado har\u00e1 sus descargos, mientras que ma\u00f1ana, en sesi\u00f3n especial, cada senador fundamentar\u00e1 su voto.<\/p>\n<\/p>\n<p>De resultar aprobada, Chadwick ser\u00eda privado de ocupar cargos p\u00fablicos en los pr\u00f3ximos cinco a\u00f1os.<\/p>\n<\/p>\n<p>mgt\/rc<\/p>\n<h6> 2019-12-10 11:24:49 <\/h6>\n<p><!--\n<link rel=\"stylesheet\" href=\"css\/bootstrap.min.css\">\n\n\n<ul class=\"pagination\">\n\t    \n\t\n\n<li >\n\t<a href='?page_no=1004'>Previous<\/a>\n\t<\/li>\n\n\n       \n    \n\n<li><a href='?page_no=1'>1<\/a><\/li>\n\n\n\n<li><a href='?page_no=2'>2<\/a><\/li>\n\n\n\n<li><a>...<\/a><\/li>\n\n\n\n<li><a href='?page_no=1003'>1003<\/a><\/li>\n\n\n\n<li><a href='?page_no=1004'>1004<\/a><\/li>\n\n\n\n<li class='active'><a>1005<\/a><\/li>\n\n\n\n<li><a href='?page_no=1006'>1006<\/a><\/li>\n\n\n\n<li><a href='?page_no=1007'>1007<\/a><\/li>\n\n\n\n<li><a>...<\/a><\/li>\n\n\n\n<li><a href='?page_no=1549'>1549<\/a><\/li>\n\n\n\n<li><a href='?page_no=1550'>1550<\/a><\/li>\n\n    \n\t\n\n<li >\n\t<a href='?page_no=1006'>Next<\/a>\n\t<\/li>\n\n\n    \n\n<li><a href='?page_no=1550'>Last &rsaquo;&rsaquo;<\/a><\/li>\n\n<\/ul>\n\n\n--><br \/>\n<\/body><\/p>\n","protected":false},"excerpt":{"rendered":"<p>Santiago de Chile, 10 dic (Prensa Latina) El presidente del Senado de Chile, Jaime Quintana, responsabiliz\u00f3 hoy directamente al Gobierno y las fuerzas policiales de lo que calific\u00f3 de fuerte vulneraci\u00f3n de los derechos humanos en el pa\u00eds. En declaraciones a Radio Cooperativa, Quintana puntualiz\u00f3 que &#8216;ha habido por lo menos, si no sistem\u00e1tica, una [&hellip;]<\/p>\n","protected":false},"author":3,"featured_media":0,"comment_status":"open","ping_status":"open","sticky":false,"template":"","format":"standard","meta":{"footnotes":""},"categories":[19],"tags":[],"class_list":["post-32092","post","type-post","status-publish","format-standard","hentry","category-mi-voz"],"_links":{"self":[{"href":"https:\/\/diariodominicano.com\/index.php?rest_route=\/wp\/v2\/posts\/32092","targetHints":{"allow":["GET"]}}],"collection":[{"href":"https:\/\/diariodominicano.com\/index.php?rest_route=\/wp\/v2\/posts"}],"about":[{"href":"https:\/\/diariodominicano.com\/index.php?rest_route=\/wp\/v2\/types\/post"}],"author":[{"embeddable":true,"href":"https:\/\/diariodominicano.com\/index.php?rest_route=\/wp\/v2\/users\/3"}],"replies":[{"embeddable":true,"href":"https:\/\/diariodominicano.com\/index.php?rest_route=%2Fwp%2Fv2%2Fcomments&post=32092"}],"version-history":[{"count":0,"href":"https:\/\/diariodominicano.com\/index.php?rest_route=\/wp\/v2\/posts\/32092\/revisions"}],"wp:attachment":[{"href":"https:\/\/diariodominicano.com\/index.php?rest_route=%2Fwp%2Fv2%2Fmedia&parent=32092"}],"wp:term":[{"taxonomy":"category","embeddable":true,"href":"https:\/\/diariodominicano.com\/index.php?rest_route=%2Fwp%2Fv2%2Fcategories&post=32092"},{"taxonomy":"post_tag","embeddable":true,"href":"https:\/\/diariodominicano.com\/index.php?rest_route=%2Fwp%2Fv2%2Ftags&post=32092"}],"curies":[{"name":"wp","href":"https:\/\/api.w.org\/{rel}","templated":true}]}}