{"id":32091,"date":"2019-12-10T11:28:01","date_gmt":"2019-12-10T11:28:01","guid":{"rendered":"http:\/\/diariodominicano.ddns.net\/?p=32091"},"modified":"2019-12-10T11:28:01","modified_gmt":"2019-12-10T11:28:01","slug":"no-mas-lugar-para-colonialismos-en-el-siglo-xxi-dice-fernandez","status":"publish","type":"post","link":"https:\/\/diariodominicano.com\/?p=32091","title":{"rendered":"No m\u00e1s lugar para colonialismos en el siglo XXI, dice Fern\u00e1ndez"},"content":{"rendered":"<p><body><\/p>\n<p><img decoding=\"async\" src=\"img3\/arg01.jpg\" \/>  <\/p>\n<p>Buenos Aires, 10 dic (Prensa Latina) El nuevo presidente de Argentina, Alberto Fern\u00e1ndez, afirm\u00f3 que hoy no hay m\u00e1s lugar para colonialismos en el siglo XXI, al subrayar el derecho inclaudicable de este pa\u00eds sobre las Islas Malvinas.<\/p>\n<\/p>\n<p>Al abogar por la libertad y la autonom\u00eda de los pueblos, desde el Congreso de la Naci\u00f3n, donde anunci\u00f3 varias medidas concretas, el mandatario fue enf\u00e1tico al reafirmar el compromiso de su nueva gesti\u00f3n para potenciar el leg\u00edtimo e imprescriptible reclamo sobre ese territorio en disputa, usurpado por el Reino Unido.<\/p>\n<\/p>\n<p>Y lo haremos, dijo, sabiendo que nos acompa\u00f1an los pueblos de Am\u00e9rica Latina y el mundo y convencidos que el \u00fanico camino posible es el de la paz y la diplomacia, dijo ante la mirada atenta de varios mandatarios gobernantes que asisten a la ceremonia de investidura.<\/p>\n<\/p>\n<p>Se\u00f1al\u00f3 que para esta tarea un presidente o un gobierno no alcanza, y en esa necesidad de una pol\u00edtica de estado de mediano y largo plazo anunci\u00f3 que convocar\u00e1 a un Consejo donde tengan participaci\u00f3n de todas las fuerzas pol\u00edticas, representantes del mundo acad\u00e9mico y de los excombatientes de Malvinas.<\/p>\n<\/p>\n<p>Su objetivo, un consenso para dise\u00f1ar estrategias que puedan conducir con \u00e9xito los reclamos, m\u00e1s all\u00e1 de los calendarios electorales.<\/p>\n<\/p>\n<p>Fern\u00e1ndez convoc\u00f3 a todos sin distinci\u00f3n de partidos a trabajar por nuestros derechos sobre las Islas Malvinas, la plataforma continental, la Ant\u00e1rtida y los recursos naturales que esas extensiones poseen &#8216;porque pertenecen a todos los argentinos&#8217;.<\/p>\n<\/p>\n<p>En su discurso tambi\u00e9n adelant\u00f3 que en los pr\u00f3ximos d\u00edas enviar\u00e1 al Congreso la propuesta para la creaci\u00f3n de un Consejo Econ\u00f3mico Social para el desarrollo, abocado a dise\u00f1ar un conjunto de pol\u00edticas de estado, con rango legislativo, y que en ese \u00e1mbito se dise\u00f1en los grandes pilares productivos de mediano y largo plazo.<\/p>\n<\/p>\n<p>Habl\u00f3 de varios imperativos en varios frentes, hoy irrevocables, y, en medio de una cerrada ovaci\u00f3n, abog\u00f3 por el Nunca m\u00e1s, frase que retumb\u00f3 en el lugar.<\/p>\n<\/p>\n<p>Reiter\u00f3 en varios momentos, en referencia a las v\u00edctimas del terrorismo de Estado y de todos aquellos que hoy siguen desaparecidos por una dictadura militar (1976-1983) que a\u00fan mantiene heridas abiertas en este pa\u00eds.<\/p>\n<\/p>\n<p>Es tiempo de ciudadanizar la democracia, sin justicia e independencia, no hay democracia, dijo.<\/p>\n<\/p>\n<p>A\u00f1adi\u00f3 &#8216;ante esta asamblea y todos los argentinos contundentes, nunca m\u00e1s&#8217;, repiti\u00f3, nunca m\u00e1s una justicia contaminada por servicios inteligencias, contaminada por operadores judiciales, por procedimientos oscuros y por linchamientos medi\u00e1ticos.<\/p>\n<\/p>\n<p>oda\/may<\/p>\n<h6> 2019-12-10 11:28:01 <\/h6>\n<p><!--\n<link rel=\"stylesheet\" href=\"css\/bootstrap.min.css\">\n\n\n<ul class=\"pagination\">\n\t    \n\t\n\n<li >\n\t<a href='?page_no=1003'>Previous<\/a>\n\t<\/li>\n\n\n       \n    \n\n<li><a href='?page_no=1'>1<\/a><\/li>\n\n\n\n<li><a href='?page_no=2'>2<\/a><\/li>\n\n\n\n<li><a>...<\/a><\/li>\n\n\n\n<li><a href='?page_no=1002'>1002<\/a><\/li>\n\n\n\n<li><a href='?page_no=1003'>1003<\/a><\/li>\n\n\n\n<li class='active'><a>1004<\/a><\/li>\n\n\n\n<li><a href='?page_no=1005'>1005<\/a><\/li>\n\n\n\n<li><a href='?page_no=1006'>1006<\/a><\/li>\n\n\n\n<li><a>...<\/a><\/li>\n\n\n\n<li><a href='?page_no=1549'>1549<\/a><\/li>\n\n\n\n<li><a href='?page_no=1550'>1550<\/a><\/li>\n\n    \n\t\n\n<li >\n\t<a href='?page_no=1005'>Next<\/a>\n\t<\/li>\n\n\n    \n\n<li><a href='?page_no=1550'>Last &rsaquo;&rsaquo;<\/a><\/li>\n\n<\/ul>\n\n\n--><br \/>\n<\/body><\/p>\n","protected":false},"excerpt":{"rendered":"<p>Buenos Aires, 10 dic (Prensa Latina) El nuevo presidente de Argentina, Alberto Fern\u00e1ndez, afirm\u00f3 que hoy no hay m\u00e1s lugar para colonialismos en el siglo XXI, al subrayar el derecho inclaudicable de este pa\u00eds sobre las Islas Malvinas. Al abogar por la libertad y la autonom\u00eda de los pueblos, desde el Congreso de la Naci\u00f3n, [&hellip;]<\/p>\n","protected":false},"author":3,"featured_media":0,"comment_status":"open","ping_status":"open","sticky":false,"template":"","format":"standard","meta":{"footnotes":""},"categories":[19],"tags":[],"class_list":["post-32091","post","type-post","status-publish","format-standard","hentry","category-mi-voz"],"_links":{"self":[{"href":"https:\/\/diariodominicano.com\/index.php?rest_route=\/wp\/v2\/posts\/32091","targetHints":{"allow":["GET"]}}],"collection":[{"href":"https:\/\/diariodominicano.com\/index.php?rest_route=\/wp\/v2\/posts"}],"about":[{"href":"https:\/\/diariodominicano.com\/index.php?rest_route=\/wp\/v2\/types\/post"}],"author":[{"embeddable":true,"href":"https:\/\/diariodominicano.com\/index.php?rest_route=\/wp\/v2\/users\/3"}],"replies":[{"embeddable":true,"href":"https:\/\/diariodominicano.com\/index.php?rest_route=%2Fwp%2Fv2%2Fcomments&post=32091"}],"version-history":[{"count":0,"href":"https:\/\/diariodominicano.com\/index.php?rest_route=\/wp\/v2\/posts\/32091\/revisions"}],"wp:attachment":[{"href":"https:\/\/diariodominicano.com\/index.php?rest_route=%2Fwp%2Fv2%2Fmedia&parent=32091"}],"wp:term":[{"taxonomy":"category","embeddable":true,"href":"https:\/\/diariodominicano.com\/index.php?rest_route=%2Fwp%2Fv2%2Fcategories&post=32091"},{"taxonomy":"post_tag","embeddable":true,"href":"https:\/\/diariodominicano.com\/index.php?rest_route=%2Fwp%2Fv2%2Ftags&post=32091"}],"curies":[{"name":"wp","href":"https:\/\/api.w.org\/{rel}","templated":true}]}}