{"id":32090,"date":"2019-12-10T11:30:36","date_gmt":"2019-12-10T11:30:36","guid":{"rendered":"http:\/\/diariodominicano.ddns.net\/?p=32090"},"modified":"2019-12-10T11:30:36","modified_gmt":"2019-12-10T11:30:36","slug":"gestion-de-evo-morales-mejoro-desarrollo-humano-de-bolivia","status":"publish","type":"post","link":"https:\/\/diariodominicano.com\/?p=32090","title":{"rendered":"Gesti\u00f3n de Evo Morales mejor\u00f3 desarrollo humano de Bolivia"},"content":{"rendered":"<p><body><\/p>\n<p><img decoding=\"async\" src=\"img3\/educb.jpg\" \/>  <\/p>\n<p>La Paz, 10 dic (Prensa Latina) La validez de las pol\u00edticas econ\u00f3micas y sociales aplicadas en Bolivia durante los mandatos del presidente Evo Morales ubican al pa\u00eds hoy entre los de mejor \u00cdndice de Desarrollo Humano, seg\u00fan el informe correspondiente a este a\u00f1o.<\/p>\n<\/p>\n<p>El Programa de Naciones Unidas para el Desarrollo (PNUD) present\u00f3 en Colombia el Informe sobre Desarrollo Humano 2019, que sit\u00faa a Bolivia en el puesto 114 de una lista de 189 pa\u00edses revisados por el organismo internacional.<\/p>\n<\/p>\n<p>Sobre el reconocimiento, el expresidente Evo Morales destac\u00f3 en su cuenta de Twitter la importancia de que, por primera vez en la historia de esos estudios, Bolivia aparezca con una buena ubicaci\u00f3n.<\/p>\n<\/p>\n<p>&#8216;Somos uno de los pa\u00edses con \u00cdndice de Desarrollo Humano alto, gracias a los m\u00e1s de 13 a\u00f1os de #Revoluci\u00f3nDemocr\u00e1ticaCultural. Es uno de los patrimonios m\u00e1s importantes que debemos proteger de la destrucci\u00f3n golpista&#8217;, escribi\u00f3 Morales en la red social.<\/p>\n<\/p>\n<p>El Informe sobre Desarrollo Humano 2019 est\u00e1 centrado en las desigualdades globales, regionales y por pa\u00edses a partir de elementos como el ingreso, empleo, educaci\u00f3n, g\u00e9nero y acceso a la tecnolog\u00eda, entre otros.<\/p>\n<\/p>\n<p>De acuerdo con el an\u00e1lisis, los pa\u00edses se agrupan en Desarrollo Humano Muy Alto, Alto, Medio y Bajo.<\/p>\n<\/p>\n<p>En el informe de 2018 Bolivia ocup\u00f3 el puesto 118, que ubicaba al pa\u00eds en el grupo de Desarrollo Humano Medio, por lo que el lugar 114 del m\u00e1s reciente estudio y el ascenso a la secci\u00f3n de Desarrollo Humano Alto es visto como un espaldarazo a los a\u00f1os de gobierno liderado por Morales.<\/p>\n<\/p>\n<p>mgt\/avs<\/p>\n<h6> 2019-12-10 11:30:36 <\/h6>\n<p><!--\n<link rel=\"stylesheet\" href=\"css\/bootstrap.min.css\">\n\n\n<ul class=\"pagination\">\n\t    \n\t\n\n<li >\n\t<a href='?page_no=1002'>Previous<\/a>\n\t<\/li>\n\n\n       \n    \n\n<li><a href='?page_no=1'>1<\/a><\/li>\n\n\n\n<li><a href='?page_no=2'>2<\/a><\/li>\n\n\n\n<li><a>...<\/a><\/li>\n\n\n\n<li><a href='?page_no=1001'>1001<\/a><\/li>\n\n\n\n<li><a href='?page_no=1002'>1002<\/a><\/li>\n\n\n\n<li class='active'><a>1003<\/a><\/li>\n\n\n\n<li><a href='?page_no=1004'>1004<\/a><\/li>\n\n\n\n<li><a href='?page_no=1005'>1005<\/a><\/li>\n\n\n\n<li><a>...<\/a><\/li>\n\n\n\n<li><a href='?page_no=1549'>1549<\/a><\/li>\n\n\n\n<li><a href='?page_no=1550'>1550<\/a><\/li>\n\n    \n\t\n\n<li >\n\t<a href='?page_no=1004'>Next<\/a>\n\t<\/li>\n\n\n    \n\n<li><a href='?page_no=1550'>Last &rsaquo;&rsaquo;<\/a><\/li>\n\n<\/ul>\n\n\n--><br \/>\n<\/body><\/p>\n","protected":false},"excerpt":{"rendered":"<p>La Paz, 10 dic (Prensa Latina) La validez de las pol\u00edticas econ\u00f3micas y sociales aplicadas en Bolivia durante los mandatos del presidente Evo Morales ubican al pa\u00eds hoy entre los de mejor \u00cdndice de Desarrollo Humano, seg\u00fan el informe correspondiente a este a\u00f1o. El Programa de Naciones Unidas para el Desarrollo (PNUD) present\u00f3 en Colombia [&hellip;]<\/p>\n","protected":false},"author":3,"featured_media":0,"comment_status":"open","ping_status":"open","sticky":false,"template":"","format":"standard","meta":{"footnotes":""},"categories":[19],"tags":[],"class_list":["post-32090","post","type-post","status-publish","format-standard","hentry","category-mi-voz"],"_links":{"self":[{"href":"https:\/\/diariodominicano.com\/index.php?rest_route=\/wp\/v2\/posts\/32090","targetHints":{"allow":["GET"]}}],"collection":[{"href":"https:\/\/diariodominicano.com\/index.php?rest_route=\/wp\/v2\/posts"}],"about":[{"href":"https:\/\/diariodominicano.com\/index.php?rest_route=\/wp\/v2\/types\/post"}],"author":[{"embeddable":true,"href":"https:\/\/diariodominicano.com\/index.php?rest_route=\/wp\/v2\/users\/3"}],"replies":[{"embeddable":true,"href":"https:\/\/diariodominicano.com\/index.php?rest_route=%2Fwp%2Fv2%2Fcomments&post=32090"}],"version-history":[{"count":0,"href":"https:\/\/diariodominicano.com\/index.php?rest_route=\/wp\/v2\/posts\/32090\/revisions"}],"wp:attachment":[{"href":"https:\/\/diariodominicano.com\/index.php?rest_route=%2Fwp%2Fv2%2Fmedia&parent=32090"}],"wp:term":[{"taxonomy":"category","embeddable":true,"href":"https:\/\/diariodominicano.com\/index.php?rest_route=%2Fwp%2Fv2%2Fcategories&post=32090"},{"taxonomy":"post_tag","embeddable":true,"href":"https:\/\/diariodominicano.com\/index.php?rest_route=%2Fwp%2Fv2%2Ftags&post=32090"}],"curies":[{"name":"wp","href":"https:\/\/api.w.org\/{rel}","templated":true}]}}