{"id":32089,"date":"2019-12-10T11:34:40","date_gmt":"2019-12-10T11:34:40","guid":{"rendered":"http:\/\/diariodominicano.ddns.net\/?p=32089"},"modified":"2019-12-10T11:34:40","modified_gmt":"2019-12-10T11:34:40","slug":"marchan-en-francia-contra-reforma-de-la-jubilacion","status":"publish","type":"post","link":"https:\/\/diariodominicano.com\/?p=32089","title":{"rendered":"Marchan en Francia contra reforma de la jubilaci\u00f3n"},"content":{"rendered":"<p><body><\/p>\n<p><img decoding=\"async\" src=\"img3\/franc011.jpg\" \/>  <\/p>\n<p>FotosPL: Ileana Pi\u00f1eiro<\/p>\n<\/p>\n<p>Par\u00eds, 10 dic (Prensa Latina) Decenas de miles de personas volvieron hoy a las calles de esta capital y otras ciudades de Francia para exigir al gobierno la anulaci\u00f3n de la reforma del sistema de jubilaci\u00f3n.<\/p>\n<\/p>\n<p>Convocados en medio del paro nacional contra la reforma por dos de las tres principales organizaciones sindicales del pa\u00eds, la Confederaci\u00f3n General del Trabajo (CGT) y Fuerza Obrera (FO), los participantes portaron pancartas y banderas y gritaron consignas, algunas muy cr\u00edticas hacia el presidente Emmanuel Macron.<\/p>\n<\/p>\n<p>&#8216;No al r\u00e9gimen universal de retiro por puntos&#8217;, reflej\u00f3 uno de los grandes carteles en la manifestaci\u00f3n parisina, un sentir dominante en muchos de los sectores, que recuerdan el negativo impacto de proyectos similares en otros pa\u00edses de Europa, entre ellos Suecia.<\/p>\n<\/p>\n<p>Al respecto, el secretario general de la CGT, Philippe Mart\u00ednez, insisti\u00f3 en que la jubilaci\u00f3n por puntos &#8216;no tiene nada de bueno&#8217;, y en que lo m\u00e1s recomendable es mejorar el sistema actual.<\/p>\n<\/p>\n<p>Las protestas de hoy siguen a las realizadas el jueves, en el primer d\u00eda de la huelga, cuando m\u00e1s de un mill\u00f3n de franceses desfilaron en las principales ciudades.<\/p>\n<\/p>\n<p>Este martes, la polic\u00eda realiz\u00f3 otro gran despliegue, con incidentes aislados, que incluyeron hasta las primeras horas de la tarde una decena de arrestos y m\u00e1s de mil 700 controles.<\/p>\n<\/p>\n<p>A prop\u00f3sito de los polic\u00edas, sus sindicatos anunciaron que ma\u00f1ana se sumar\u00e1n al paro contra la reforma, en un nuevo dolor de cabeza para el gobierno, que insiste en impulsar la iniciativa, una de las promesas de campa\u00f1a de Macron.<\/p>\n<\/p>\n<p>El primer ministro, Edouard Philippe, presentar\u00e1 ma\u00f1ana el proyecto en detalle, argumentando que el inter\u00e9s no es el de la confrontaci\u00f3n.<\/p>\n<\/p>\n<p>Desde el jueves, las afectaciones al transporte p\u00fablico han sido severas, con escasos trenes prestando servicios internacionales y entre ciudades y regiones del pa\u00eds, mientras en esta capital la situaci\u00f3n ha sido cr\u00edtica, con kil\u00f3metros de embotellamientos y solo dos de las 16 l\u00edneas del metro trabajando de manera regular.<\/p>\n<\/p>\n<p>Tambi\u00e9n fueron cancelados decenas de vuelos dom\u00e9sticos y de distancia media, y una cifra importante de escuelas amaneci\u00f3 sin algunos de sus maestros, aunque el Ministerio de Educaci\u00f3n asegur\u00f3 que se sumaron menos profesores a la huelga que hace cinco d\u00edas.<\/p>\n<\/p>\n<p>rgh\/wmr\/gdc<\/p>\n<h6> 2019-12-10 11:34:40 <\/h6>\n<p><!--\n<link rel=\"stylesheet\" href=\"css\/bootstrap.min.css\">\n\n\n<ul class=\"pagination\">\n\t    \n\t\n\n<li >\n\t<a href='?page_no=1001'>Previous<\/a>\n\t<\/li>\n\n\n       \n    \n\n<li><a href='?page_no=1'>1<\/a><\/li>\n\n\n\n<li><a href='?page_no=2'>2<\/a><\/li>\n\n\n\n<li><a>...<\/a><\/li>\n\n\n\n<li><a href='?page_no=1000'>1000<\/a><\/li>\n\n\n\n<li><a href='?page_no=1001'>1001<\/a><\/li>\n\n\n\n<li class='active'><a>1002<\/a><\/li>\n\n\n\n<li><a href='?page_no=1003'>1003<\/a><\/li>\n\n\n\n<li><a href='?page_no=1004'>1004<\/a><\/li>\n\n\n\n<li><a>...<\/a><\/li>\n\n\n\n<li><a href='?page_no=1549'>1549<\/a><\/li>\n\n\n\n<li><a href='?page_no=1550'>1550<\/a><\/li>\n\n    \n\t\n\n<li >\n\t<a href='?page_no=1003'>Next<\/a>\n\t<\/li>\n\n\n    \n\n<li><a href='?page_no=1550'>Last &rsaquo;&rsaquo;<\/a><\/li>\n\n<\/ul>\n\n\n--><br \/>\n<\/body><\/p>\n","protected":false},"excerpt":{"rendered":"<p>FotosPL: Ileana Pi\u00f1eiro Par\u00eds, 10 dic (Prensa Latina) Decenas de miles de personas volvieron hoy a las calles de esta capital y otras ciudades de Francia para exigir al gobierno la anulaci\u00f3n de la reforma del sistema de jubilaci\u00f3n. Convocados en medio del paro nacional contra la reforma por dos de las tres principales organizaciones [&hellip;]<\/p>\n","protected":false},"author":3,"featured_media":0,"comment_status":"open","ping_status":"open","sticky":false,"template":"","format":"standard","meta":{"footnotes":""},"categories":[19],"tags":[],"class_list":["post-32089","post","type-post","status-publish","format-standard","hentry","category-mi-voz"],"_links":{"self":[{"href":"https:\/\/diariodominicano.com\/index.php?rest_route=\/wp\/v2\/posts\/32089","targetHints":{"allow":["GET"]}}],"collection":[{"href":"https:\/\/diariodominicano.com\/index.php?rest_route=\/wp\/v2\/posts"}],"about":[{"href":"https:\/\/diariodominicano.com\/index.php?rest_route=\/wp\/v2\/types\/post"}],"author":[{"embeddable":true,"href":"https:\/\/diariodominicano.com\/index.php?rest_route=\/wp\/v2\/users\/3"}],"replies":[{"embeddable":true,"href":"https:\/\/diariodominicano.com\/index.php?rest_route=%2Fwp%2Fv2%2Fcomments&post=32089"}],"version-history":[{"count":0,"href":"https:\/\/diariodominicano.com\/index.php?rest_route=\/wp\/v2\/posts\/32089\/revisions"}],"wp:attachment":[{"href":"https:\/\/diariodominicano.com\/index.php?rest_route=%2Fwp%2Fv2%2Fmedia&parent=32089"}],"wp:term":[{"taxonomy":"category","embeddable":true,"href":"https:\/\/diariodominicano.com\/index.php?rest_route=%2Fwp%2Fv2%2Fcategories&post=32089"},{"taxonomy":"post_tag","embeddable":true,"href":"https:\/\/diariodominicano.com\/index.php?rest_route=%2Fwp%2Fv2%2Ftags&post=32089"}],"curies":[{"name":"wp","href":"https:\/\/api.w.org\/{rel}","templated":true}]}}