{"id":320878,"date":"2022-01-01T14:03:01","date_gmt":"2022-01-01T18:03:01","guid":{"rendered":"http:\/\/diariodominicano.com\/?p=320878"},"modified":"2022-01-01T14:03:01","modified_gmt":"2022-01-01T18:03:01","slug":"espanol-alcaraz-y-estadounidense-korda-discuten-cetro-de-tenis-joven","status":"publish","type":"post","link":"https:\/\/diariodominicano.com\/?p=320878","title":{"rendered":"Espa\u00f1ol Alcaraz y estadounidense Korda discuten cetro de tenis joven"},"content":{"rendered":"\n<p>Mil\u00e1n, Italia, 13 nov (Prensa Latina) El espa\u00f1ol Carlos Alcaraz y el estadounidense Sebastian Korda se enfrentan hoy en Italia por el t\u00edtulo de la cuarta edici\u00f3n del Masters de Nueva Generaci\u00f3n, certamen que re\u00fane a los mejores tenistas j\u00f3venes del planeta.<\/p>\n\n\n\n<ul class=\"wp-block-list\"><li>noviembre 13, 2021<\/li><li>CST01:13 (GMT) -0500<\/li><\/ul>\n\n\n\n<p>Alcaraz, n\u00famero 32 del orbe, super\u00f3 el viernes sin complicaciones al argentino Sebasti\u00e1n B\u00e1ez por un aplastante 4-2, 4-1 y 4-2 y ratific\u00f3 su condici\u00f3n de primer favorito de la justa.<\/p>\n\n\n\n<p>En tanto, Korda protagoniz\u00f3 un emotivo duelo frente a su connacional Brandon Nakashima que se extendi\u00f3 a cinco sets hasta terminar con pizarras de 4-3, 2-4, 1-4, 4-2 y 4-2.<\/p>\n\n\n\n<p>Ambos jugadores luchan este s\u00e1bado por el trono que dej\u00f3 vacante el italiano Jannik Sinner, d\u00e9cimo clasificado del ranking de ATP y una de las grandes ausencias de la lid, junto al canadiense Felix Auger-Aliassime, onceno del listado universal.<\/p>\n\n\n\n<p>El Next Generation ATP Finals es un certamen que se celebra desde 2017 en esta ciudad con las mejores raquetas menores de 21 a\u00f1os, y en su edici\u00f3n 2021 tiene un formato de juego \u00e1gil, con partidos al mejor de cinco sets, pero de solo cuatro juegos.<\/p>\n\n\n\n<p>msm\/rps<\/p>\n\n\n\n<ul class=\"wp-block-list\"><li>#<a href=\"https:\/\/www.prensa-latina.cu\/tags\/atp\">atp<\/a>&nbsp;#<a href=\"https:\/\/www.prensa-latina.cu\/tags\/masters-nueva-generacion\">Masters Nueva Generaci\u00f3n<\/a><\/li><\/ul>\n","protected":false},"excerpt":{"rendered":"<p>Mil\u00e1n, Italia, 13 nov (Prensa Latina) El espa\u00f1ol Carlos Alcaraz y el estadounidense Sebastian Korda se enfrentan hoy en Italia por el t\u00edtulo de la cuarta edici\u00f3n del Masters de Nueva Generaci\u00f3n, certamen que re\u00fane a los mejores tenistas j\u00f3venes del planeta. noviembre 13, 2021 CST01:13 (GMT) -0500 Alcaraz, n\u00famero 32 del orbe, super\u00f3 el [&hellip;]<\/p>\n","protected":false},"author":2,"featured_media":320879,"comment_status":"closed","ping_status":"","sticky":false,"template":"","format":"standard","meta":{"footnotes":""},"categories":[17],"tags":[],"class_list":["post-320878","post","type-post","status-publish","format-standard","has-post-thumbnail","hentry","category-deportes"],"_links":{"self":[{"href":"https:\/\/diariodominicano.com\/index.php?rest_route=\/wp\/v2\/posts\/320878","targetHints":{"allow":["GET"]}}],"collection":[{"href":"https:\/\/diariodominicano.com\/index.php?rest_route=\/wp\/v2\/posts"}],"about":[{"href":"https:\/\/diariodominicano.com\/index.php?rest_route=\/wp\/v2\/types\/post"}],"author":[{"embeddable":true,"href":"https:\/\/diariodominicano.com\/index.php?rest_route=\/wp\/v2\/users\/2"}],"replies":[{"embeddable":true,"href":"https:\/\/diariodominicano.com\/index.php?rest_route=%2Fwp%2Fv2%2Fcomments&post=320878"}],"version-history":[{"count":1,"href":"https:\/\/diariodominicano.com\/index.php?rest_route=\/wp\/v2\/posts\/320878\/revisions"}],"predecessor-version":[{"id":320880,"href":"https:\/\/diariodominicano.com\/index.php?rest_route=\/wp\/v2\/posts\/320878\/revisions\/320880"}],"wp:featuredmedia":[{"embeddable":true,"href":"https:\/\/diariodominicano.com\/index.php?rest_route=\/wp\/v2\/media\/320879"}],"wp:attachment":[{"href":"https:\/\/diariodominicano.com\/index.php?rest_route=%2Fwp%2Fv2%2Fmedia&parent=320878"}],"wp:term":[{"taxonomy":"category","embeddable":true,"href":"https:\/\/diariodominicano.com\/index.php?rest_route=%2Fwp%2Fv2%2Fcategories&post=320878"},{"taxonomy":"post_tag","embeddable":true,"href":"https:\/\/diariodominicano.com\/index.php?rest_route=%2Fwp%2Fv2%2Ftags&post=320878"}],"curies":[{"name":"wp","href":"https:\/\/api.w.org\/{rel}","templated":true}]}}