{"id":320868,"date":"2022-01-01T13:54:41","date_gmt":"2022-01-01T17:54:41","guid":{"rendered":"http:\/\/diariodominicano.com\/?p=320868"},"modified":"2022-01-01T13:54:41","modified_gmt":"2022-01-01T17:54:41","slug":"tenista-britanica-emma-raducanu-renuncia-al-abierto-de-melbourne","status":"publish","type":"post","link":"https:\/\/diariodominicano.com\/?p=320868","title":{"rendered":"Tenista brit\u00e1nica Emma Raducanu renuncia al Abierto de Melbourne"},"content":{"rendered":"\n<p>Londres, 1 ene (Prensa Latina) La brit\u00e1nica Emma Raducanu renunci\u00f3 hoy a jugar el Abierto de Melbourne, justa que inaugurar\u00e1 el venidero lunes la temporada ten\u00edstica correspondiente al a\u00f1o 2022.<\/p>\n\n\n\n<ul class=\"wp-block-list\"><li>enero 1, 2022<\/li><li>CST12:07 (GMT) -0500<\/li><\/ul>\n\n\n\n<p>La campeona del \u00faltimo Abierto de Estados Unidos expuso que todav\u00eda no posee las condiciones f\u00edsicas necesarias despu\u00e9s de dar positivo a la Covid-19 en una lid celebrada en Abu Dabi, Emiratos \u00c1rabes Unidos.<\/p>\n\n\n\n<p>Competir esta semana es demasiado pronto para m\u00ed, ya que acabo de regresar del aislamiento, afirm\u00f3 la jugadora de apenas de 19 a\u00f1os.<\/p>\n\n\n\n<p>Empero, la n\u00famero 19 del ranking mundial s\u00ed se espera presentarse en un certamen similar previsto en S\u00eddney antes del comienzo el 17 de enero del Abierto de Australia, primer Grand Slam de la campa\u00f1a.<\/p>\n\n\n\n<p>Pese a la ausencia de la joven deportista, los organizadores del torneo en Melbourne tienen un motivo para festejar al conocerse que el espa\u00f1ol Rafael Nadal ya se encuentra en la ciudad junto a todo su equipo de trabajo.<\/p>\n\n\n\n<p>Tras m\u00e1s de cuatro meses lejos de las canchas a causa de una lesi\u00f3n, Nadal estuvo en el citado evento de exhibici\u00f3n en Abu Dhabi, donde tambi\u00e9n contrajo la enfermedad y dej\u00f3 en el aire su futuro.<\/p>\n\n\n\n<p>Todo esto sucede cuando el circuito ten\u00edstico tiene fuera por diferentes circunstancias a Roger Federer, Stanislas Wawrinka, Dominic Thiem, Serena Williams y Bianca Andreescu.<\/p>\n\n\n\n<p>Para colmo de males, todav\u00eda no se sabe si el n\u00famero uno del orbe, el serbio Novak Djokovic, estar\u00e1 en Australia, donde el jugador de 34 a\u00f1os tiene un r\u00e9cord de nueve t\u00edtulos, incluidos los tres \u00faltimos.<\/p>\n\n\n\n<p>mem\/jdg<\/p>\n","protected":false},"excerpt":{"rendered":"<p>Londres, 1 ene (Prensa Latina) La brit\u00e1nica Emma Raducanu renunci\u00f3 hoy a jugar el Abierto de Melbourne, justa que inaugurar\u00e1 el venidero lunes la temporada ten\u00edstica correspondiente al a\u00f1o 2022. enero 1, 2022 CST12:07 (GMT) -0500 La campeona del \u00faltimo Abierto de Estados Unidos expuso que todav\u00eda no posee las condiciones f\u00edsicas necesarias despu\u00e9s de [&hellip;]<\/p>\n","protected":false},"author":2,"featured_media":320870,"comment_status":"closed","ping_status":"","sticky":true,"template":"","format":"standard","meta":{"footnotes":""},"categories":[17,27],"tags":[],"class_list":["post-320868","post","type-post","status-publish","format-standard","has-post-thumbnail","hentry","category-deportes","category-portada"],"_links":{"self":[{"href":"https:\/\/diariodominicano.com\/index.php?rest_route=\/wp\/v2\/posts\/320868","targetHints":{"allow":["GET"]}}],"collection":[{"href":"https:\/\/diariodominicano.com\/index.php?rest_route=\/wp\/v2\/posts"}],"about":[{"href":"https:\/\/diariodominicano.com\/index.php?rest_route=\/wp\/v2\/types\/post"}],"author":[{"embeddable":true,"href":"https:\/\/diariodominicano.com\/index.php?rest_route=\/wp\/v2\/users\/2"}],"replies":[{"embeddable":true,"href":"https:\/\/diariodominicano.com\/index.php?rest_route=%2Fwp%2Fv2%2Fcomments&post=320868"}],"version-history":[{"count":1,"href":"https:\/\/diariodominicano.com\/index.php?rest_route=\/wp\/v2\/posts\/320868\/revisions"}],"predecessor-version":[{"id":320871,"href":"https:\/\/diariodominicano.com\/index.php?rest_route=\/wp\/v2\/posts\/320868\/revisions\/320871"}],"wp:featuredmedia":[{"embeddable":true,"href":"https:\/\/diariodominicano.com\/index.php?rest_route=\/wp\/v2\/media\/320870"}],"wp:attachment":[{"href":"https:\/\/diariodominicano.com\/index.php?rest_route=%2Fwp%2Fv2%2Fmedia&parent=320868"}],"wp:term":[{"taxonomy":"category","embeddable":true,"href":"https:\/\/diariodominicano.com\/index.php?rest_route=%2Fwp%2Fv2%2Fcategories&post=320868"},{"taxonomy":"post_tag","embeddable":true,"href":"https:\/\/diariodominicano.com\/index.php?rest_route=%2Fwp%2Fv2%2Ftags&post=320868"}],"curies":[{"name":"wp","href":"https:\/\/api.w.org\/{rel}","templated":true}]}}