{"id":320837,"date":"2022-01-01T10:33:39","date_gmt":"2022-01-01T14:33:39","guid":{"rendered":"http:\/\/diariodominicano.com\/?p=320837"},"modified":"2022-01-01T10:33:39","modified_gmt":"2022-01-01T14:33:39","slug":"el-sabor-del-beisbol-en-cuba-pese-a-la-pandemia","status":"publish","type":"post","link":"https:\/\/diariodominicano.com\/?p=320837","title":{"rendered":"El sabor del b\u00e9isbol en Cuba pese a la pandemia"},"content":{"rendered":"\n<h1 class=\"wp-block-heading\"><\/h1>\n\n\n\n<p>La Habana (Prensa Latina) Cuba asumi\u00f3 el reto de organizar la 60 Serie de B\u00e9isbol, de ah\u00ed la dicha de aplaudir a los organizadores y al campe\u00f3n Granma tras siete meses de ajustes sobre la marcha por la Covid-19.<\/p>\n\n\n\n<ul class=\"wp-block-list\"><li>enero 1, 2022<\/li><li>CST09:20 (GMT) -0500<\/li><\/ul>\n\n\n\n<p>La crisis sanitaria rompi\u00f3 moldes establecidos y la relaci\u00f3n causa-efecto dej\u00f3 una temporada de detalles at\u00edpicos: ausencia de seguidores en los estadios, cambios en el calendario hasta convertirlo en el m\u00e1s dilatado de la historia y pausas por positivos al coronavirus SARS-CoV-2.<\/p>\n\n\n\n<p>Empero, el complejo panorama nunca amilan\u00f3 a los responsables, seg\u00fan relat\u00f3 en su momento Ernesto Reinoso, quien fung\u00eda como comisionado nacional de la disciplina y parad\u00f3jicamente falleci\u00f3 el 27 de abril \u00faltimo a causa de la letal enfermedad, apenas unos d\u00edas despu\u00e9s de concluida la lid.<\/p>\n\n\n\n<p>\u201cDesde el inicio pusimos un gran empe\u00f1o y aunque existieron situaciones, el pueblo cubano cont\u00f3 con la satisfacci\u00f3n de tener su principal torneo\u201d, expres\u00f3 Reinoso en entrevista exclusiva concedida a Prensa Latina.<\/p>\n\n\n\n<p>Vale recordar que el 17 de marzo de 2020 Cuba fren\u00f3 todas sus actividades deportivas, y solo una pr\u00e1ctica sobrevivi\u00f3 a la decisi\u00f3n: el b\u00e9isbol. Y la voz de \u201cplay ball\u201d pudo escucharse finalmente el 12 de septiembre, despu\u00e9s de ser postergado el evento debido a brotes de la enfermedad en el pa\u00eds.<\/p>\n\n\n\n<p>Tras caer el \u00faltimo out de la campa\u00f1a en la final organizada en el parque Jos\u00e9 Antonio Huelga, de la ciudad de Sancti Sp\u00edritus, el directivo reconoci\u00f3 el esfuerzo de jugadores, entrenadores, organismos y dem\u00e1s involucrados, al advertir que \u201csin ellos nunca hubiese sido posible concluir la competencia\u201d.<\/p>\n\n\n\n<p>Formato \u201cburbuja\u201d para los playoffs, eliminaci\u00f3n de los refuerzos y estrictos protocolos sanitarios fueron aspectos que matizaron el reglamento \u201csui generis\u201d de la campa\u00f1a 2020-2021, que dej\u00f3 un total de 71 personas contagiadas -entre atletas, entrenadores y miembros de \u201cstaff\u201d- de ocho planteles.<\/p>\n\n\n\n<p>Tuvimos un protocolo de seguridad desde el d\u00eda uno y ello fue vital durante esta larga traves\u00eda, afirm\u00f3 Francisco Montesinos, jefe de servicios m\u00e9dicos de la Comisi\u00f3n Nacional, quien enalteci\u00f3 la labor realizada en un evento de 16 n\u00f3minas y m\u00e1s de mil 700 involucrados.<\/p>\n\n\n\n<p>En cuanto al panorama competitivo, los Alazanes de Granma lograron su tercer t\u00edtulo dom\u00e9stico, tras superar 4-2 a los Cocodrilos de Matanzas en una final que tuvo en el prospecto Guillermo Garc\u00eda a su Jugador M\u00e1s Valioso y al mentor Carlos Mart\u00ed a un hombre que a sus 72 a\u00f1os llor\u00f3 de emoci\u00f3n.<\/p>\n\n\n\n<p>Garc\u00eda decidi\u00f3 el sexto y \u00faltimo choque ante los matanceros en el mism\u00edsimo noveno episodio. Este es el momento m\u00e1s importante de mi carrera y ahora sue\u00f1o con integrar las filas del principal equipo de Cuba, manifest\u00f3 el ahora contratado por el club japon\u00e9s Dragones de Chunichi.<\/p>\n\n\n\n<p>El tercer puesto termin\u00f3 en poder de Le\u00f1adores de Las Tunas; Indios de Guant\u00e1namo ancl\u00f3 en el fr\u00edo s\u00f3tano, y la postemporada tuvo el privilegio de observar a tres hist\u00f3ricos: Leones de Industriales, Vegueros de Pinar del R\u00edo y Avispas de Santiago de Cuba.<\/p>\n\n\n\n<p>Reinoso indic\u00f3 que se cumplieron los objetivos trazados: Logramos jugar m\u00e1s, ahora con 75 partidos en la fase regular, refiri\u00f3 sobre un tema fundamental en las aspiraciones de la naci\u00f3n caribe\u00f1a de elevar la calidad del torneo y de sus protagonistas, luego de discretos resultados en citas extranjeras.<\/p>\n\n\n\n<p>A modo de resumen, asever\u00f3 que lo principal fue organizar la lid para el deleite del pueblo en un instante dif\u00edcil para el mundo: \u201cNotamos el entusiasmo y las redes sociales brindaron muestras del fervor durante los seis meses y 22 d\u00edas de la Serie Nacional\u201d, opin\u00f3 quien en vida se gan\u00f3 el respeto de los seguidores de la disciplina.<\/p>\n\n\n\n<p>OTRO JONR\u00d3N EN 2022<\/p>\n\n\n\n<p>Cuando la variante \u00d3micron vuelve a ensombrecer el panorama sanitario en la isla, la 61 Serie Nacional de B\u00e9isbol ya tiene fecha de comienzo para el pr\u00f3ximo 23 de enero, con el duelo entre los \u00faltimos finalistas Granma y Matanzas, en la casa del monarca vigente, el M\u00e1rtires de Barbados.<\/p>\n\n\n\n<p>Hasta el momento, el certamen retornar\u00e1 con p\u00fablico en las gradas, una noticia festejada en extremo pues los aficionados llevan m\u00e1s de dos a\u00f1os sin hacer acto de presencia en las instalaciones.<\/p>\n\n\n\n<p>Desde el punto de vista competitivo, el nuevo comisionado Juan Reinaldo P\u00e9rez no adelant\u00f3 ninguna nueva variante, por lo que ser\u00e1n 16 equipos aspirantes a la corona e involucrados en una primera ronda de 75 partidos.<\/p>\n\n\n\n<p>Eso s\u00ed, ninguno de los ocho clasificados podr\u00e1 disponer de refuerzos -una estrategia com\u00fan antes de la llegada de los cambios obligados por la Covid-19-, raz\u00f3n por la cual la postemporada igual acontecer\u00e1 con el talento propio de cada selecci\u00f3n.<\/p>\n\n\n\n<p>Sin embargo, antes del primer lanzamiento acontecer\u00e1 el 21 de enero la Gala de Premiaciones de la justa anterior, como homenaje, adem\u00e1s, al 60 aniversario (fecha de inicio 14 de enero de 1962) del torneo preferido de los cubanos.<\/p>\n\n\n\n<p>Todo ello en un a\u00f1o con escasos programas internacionales, aunque -vale aclararlo- servir\u00e1 de antesala para un 2023 que se avizora harto exigente, con el V Cl\u00e1sico Mundial, los Juegos Centroamericanos y del Caribe de San Salvador, los Panamericanos de Santiago de Chile y el III Premier 12.<\/p>\n\n\n\n<p>arb\/jdg<\/p>\n\n\n\n<p>(*) Editor jefe de la redacci\u00f3n Deportes de Prensa Latina.<\/p>\n","protected":false},"excerpt":{"rendered":"<p>La Habana (Prensa Latina) Cuba asumi\u00f3 el reto de organizar la 60 Serie de B\u00e9isbol, de ah\u00ed la dicha de aplaudir a los organizadores y al campe\u00f3n Granma tras siete meses de ajustes sobre la marcha por la Covid-19. enero 1, 2022 CST09:20 (GMT) -0500 La crisis sanitaria rompi\u00f3 moldes establecidos y la relaci\u00f3n causa-efecto [&hellip;]<\/p>\n","protected":false},"author":2,"featured_media":320838,"comment_status":"closed","ping_status":"","sticky":false,"template":"","format":"standard","meta":{"footnotes":""},"categories":[17],"tags":[],"class_list":["post-320837","post","type-post","status-publish","format-standard","has-post-thumbnail","hentry","category-deportes"],"_links":{"self":[{"href":"https:\/\/diariodominicano.com\/index.php?rest_route=\/wp\/v2\/posts\/320837","targetHints":{"allow":["GET"]}}],"collection":[{"href":"https:\/\/diariodominicano.com\/index.php?rest_route=\/wp\/v2\/posts"}],"about":[{"href":"https:\/\/diariodominicano.com\/index.php?rest_route=\/wp\/v2\/types\/post"}],"author":[{"embeddable":true,"href":"https:\/\/diariodominicano.com\/index.php?rest_route=\/wp\/v2\/users\/2"}],"replies":[{"embeddable":true,"href":"https:\/\/diariodominicano.com\/index.php?rest_route=%2Fwp%2Fv2%2Fcomments&post=320837"}],"version-history":[{"count":1,"href":"https:\/\/diariodominicano.com\/index.php?rest_route=\/wp\/v2\/posts\/320837\/revisions"}],"predecessor-version":[{"id":320839,"href":"https:\/\/diariodominicano.com\/index.php?rest_route=\/wp\/v2\/posts\/320837\/revisions\/320839"}],"wp:featuredmedia":[{"embeddable":true,"href":"https:\/\/diariodominicano.com\/index.php?rest_route=\/wp\/v2\/media\/320838"}],"wp:attachment":[{"href":"https:\/\/diariodominicano.com\/index.php?rest_route=%2Fwp%2Fv2%2Fmedia&parent=320837"}],"wp:term":[{"taxonomy":"category","embeddable":true,"href":"https:\/\/diariodominicano.com\/index.php?rest_route=%2Fwp%2Fv2%2Fcategories&post=320837"},{"taxonomy":"post_tag","embeddable":true,"href":"https:\/\/diariodominicano.com\/index.php?rest_route=%2Fwp%2Fv2%2Ftags&post=320837"}],"curies":[{"name":"wp","href":"https:\/\/api.w.org\/{rel}","templated":true}]}}