{"id":320737,"date":"2021-12-31T16:40:12","date_gmt":"2021-12-31T20:40:12","guid":{"rendered":"http:\/\/diariodominicano.com\/?p=320737"},"modified":"2021-12-31T16:40:12","modified_gmt":"2021-12-31T20:40:12","slug":"rally-dakar-de-automovilismo-listo-para-arrancada-en-su-edicion-44","status":"publish","type":"post","link":"https:\/\/diariodominicano.com\/?p=320737","title":{"rendered":"Rally Dakar de automovilismo listo para arrancada en su edici\u00f3n 44"},"content":{"rendered":"\n<h1 class=\"wp-block-heading\"><\/h1>\n\n\n\n<p>Jeddah, Arabia Saudita, 31 dic (Prensa Latina) El Rally Dakar de automovilismo est\u00e1 hoy listo para la arrancada ma\u00f1ana de su edici\u00f3n 44 en los primeros 225 kil\u00f3metros por las arenas y dunas de Arabia Saudita.<\/p>\n\n\n\n<ul class=\"wp-block-list\"><li>diciembre 31, 2021<\/li><li>CST14:57 (GMT) -0500<\/li><\/ul>\n\n\n\n<p>La \u00faltima jornada de verificaciones t\u00e9cnicas y administrativas ha visto desfilar por la ciudad deportiva del Rey Abdallah en Jeddah a buena parte de los favoritos de las categor\u00edas reinas, quienes este 1 de enero animar\u00e1n la etapa 1A entre esta ciudad y Ha\u2019il.<\/p>\n\n\n\n<p>Seg\u00fan los organizadores, la ronda de ma\u00f1ana establecer\u00e1 los primeros tiempos y determinar\u00e1 de paso el orden de salida para toda la caravana de cara a la ronda 1B, prevista el domingo en un circuito por Ha\u2019il de 333 kil\u00f3metros.<\/p>\n\n\n\n<p>Este viernes pilotos como el franc\u00e9s St\u00e9phane Peterhansel, el espa\u00f1ol Carlos Sainz, el argentino Kevin Benavides y el austriaco Matthias Walkner reafirmaron sus pretensiones de pugnar por la cima de coches y motos del Dakar 2022.<\/p>\n\n\n\n<p>La cita de 12 etapas tendr\u00e1 su cierre el pr\u00f3ximo 14 de enero en esta urbe y presenta una jornada de descanso el s\u00e1bado 8 de diciembre en la localidad de Riyadh.<\/p>\n\n\n\n<p>En su versi\u00f3n 44, la justa automovil\u00edstica reunir\u00e1 a m\u00e1s de mil competidores (750 pilotos y 315 copilotos) procedentes de 63 nacionalidades.<\/p>\n\n\n\n<p>jha\/yma<\/p>\n","protected":false},"excerpt":{"rendered":"<p>Jeddah, Arabia Saudita, 31 dic (Prensa Latina) El Rally Dakar de automovilismo est\u00e1 hoy listo para la arrancada ma\u00f1ana de su edici\u00f3n 44 en los primeros 225 kil\u00f3metros por las arenas y dunas de Arabia Saudita. diciembre 31, 2021 CST14:57 (GMT) -0500 La \u00faltima jornada de verificaciones t\u00e9cnicas y administrativas ha visto desfilar por la [&hellip;]<\/p>\n","protected":false},"author":28,"featured_media":320738,"comment_status":"closed","ping_status":"","sticky":true,"template":"","format":"standard","meta":{"footnotes":""},"categories":[17,27],"tags":[],"class_list":["post-320737","post","type-post","status-publish","format-standard","has-post-thumbnail","hentry","category-deportes","category-portada"],"_links":{"self":[{"href":"https:\/\/diariodominicano.com\/index.php?rest_route=\/wp\/v2\/posts\/320737","targetHints":{"allow":["GET"]}}],"collection":[{"href":"https:\/\/diariodominicano.com\/index.php?rest_route=\/wp\/v2\/posts"}],"about":[{"href":"https:\/\/diariodominicano.com\/index.php?rest_route=\/wp\/v2\/types\/post"}],"author":[{"embeddable":true,"href":"https:\/\/diariodominicano.com\/index.php?rest_route=\/wp\/v2\/users\/28"}],"replies":[{"embeddable":true,"href":"https:\/\/diariodominicano.com\/index.php?rest_route=%2Fwp%2Fv2%2Fcomments&post=320737"}],"version-history":[{"count":1,"href":"https:\/\/diariodominicano.com\/index.php?rest_route=\/wp\/v2\/posts\/320737\/revisions"}],"predecessor-version":[{"id":320739,"href":"https:\/\/diariodominicano.com\/index.php?rest_route=\/wp\/v2\/posts\/320737\/revisions\/320739"}],"wp:featuredmedia":[{"embeddable":true,"href":"https:\/\/diariodominicano.com\/index.php?rest_route=\/wp\/v2\/media\/320738"}],"wp:attachment":[{"href":"https:\/\/diariodominicano.com\/index.php?rest_route=%2Fwp%2Fv2%2Fmedia&parent=320737"}],"wp:term":[{"taxonomy":"category","embeddable":true,"href":"https:\/\/diariodominicano.com\/index.php?rest_route=%2Fwp%2Fv2%2Fcategories&post=320737"},{"taxonomy":"post_tag","embeddable":true,"href":"https:\/\/diariodominicano.com\/index.php?rest_route=%2Fwp%2Fv2%2Ftags&post=320737"}],"curies":[{"name":"wp","href":"https:\/\/api.w.org\/{rel}","templated":true}]}}