{"id":320730,"date":"2021-12-31T16:27:58","date_gmt":"2021-12-31T20:27:58","guid":{"rendered":"http:\/\/diariodominicano.com\/?p=320730"},"modified":"2021-12-31T16:27:58","modified_gmt":"2021-12-31T20:27:58","slug":"delantero-juanmi-jimenez-mejor-jugador-de-futbol-espanol-en-diciembre","status":"publish","type":"post","link":"https:\/\/diariodominicano.com\/?p=320730","title":{"rendered":"Delantero Juanmi Jim\u00e9nez Mejor Jugador de f\u00fatbol espa\u00f1ol en diciembre"},"content":{"rendered":"\n<h1 class=\"wp-block-heading\"><\/h1>\n\n\n\n<p><strong>Madrid, 31 dic (Prensa Latina) <\/strong>El delantero del Real Betis, Juanmi Jim\u00e9nez recibi\u00f3 hoy el premio al Mejor Jugador de la Liga Espa\u00f1ola de f\u00fatbol en el mes de diciembre.<\/p>\n\n\n\n<ul class=\"wp-block-list\"><li>diciembre 31, 2021<\/li><li>CST14:29 (GMT) -0500<\/li><\/ul>\n\n\n\n<p>De 28 a\u00f1os, el atacante malague\u00f1o despidi\u00f3 el \u00faltimo mes del a\u00f1o con tres goles en los \u00e9xitos sobre Barcelona (1-0) y Real Sociedad (4-0) y en el fracaso ante Athletic Club (3-2).<\/p>\n\n\n\n<p>El goleador del Betis constituye una de las opciones claves del t\u00e9cnico chileno Manuel Pellegrini al comandar al equipo con 11 tantos, a cuatro del puntero en la liga, el franc\u00e9s Karim Benzema (15).<\/p>\n\n\n\n<p>Seg\u00fan resalta el sitio web de la Liga, Juanmi encabeza a los goleadores nacionales avalado por sus movimientos dentro del \u00e1rea y capacidad para asociarse con el resto de los compa\u00f1eros.<\/p>\n\n\n\n<p>Actualmente, el dorsal siete del Real Betis constituye el sexto futbolista m\u00e1s utilizado de la plantilla por el t\u00e9cnico chileno con 973 minutos en 16 partidos oficiales, de ellos 12 desde el once titular.<\/p>\n\n\n\n<p>Juanmi sucede en el palmar\u00e9s de este trofeo al delantero del Real Madrid Vinicius Jr., que lo logr\u00f3 en el mes anterior y super\u00f3 en la votaci\u00f3n a \u00c9der Milit\u00e3o (Real Madrid), Lucas Ocampos (Sevilla FC), \u00c1lvaro Garc\u00eda (Rayo Vallecano), Dami\u00e1n Su\u00e1rez (Getafe CF), Jorge Molina (Granada CF) y Hugo Duro (Valencia CF).<\/p>\n\n\n\n<p>En la competici\u00f3n, el Betis figura en los puestos de Champions League al ocupar la tercera posici\u00f3n gracias a 10 triunfos, tres empates y cinco descalabros, distante a 13 unidades del l\u00edder, Real Madrid con 46.<\/p>\n\n\n\n<p>rgh\/yma<\/p>\n","protected":false},"excerpt":{"rendered":"<p>Madrid, 31 dic (Prensa Latina) El delantero del Real Betis, Juanmi Jim\u00e9nez recibi\u00f3 hoy el premio al Mejor Jugador de la Liga Espa\u00f1ola de f\u00fatbol en el mes de diciembre. diciembre 31, 2021 CST14:29 (GMT) -0500 De 28 a\u00f1os, el atacante malague\u00f1o despidi\u00f3 el \u00faltimo mes del a\u00f1o con tres goles en los \u00e9xitos sobre [&hellip;]<\/p>\n","protected":false},"author":28,"featured_media":0,"comment_status":"closed","ping_status":"","sticky":false,"template":"","format":"standard","meta":{"footnotes":""},"categories":[17],"tags":[],"class_list":["post-320730","post","type-post","status-publish","format-standard","hentry","category-deportes"],"_links":{"self":[{"href":"https:\/\/diariodominicano.com\/index.php?rest_route=\/wp\/v2\/posts\/320730","targetHints":{"allow":["GET"]}}],"collection":[{"href":"https:\/\/diariodominicano.com\/index.php?rest_route=\/wp\/v2\/posts"}],"about":[{"href":"https:\/\/diariodominicano.com\/index.php?rest_route=\/wp\/v2\/types\/post"}],"author":[{"embeddable":true,"href":"https:\/\/diariodominicano.com\/index.php?rest_route=\/wp\/v2\/users\/28"}],"replies":[{"embeddable":true,"href":"https:\/\/diariodominicano.com\/index.php?rest_route=%2Fwp%2Fv2%2Fcomments&post=320730"}],"version-history":[{"count":1,"href":"https:\/\/diariodominicano.com\/index.php?rest_route=\/wp\/v2\/posts\/320730\/revisions"}],"predecessor-version":[{"id":320731,"href":"https:\/\/diariodominicano.com\/index.php?rest_route=\/wp\/v2\/posts\/320730\/revisions\/320731"}],"wp:attachment":[{"href":"https:\/\/diariodominicano.com\/index.php?rest_route=%2Fwp%2Fv2%2Fmedia&parent=320730"}],"wp:term":[{"taxonomy":"category","embeddable":true,"href":"https:\/\/diariodominicano.com\/index.php?rest_route=%2Fwp%2Fv2%2Fcategories&post=320730"},{"taxonomy":"post_tag","embeddable":true,"href":"https:\/\/diariodominicano.com\/index.php?rest_route=%2Fwp%2Fv2%2Ftags&post=320730"}],"curies":[{"name":"wp","href":"https:\/\/api.w.org\/{rel}","templated":true}]}}