{"id":320727,"date":"2021-12-31T16:09:27","date_gmt":"2021-12-31T20:09:27","guid":{"rendered":"http:\/\/diariodominicano.com\/?p=320727"},"modified":"2021-12-31T16:09:27","modified_gmt":"2021-12-31T20:09:27","slug":"espanyol-celebra-exito-navideno-en-futbol-de-espana","status":"publish","type":"post","link":"https:\/\/diariodominicano.com\/?p=320727","title":{"rendered":"Espanyol celebra \u00e9xito navide\u00f1o en f\u00fatbol de Espa\u00f1a"},"content":{"rendered":"\n<h1 class=\"wp-block-heading\"><\/h1>\n\n\n\n<p>Valencia, Espa\u00f1a, 31 dic (Prensa Latina) El RCD Espanyol venci\u00f3 hoy 2-1 al Valencia y despidi\u00f3 aqu\u00ed con \u00e9xito la Navidad en el cierre de la Liga Espa\u00f1ola de f\u00fatbol en el 2021.<\/p>\n\n\n\n<ul class=\"wp-block-list\"><li>diciembre 31, 2021<\/li><li>CST13:27 (GMT) -0500<\/li><\/ul>\n\n\n\n<p>Fuera de casa, el once del t\u00e9cnico Vicente Moreno remont\u00f3 un gol en contra a los 51 minutos y con los tantos de Ra\u00fal de Tom\u00e1s G\u00f3mez (penal 83\u2032) y Javi Puado (88\u2032) sac\u00f3 tres puntos en el Campo de Mestalla, para mejorar a siete victorias, cinco empates y siete descalabros.<\/p>\n\n\n\n<p>El conjunto blanquiazul, sin cinco jugadores de la n\u00f3mina principal y dos miembros del cuerpo t\u00e9cnico ausentes debido a la Covid-19, celebr\u00f3 aqu\u00ed la primera sonrisa de visitante en la campa\u00f1a y entrar\u00e1 el 2022 con 26 unidades en la novena posici\u00f3n.<\/p>\n\n\n\n<p>Con este triunfo, el Espanyol retom\u00f3 el paso ganador en el certamen dom\u00e9stico y redujo en dos puntos la diferencia en relaci\u00f3n al octavo esca\u00f1o Valencia (7-G, 7-E, 5-P), que no pudo preservar en el desaf\u00edo la ventaja del tanto inicial de Omar Alderete.<\/p>\n\n\n\n<p>En la reanudaci\u00f3n del calendario en enero, el Valencia rivalizar\u00e1 el s\u00e1bado 8 ante el puntero Real Madrid; mientras, el Espanyol enfrentar\u00e1 el lunes 10 al Elche.<\/p>\n\n\n\n<p>La tabla de posiciones de la Liga Espa\u00f1ola presenta en la cima al elenco del italiano Carlo Ancelotti con 46 unidades y r\u00e9cord de 14 ganados, cuatro empates y uno perdido, por delante ocho puntos del Sevilla (11-G, 5-E, 2-P) y 13 sobre Real Betis (10-G, 3-E, 5-P), segundo y tercero, respectivamente.<\/p>\n\n\n\n<p>rgh\/yma<\/p>\n","protected":false},"excerpt":{"rendered":"<p>Valencia, Espa\u00f1a, 31 dic (Prensa Latina) El RCD Espanyol venci\u00f3 hoy 2-1 al Valencia y despidi\u00f3 aqu\u00ed con \u00e9xito la Navidad en el cierre de la Liga Espa\u00f1ola de f\u00fatbol en el 2021. diciembre 31, 2021 CST13:27 (GMT) -0500 Fuera de casa, el once del t\u00e9cnico Vicente Moreno remont\u00f3 un gol en contra a los [&hellip;]<\/p>\n","protected":false},"author":28,"featured_media":320728,"comment_status":"closed","ping_status":"","sticky":true,"template":"","format":"standard","meta":{"footnotes":""},"categories":[17,27],"tags":[],"class_list":["post-320727","post","type-post","status-publish","format-standard","has-post-thumbnail","hentry","category-deportes","category-portada"],"_links":{"self":[{"href":"https:\/\/diariodominicano.com\/index.php?rest_route=\/wp\/v2\/posts\/320727","targetHints":{"allow":["GET"]}}],"collection":[{"href":"https:\/\/diariodominicano.com\/index.php?rest_route=\/wp\/v2\/posts"}],"about":[{"href":"https:\/\/diariodominicano.com\/index.php?rest_route=\/wp\/v2\/types\/post"}],"author":[{"embeddable":true,"href":"https:\/\/diariodominicano.com\/index.php?rest_route=\/wp\/v2\/users\/28"}],"replies":[{"embeddable":true,"href":"https:\/\/diariodominicano.com\/index.php?rest_route=%2Fwp%2Fv2%2Fcomments&post=320727"}],"version-history":[{"count":1,"href":"https:\/\/diariodominicano.com\/index.php?rest_route=\/wp\/v2\/posts\/320727\/revisions"}],"predecessor-version":[{"id":320729,"href":"https:\/\/diariodominicano.com\/index.php?rest_route=\/wp\/v2\/posts\/320727\/revisions\/320729"}],"wp:featuredmedia":[{"embeddable":true,"href":"https:\/\/diariodominicano.com\/index.php?rest_route=\/wp\/v2\/media\/320728"}],"wp:attachment":[{"href":"https:\/\/diariodominicano.com\/index.php?rest_route=%2Fwp%2Fv2%2Fmedia&parent=320727"}],"wp:term":[{"taxonomy":"category","embeddable":true,"href":"https:\/\/diariodominicano.com\/index.php?rest_route=%2Fwp%2Fv2%2Fcategories&post=320727"},{"taxonomy":"post_tag","embeddable":true,"href":"https:\/\/diariodominicano.com\/index.php?rest_route=%2Fwp%2Fv2%2Ftags&post=320727"}],"curies":[{"name":"wp","href":"https:\/\/api.w.org\/{rel}","templated":true}]}}