{"id":320622,"date":"2021-12-31T00:34:34","date_gmt":"2021-12-31T04:34:34","guid":{"rendered":"http:\/\/diariodominicano.com\/?p=320622"},"modified":"2021-12-31T00:34:34","modified_gmt":"2021-12-31T04:34:34","slug":"fallecio-rafael-maria-baralt","status":"publish","type":"post","link":"https:\/\/diariodominicano.com\/?p=320622","title":{"rendered":"Falleci\u00f3 Rafael Mar\u00eda Baralt"},"content":{"rendered":"\n<p><\/p>\n\n\n\n<p><strong>MADRID, ESPA\u00d1A, el\u00a0 31 de diciembre de 1860<\/strong>, falleci\u00f3 en Madrid, Espa\u00f1a, el escritor y diplom\u00e1tico venezolano Rafael Mar\u00eda Baralt, quien desempe\u00f1aba funciones oficiales en representaci\u00f3n de la Rep\u00fablica Dominicana.<\/p>\n\n\n\n<p>Se desempe\u00f1aba como Ministro Plenipotenciario Dominicano ante la Corte Espa\u00f1ola.<\/p>\n\n\n\n<p>Rafael Mar\u00eda Baralt hab\u00eda nacido en la ciudad de Maracaibo, Estado Zulia, Venezuela, el 3 de julio de 1810.&nbsp; La enciclopedia Wikipedia indica que su&nbsp; nacimiento ocurri\u00f3 en medio del movimiento de independencia de Venezuela, colonia de la corona espa\u00f1ola por m\u00e1s de tres siglos. Era hijo del Coronel venezolano Don Miguel Antonio Baralt y de do\u00f1a Ana Francisca P\u00e9rez, oriunda de la Rep\u00fablica Dominicana, y no tuvo hijos.<\/p>\n\n\n\n<p>Destaca&nbsp; que debido a las vicisitudes pol\u00edticas de aquel tiempo de guerras, la familia Baralt P\u00e9rez se traslad\u00f3 a Santo Domingo, donde transcurri\u00f3 la mayor parte de la infancia de Rafael Mar\u00eda Baralt.<\/p>\n\n\n\n<p>La familia regres\u00f3 a la ciudad de Maracaibo en 1821, donde Baralt vivi\u00f3 durante cinco a\u00f1os. En 1827 su t\u00edo paterno, Luis Baralt, lo llev\u00f3 a la ciudad de&nbsp;<a href=\"http:\/\/es.wikipedia.org\/wiki\/Bogot%C3%A1\">Bogot\u00e1<\/a>,&nbsp;<a href=\"http:\/\/es.wikipedia.org\/wiki\/Colombia\">Colombia<\/a>, para comenzar sus estudios superiores.<\/p>\n\n\n\n<p>Wikipedia refiere que fue un estudiante de la Universidad de Bogot\u00e1, donde curs\u00f3 los estudios de&nbsp;<a href=\"http:\/\/es.wikipedia.org\/wiki\/Lat%C3%ADn\">lat\u00edn<\/a>&nbsp;y de&nbsp;<a href=\"http:\/\/es.wikipedia.org\/wiki\/Filosof%C3%ADa\">filosof\u00eda<\/a>&nbsp;y obtuvo el t\u00edtulo de&nbsp;<a href=\"http:\/\/es.wikipedia.org\/wiki\/Bachiller\">bachillerato<\/a>&nbsp;en 1830. Desde entonces form\u00f3 parte de la pol\u00edtica y la milicia venezolana contra los reformistas en 1835, llegando al rango de capit\u00e1n de artiller\u00eda, para luego ocupar un cargo en el Ministerio de Guerra.<\/p>\n\n\n\n<p>En 1840 viaj\u00f3 a&nbsp;<a href=\"http:\/\/es.wikipedia.org\/wiki\/Par%C3%ADs\">Par\u00eds<\/a>&nbsp;para editar su&nbsp;<em>Resumen de la Historia de Venezuela<\/em>&nbsp;y&nbsp;<em>Diccionario de Galicismos<\/em>.<\/p>\n\n\n\n<p>El&nbsp;<a href=\"http:\/\/es.wikipedia.org\/wiki\/13_de_septiembre\">13 de septiembre<\/a>&nbsp;de 1841 sali\u00f3&nbsp; definitivamente de&nbsp;<a href=\"http:\/\/es.wikipedia.org\/wiki\/Venezuela\">Venezuela<\/a>. Primero viaj\u00f3 a&nbsp;<a href=\"http:\/\/es.wikipedia.org\/wiki\/Londres\">Londres<\/a>&nbsp;y luego se radic\u00f3 en&nbsp;<a href=\"http:\/\/es.wikipedia.org\/wiki\/Sevilla\">Sevilla<\/a>&nbsp;y en&nbsp;<a href=\"http:\/\/es.wikipedia.org\/wiki\/Madrid\">Madrid<\/a>. All\u00ed realiz\u00f3 la mayor parte de su obra literaria. Entre sus obras resalta&nbsp; su oda &#8216;Adi\u00f3s a la Patria&#8217;. Tambi\u00e9n ocup\u00f3 cargos en el Reino de Espa\u00f1a, como Director de la Gaceta de la Corona, y&nbsp; Administrador de la Imprenta Nacional.<\/p>\n\n\n\n<p>Rafael Mar\u00eda Baralt, fue el primer hispanoamericano en ser elegido individuo de N\u00famero de la&nbsp;Real Academia Espa\u00f1ola RAE. Y fue tambi\u00e9n redactor, en febrero de 1829, del peri\u00f3dico zuliano &#8216;El Patriota del Zulia&#8217;. En&nbsp; 1842&nbsp; inici\u00f3 su obra po\u00e9tica, que lo convierte en uno de los zulianos m\u00e1s destacados. &#8216;Adi\u00f3s a la Patria&#8217;, su poema m\u00e1s importante y extenso, contiene estrofas que agreg\u00f3 hasta los d\u00edas cercanos a su muerte:<\/p>\n\n\n\n<p>Tierra del sol amada<\/p>\n\n\n\n<p>Donde inundado de tu luz fecunda<\/p>\n\n\n\n<p>En hora malhadada<\/p>\n\n\n\n<p>Y con la faz airada<\/p>\n\n\n\n<p>Me vio el lago nacer que te circunda.<\/p>\n\n\n\n<p><br><strong>Las \u00faltimas estrofas del poema son las siguientes:<\/strong><\/p>\n\n\n\n<p>No te duela mi suerte,<\/p>\n\n\n\n<p>No maldigas mi nombre, no me olvides<\/p>\n\n\n\n<p>Que, a\u00fan vecino a la muerte,<\/p>\n\n\n\n<p>Pedir\u00e9 con voz fuerte<\/p>\n\n\n\n<p>Victoria a Dios para tus justas lides<\/p>\n\n\n\n<p>Dichoso yo si un d\u00eda<\/p>\n\n\n\n<p>A ti me vuelve compasivo el cielo,<\/p>\n\n\n\n<p>I me da, patria m\u00eda<\/p>\n\n\n\n<p>Digno sepulcro en tu sagrado suelo<\/p>\n\n\n\n<p><br>Wikipedia refiere que tras su muerte, sus restos se extraviaron y transcurrieron 122 a\u00f1os para su regreso a Venezuela. Aunque el Senado venezolano le hab\u00eda concedido el derecho a ser sepultado en el Pante\u00f3n Nacional desde 1943, fue&nbsp; el&nbsp;<a href=\"http:\/\/es.wikipedia.org\/wiki\/24_de_noviembre\">24 de noviembre<\/a>&nbsp;de&nbsp;<a href=\"http:\/\/es.wikipedia.org\/wiki\/1982\">1982<\/a>, cuando sus restos regresan a Venezuela e ingresan al Pante\u00f3n Nacional, despu\u00e9s de haber pasado una noche en la alcald\u00eda de su Maracaibo.<\/p>\n\n\n\n<p><br>En 1982 fue creada en la ciudad de&nbsp;<a href=\"http:\/\/es.wikipedia.org\/wiki\/Cabimas\">Cabimas<\/a>, en la Costa Oriental del Lago de Maracaibo, una universidad que actualmente lleva su nombre: Universidad Nacional Experimental Rafael Mar\u00eda Baralt (UNERMB).<\/p>\n","protected":false},"excerpt":{"rendered":"<p>MADRID, ESPA\u00d1A, el\u00a0 31 de diciembre de 1860, falleci\u00f3 en Madrid, Espa\u00f1a, el escritor y diplom\u00e1tico venezolano Rafael Mar\u00eda Baralt, quien desempe\u00f1aba funciones oficiales en representaci\u00f3n de la Rep\u00fablica Dominicana. Se desempe\u00f1aba como Ministro Plenipotenciario Dominicano ante la Corte Espa\u00f1ola. Rafael Mar\u00eda Baralt hab\u00eda nacido en la ciudad de Maracaibo, Estado Zulia, Venezuela, el 3 [&hellip;]<\/p>\n","protected":false},"author":28,"featured_media":320623,"comment_status":"closed","ping_status":"","sticky":true,"template":"","format":"standard","meta":{"footnotes":""},"categories":[26,27],"tags":[],"class_list":["post-320622","post","type-post","status-publish","format-standard","has-post-thumbnail","hentry","category-efemerides","category-portada"],"_links":{"self":[{"href":"https:\/\/diariodominicano.com\/index.php?rest_route=\/wp\/v2\/posts\/320622","targetHints":{"allow":["GET"]}}],"collection":[{"href":"https:\/\/diariodominicano.com\/index.php?rest_route=\/wp\/v2\/posts"}],"about":[{"href":"https:\/\/diariodominicano.com\/index.php?rest_route=\/wp\/v2\/types\/post"}],"author":[{"embeddable":true,"href":"https:\/\/diariodominicano.com\/index.php?rest_route=\/wp\/v2\/users\/28"}],"replies":[{"embeddable":true,"href":"https:\/\/diariodominicano.com\/index.php?rest_route=%2Fwp%2Fv2%2Fcomments&post=320622"}],"version-history":[{"count":1,"href":"https:\/\/diariodominicano.com\/index.php?rest_route=\/wp\/v2\/posts\/320622\/revisions"}],"predecessor-version":[{"id":320624,"href":"https:\/\/diariodominicano.com\/index.php?rest_route=\/wp\/v2\/posts\/320622\/revisions\/320624"}],"wp:featuredmedia":[{"embeddable":true,"href":"https:\/\/diariodominicano.com\/index.php?rest_route=\/wp\/v2\/media\/320623"}],"wp:attachment":[{"href":"https:\/\/diariodominicano.com\/index.php?rest_route=%2Fwp%2Fv2%2Fmedia&parent=320622"}],"wp:term":[{"taxonomy":"category","embeddable":true,"href":"https:\/\/diariodominicano.com\/index.php?rest_route=%2Fwp%2Fv2%2Fcategories&post=320622"},{"taxonomy":"post_tag","embeddable":true,"href":"https:\/\/diariodominicano.com\/index.php?rest_route=%2Fwp%2Fv2%2Ftags&post=320622"}],"curies":[{"name":"wp","href":"https:\/\/api.w.org\/{rel}","templated":true}]}}