{"id":320366,"date":"2021-12-29T22:54:30","date_gmt":"2021-12-30T02:54:30","guid":{"rendered":"http:\/\/diariodominicano.com\/?p=320366"},"modified":"2021-12-29T22:54:30","modified_gmt":"2021-12-30T02:54:30","slug":"defensa-espanol-azpilicueta-acuerda-con-el-barcelona","status":"publish","type":"post","link":"https:\/\/diariodominicano.com\/?p=320366","title":{"rendered":"Defensa espa\u00f1ol Azpilicueta acuerda con el Barcelona"},"content":{"rendered":"\n<h1 class=\"wp-block-heading\"><\/h1>\n\n\n\n<p>Barcelona, Espa\u00f1a, 29 dic (Prensa Latina) El defensor espa\u00f1ol del Chelsea C\u00e9sar Azpilicueta lleg\u00f3 a un acuerdo con el Barcelona para incorporarse al club catal\u00e1n en el verano pr\u00f3ximo, aseguran hoy medios especializados.<\/p>\n\n\n\n<ul class=\"wp-block-list\"><li>diciembre 29, 2021<\/li><li>CST12:55 (GMT) -0500<\/li><\/ul>\n\n\n\n<p>Seg\u00fan varias publicaciones el jugador de 32 a\u00f1os tiene un acuerdo con el conjunto azulgrana para llegar libre a final de temporada, tras acabar su contrato con el elenco londinense y a falta de resolver algunos asuntos personales.<\/p>\n\n\n\n<p>Azpilicueta es pieza fija en la selecci\u00f3n de f\u00fatbol de Espa\u00f1a pero perdi\u00f3 protagonismo dentro del once titular en el vigente campe\u00f3n de la Champions, por lo que buscar\u00e1 en el Barcelona m\u00e1s minutos de juego para llegar en plena forma a la Compa Mundial de Qatar 2022.<\/p>\n\n\n\n<p>Tras nueve campa\u00f1as con los \u201cblues\u201d el lateral derecho ostenta dos t\u00edtulos de primera divisi\u00f3n, dos de Liga Europa, una Liga de Campeones, una Supercopa de Europa y una FA Cup.<\/p>\n\n\n\n<p>acl\/arp<\/p>\n","protected":false},"excerpt":{"rendered":"<p>Barcelona, Espa\u00f1a, 29 dic (Prensa Latina) El defensor espa\u00f1ol del Chelsea C\u00e9sar Azpilicueta lleg\u00f3 a un acuerdo con el Barcelona para incorporarse al club catal\u00e1n en el verano pr\u00f3ximo, aseguran hoy medios especializados. diciembre 29, 2021 CST12:55 (GMT) -0500 Seg\u00fan varias publicaciones el jugador de 32 a\u00f1os tiene un acuerdo con el conjunto azulgrana para [&hellip;]<\/p>\n","protected":false},"author":28,"featured_media":320367,"comment_status":"closed","ping_status":"","sticky":false,"template":"","format":"standard","meta":{"footnotes":""},"categories":[17],"tags":[],"class_list":["post-320366","post","type-post","status-publish","format-standard","has-post-thumbnail","hentry","category-deportes"],"_links":{"self":[{"href":"https:\/\/diariodominicano.com\/index.php?rest_route=\/wp\/v2\/posts\/320366","targetHints":{"allow":["GET"]}}],"collection":[{"href":"https:\/\/diariodominicano.com\/index.php?rest_route=\/wp\/v2\/posts"}],"about":[{"href":"https:\/\/diariodominicano.com\/index.php?rest_route=\/wp\/v2\/types\/post"}],"author":[{"embeddable":true,"href":"https:\/\/diariodominicano.com\/index.php?rest_route=\/wp\/v2\/users\/28"}],"replies":[{"embeddable":true,"href":"https:\/\/diariodominicano.com\/index.php?rest_route=%2Fwp%2Fv2%2Fcomments&post=320366"}],"version-history":[{"count":1,"href":"https:\/\/diariodominicano.com\/index.php?rest_route=\/wp\/v2\/posts\/320366\/revisions"}],"predecessor-version":[{"id":320368,"href":"https:\/\/diariodominicano.com\/index.php?rest_route=\/wp\/v2\/posts\/320366\/revisions\/320368"}],"wp:featuredmedia":[{"embeddable":true,"href":"https:\/\/diariodominicano.com\/index.php?rest_route=\/wp\/v2\/media\/320367"}],"wp:attachment":[{"href":"https:\/\/diariodominicano.com\/index.php?rest_route=%2Fwp%2Fv2%2Fmedia&parent=320366"}],"wp:term":[{"taxonomy":"category","embeddable":true,"href":"https:\/\/diariodominicano.com\/index.php?rest_route=%2Fwp%2Fv2%2Fcategories&post=320366"},{"taxonomy":"post_tag","embeddable":true,"href":"https:\/\/diariodominicano.com\/index.php?rest_route=%2Fwp%2Fv2%2Ftags&post=320366"}],"curies":[{"name":"wp","href":"https:\/\/api.w.org\/{rel}","templated":true}]}}