{"id":320134,"date":"2021-12-28T22:09:00","date_gmt":"2021-12-29T02:09:00","guid":{"rendered":"http:\/\/diariodominicano.com\/?p=320134"},"modified":"2021-12-28T22:09:00","modified_gmt":"2021-12-29T02:09:00","slug":"confirma-alejandro-valverde-retiro-tras-vuelta-ciclistica-a-espana","status":"publish","type":"post","link":"https:\/\/diariodominicano.com\/?p=320134","title":{"rendered":"Confirma Alejandro Valverde retiro tras Vuelta cicl\u00edstica a Espa\u00f1a"},"content":{"rendered":"\n<h1 class=\"wp-block-heading\"><\/h1>\n\n\n\n<p><strong>Madrid, 28 dic (Prensa Latina)<\/strong> El experimentado ciclista anfitri\u00f3n Alejandro Valverde confirm\u00f3 hoy que dejar\u00e1 el deporte activo tras disputar su amada Vuelta a Espa\u00f1a.<\/p>\n\n\n\n<ul class=\"wp-block-list\"><li>diciembre 28, 2021<\/li><li>CST12:40 (GMT) -0500<\/li><\/ul>\n\n\n\n<p>As\u00ed lo anunci\u00f3 la cadena deportiva Eurosport, por la cual el oriundo de Murcia adelant\u00f3 su calendario competitivo de 2022.<\/p>\n\n\n\n<p>La edici\u00f3n 77 de La Vuelta se desarrollar\u00e1 del 19 de agosto al 11 de septiembre del a\u00f1o pr\u00f3ximo y sus organizadores le premiar\u00e1n con la disputa de una de sus etapas en su natal Murcia.<\/p>\n\n\n\n<p>Esto acontecer\u00e1 durante la oncena jornada, cuando los competidores se desplacen sobre 193 kil\u00f3metros por terreno netamente llano, con salida en Pozo Alimentaci\u00f3n en Alhama de Murcia y cierre en Andaluc\u00eda.<\/p>\n\n\n\n<p>Precisamente, en Andaluc\u00eda, Valverde espera concursar en la versi\u00f3n 68 de la Vuelta a esa regi\u00f3n, conocida tambi\u00e9n como Ruta del Sol, prevista del 16 al 20 de febrero pr\u00f3ximo.<\/p>\n\n\n\n<p>El pedalista de 41 a\u00f1os de edad ratific\u00f3 sentirse f\u00edsicamente bien, \u201ccomo un chaval de 23 a\u00f1os\u201d, pero considera que despu\u00e9s de m\u00e1s de 20 temporadas al m\u00e1s alto nivel es hora de abandonar el pelot\u00f3n.<\/p>\n\n\n\n<p>Sin embargo, asegur\u00f3 que en cada carrera que participe este a\u00f1o lo har\u00e1 con el fin de disfrutar y de hacer disfrutar sobre su bicicleta, sin perder el objetivo de conquistar nuevos \u00e9xitos.<\/p>\n\n\n\n<p>Con m\u00e1s de 130 victorias en su palmar\u00e9s, Valverde ratific\u00f3 su participaci\u00f3n en la Vuelta a Murcia, el Giro de Italia y otras cl\u00e1sicas de un d\u00eda programadas por la Uni\u00f3n Cicl\u00edstica Internacional.<\/p>\n\n\n\n<p>En su amplia hoja de servicio, el \u201cBala de Murcia\u201d cuenta con el t\u00edtulo de la Vuelta a Espa\u00f1a 2009, el del Mundial de Ruta en 2018 y las cl\u00e1sicas Flecha Valona y Lieja-Basto\u00f1a-Lieja, que junto a la Amstel Gold Race, constituyen la Trilog\u00eda de las Ardenas, entre Pa\u00edses Bajos y B\u00e9lgica.<\/p>\n\n\n\n<p>gas\/rws<\/p>\n","protected":false},"excerpt":{"rendered":"<p>Madrid, 28 dic (Prensa Latina) El experimentado ciclista anfitri\u00f3n Alejandro Valverde confirm\u00f3 hoy que dejar\u00e1 el deporte activo tras disputar su amada Vuelta a Espa\u00f1a. diciembre 28, 2021 CST12:40 (GMT) -0500 As\u00ed lo anunci\u00f3 la cadena deportiva Eurosport, por la cual el oriundo de Murcia adelant\u00f3 su calendario competitivo de 2022. La edici\u00f3n 77 de [&hellip;]<\/p>\n","protected":false},"author":28,"featured_media":320135,"comment_status":"closed","ping_status":"","sticky":true,"template":"","format":"standard","meta":{"footnotes":""},"categories":[17,27],"tags":[],"class_list":["post-320134","post","type-post","status-publish","format-standard","has-post-thumbnail","hentry","category-deportes","category-portada"],"_links":{"self":[{"href":"https:\/\/diariodominicano.com\/index.php?rest_route=\/wp\/v2\/posts\/320134","targetHints":{"allow":["GET"]}}],"collection":[{"href":"https:\/\/diariodominicano.com\/index.php?rest_route=\/wp\/v2\/posts"}],"about":[{"href":"https:\/\/diariodominicano.com\/index.php?rest_route=\/wp\/v2\/types\/post"}],"author":[{"embeddable":true,"href":"https:\/\/diariodominicano.com\/index.php?rest_route=\/wp\/v2\/users\/28"}],"replies":[{"embeddable":true,"href":"https:\/\/diariodominicano.com\/index.php?rest_route=%2Fwp%2Fv2%2Fcomments&post=320134"}],"version-history":[{"count":1,"href":"https:\/\/diariodominicano.com\/index.php?rest_route=\/wp\/v2\/posts\/320134\/revisions"}],"predecessor-version":[{"id":320136,"href":"https:\/\/diariodominicano.com\/index.php?rest_route=\/wp\/v2\/posts\/320134\/revisions\/320136"}],"wp:featuredmedia":[{"embeddable":true,"href":"https:\/\/diariodominicano.com\/index.php?rest_route=\/wp\/v2\/media\/320135"}],"wp:attachment":[{"href":"https:\/\/diariodominicano.com\/index.php?rest_route=%2Fwp%2Fv2%2Fmedia&parent=320134"}],"wp:term":[{"taxonomy":"category","embeddable":true,"href":"https:\/\/diariodominicano.com\/index.php?rest_route=%2Fwp%2Fv2%2Fcategories&post=320134"},{"taxonomy":"post_tag","embeddable":true,"href":"https:\/\/diariodominicano.com\/index.php?rest_route=%2Fwp%2Fv2%2Ftags&post=320134"}],"curies":[{"name":"wp","href":"https:\/\/api.w.org\/{rel}","templated":true}]}}