{"id":319864,"date":"2021-12-27T20:49:16","date_gmt":"2021-12-28T00:49:16","guid":{"rendered":"http:\/\/diariodominicano.com\/?p=319864"},"modified":"2021-12-27T21:05:35","modified_gmt":"2021-12-28T01:05:35","slug":"club-bameso-celebra-la-primera-competencia-intramuros-de-judo-2021","status":"publish","type":"post","link":"https:\/\/diariodominicano.com\/?p=319864","title":{"rendered":"Club Bameso celebra la Primera Competencia  Intramuros de Judo 2021"},"content":{"rendered":"\n<p> <\/p>\n\n\n\n<p><\/p>\n\n\n\n<p><strong>Santo Domingo, RD, 27 de diciembre de 2021.-<\/strong> El club Bameso celebr\u00f3 la primera competencia intramuros de judo 2021, \u00a0para dar  formal inicio a la pr\u00e1ctica de ese deporte en el club. <\/p>\n\n\n\n<figure class=\"wp-block-image size-large\"><img loading=\"lazy\" decoding=\"async\" width=\"1024\" height=\"592\" src=\"https:\/\/diariodominicano.com\/wp-content\/uploads\/2021\/12\/JURAMENTO-DEPORTIVO-1-1024x592.jpeg\" alt=\"\" class=\"wp-image-319877\" srcset=\"https:\/\/diariodominicano.com\/wp-content\/uploads\/2021\/12\/JURAMENTO-DEPORTIVO-1-1024x592.jpeg 1024w, https:\/\/diariodominicano.com\/wp-content\/uploads\/2021\/12\/JURAMENTO-DEPORTIVO-1-300x174.jpeg 300w, https:\/\/diariodominicano.com\/wp-content\/uploads\/2021\/12\/JURAMENTO-DEPORTIVO-1-768x444.jpeg 768w, https:\/\/diariodominicano.com\/wp-content\/uploads\/2021\/12\/JURAMENTO-DEPORTIVO-1-1536x889.jpeg 1536w, https:\/\/diariodominicano.com\/wp-content\/uploads\/2021\/12\/JURAMENTO-DEPORTIVO-1-816x472.jpeg 816w, https:\/\/diariodominicano.com\/wp-content\/uploads\/2021\/12\/JURAMENTO-DEPORTIVO-1.jpeg 1540w\" sizes=\"auto, (max-width: 1024px) 100vw, 1024px\" \/><\/figure>\n\n\n\n<p>En  un acto realizado el 18 de diciembre de 2021 con la participaci\u00f3n de\u00a0 Jos\u00e9 Alberto Castro Rodr\u00edguez presidente del Club Bameso, Wellington Pe\u00f1a vicepresidente de la \u00a0Asociaci\u00f3n de Judo del Distrito Nacional (ASOJUDINA), Ivette Michel Noboa,  delegada del club Bameso ante la ASOJUDINA y fundadora del club de judo junto a \u00a0Jos\u00e9 Francisco Rodr\u00edguez Pe\u00f1a entrenador y Rosmil V\u00e1squez \u00e1rbitro nacional.<\/p>\n\n\n\n<p>En la actividad estuvo  el veterano atleta Jos\u00e9 Miguel Lara Do\u00f1e, campe\u00f3n de judo en los 55kg, la tambi\u00e9n veterana Minerva Lara campeona de los\u00a0 48kg, quien adem\u00e1s  asisti\u00f3  al Club como parte de la mesa t\u00e9cnica en el evento.<\/p>\n\n\n\n<figure class=\"wp-block-image size-large\"><img loading=\"lazy\" decoding=\"async\" width=\"897\" height=\"1024\" src=\"https:\/\/diariodominicano.com\/wp-content\/uploads\/2021\/12\/PREMIACION-FEMENINA-1-897x1024.jpeg\" alt=\"\" class=\"wp-image-319878\" srcset=\"https:\/\/diariodominicano.com\/wp-content\/uploads\/2021\/12\/PREMIACION-FEMENINA-1-897x1024.jpeg 897w, https:\/\/diariodominicano.com\/wp-content\/uploads\/2021\/12\/PREMIACION-FEMENINA-1-263x300.jpeg 263w, https:\/\/diariodominicano.com\/wp-content\/uploads\/2021\/12\/PREMIACION-FEMENINA-1-768x876.jpeg 768w, https:\/\/diariodominicano.com\/wp-content\/uploads\/2021\/12\/PREMIACION-FEMENINA-1-816x931.jpeg 816w, https:\/\/diariodominicano.com\/wp-content\/uploads\/2021\/12\/PREMIACION-FEMENINA-1.jpeg 1020w\" sizes=\"auto, (max-width: 897px) 100vw, 897px\" \/><\/figure>\n\n\n\n<p><\/p>\n\n\n\n<p>Tambi\u00e9n contamos con la presencia de la madrina del club de judo la se\u00f1ora Claudia Montas quien nos ha apoyado desde el 4 de septiembre 2021 fecha de inicio de este proyecto que beneficiara a la barriada de Mejoramiento Social, adem\u00e1s&nbsp; de nuestros colaboradores Juan Carlos Ure\u00f1a Fisioterapeuta,&nbsp; Licdo. Radhames G\u00f3mez, Licda. Carolina Pozo Leonardo, el destacado judoca y futbolista Abrah\u00e1n Rodr\u00edguez y el&nbsp; Licdo Luis Pe\u00f1a, tambi\u00e9n a nuestros &nbsp;patrocinadores: Centro Ure\u00f1a, F&amp;L Comercial, Bufete de Abogados Efra\u00edn Samboyn y Qualfon formas continuas.<\/p>\n\n\n\n<p><strong>El objetivo del club de judo Bameso, es formar ni\u00f1os y j\u00f3venes en valores morales, deportivos, &nbsp;y educativos para as\u00ed poder entregarles a la sociedad hombres y mujeres de \u00fatiles<\/strong>.<\/p>\n\n\n\n<figure class=\"wp-block-image size-large\"><img loading=\"lazy\" decoding=\"async\" width=\"974\" height=\"1024\" src=\"https:\/\/diariodominicano.com\/wp-content\/uploads\/2021\/12\/PREMIACION-ASOJUDINA-974x1024.jpeg\" alt=\"\" class=\"wp-image-319879\" srcset=\"https:\/\/diariodominicano.com\/wp-content\/uploads\/2021\/12\/PREMIACION-ASOJUDINA-974x1024.jpeg 974w, https:\/\/diariodominicano.com\/wp-content\/uploads\/2021\/12\/PREMIACION-ASOJUDINA-285x300.jpeg 285w, https:\/\/diariodominicano.com\/wp-content\/uploads\/2021\/12\/PREMIACION-ASOJUDINA-768x807.jpeg 768w, https:\/\/diariodominicano.com\/wp-content\/uploads\/2021\/12\/PREMIACION-ASOJUDINA-816x858.jpeg 816w, https:\/\/diariodominicano.com\/wp-content\/uploads\/2021\/12\/PREMIACION-ASOJUDINA.jpeg 1194w\" sizes=\"auto, (max-width: 974px) 100vw, 974px\" \/><\/figure>\n\n\n\n<p>La  actividad dio inicio a las 9:30 am\u00a0\u00a0 con las notas del Himno Nacional luego continu\u00f3 con el juramento deportivo y el Hanten de honor de la mano del presidente del club Bameso para as\u00ed dar inicio a la  actividad<\/p>\n\n\n\n<p>La modalidad para la competencia fue todos contra todos en 7 categor\u00edas por edad y una categor\u00eda abierta ,en donde el atleta m\u00e1s destacado fue Iv\u00e1n Serrata \u00a0Medina de 14 a\u00f1os quien se alz\u00f3 con dos medallas de oro, una su categor\u00eda y la otra en la categor\u00eda abierta , en la categor\u00eda femenina primer lugar\u00a0 Adassa Herra, segundo lugar Karla Ure\u00f1a y tercer lugar Elizaini Gomez, 8-9 a\u00f1os.<\/p>\n\n\n\n<figure class=\"wp-block-image size-large\"><img loading=\"lazy\" decoding=\"async\" width=\"1024\" height=\"620\" src=\"https:\/\/diariodominicano.com\/wp-content\/uploads\/2021\/12\/CLUB-BAMESO-1024x620.jpeg\" alt=\"\" class=\"wp-image-319880\" srcset=\"https:\/\/diariodominicano.com\/wp-content\/uploads\/2021\/12\/CLUB-BAMESO-1024x620.jpeg 1024w, https:\/\/diariodominicano.com\/wp-content\/uploads\/2021\/12\/CLUB-BAMESO-300x182.jpeg 300w, https:\/\/diariodominicano.com\/wp-content\/uploads\/2021\/12\/CLUB-BAMESO-768x465.jpeg 768w, https:\/\/diariodominicano.com\/wp-content\/uploads\/2021\/12\/CLUB-BAMESO-816x494.jpeg 816w, https:\/\/diariodominicano.com\/wp-content\/uploads\/2021\/12\/CLUB-BAMESO.jpeg 1343w\" sizes=\"auto, (max-width: 1024px) 100vw, 1024px\" \/><\/figure>\n\n\n\n<p><\/p>\n\n\n\n<p>Primera  fuerza, primer lugar Braddy Lora, segundo lugar Dereck Villar, tercer Lugar Pharel Hidalgo, segunda fuerza 8-9 a\u00f1os primer lugar Isa\u00edas Batista segundo lugar Christopher Severino, tercer lugar Dalween Arrendel, categor\u00eda 12 a\u00f1os primer lugar Aneudy Severino, segundo lugar Byron Trakzel, tercer lugar Alejandro Guzm\u00e1n, categor\u00eda 12 -13 a\u00f1os segunda fuerza primer lugar \u00c1ngel Alc\u00e1ntara, segundo lugar Jeancoly Alc\u00e1ntara tercer lugar Gregorio Est\u00e9vez, categor\u00eda 12-14 a\u00f1os primer lugar Iv\u00e1n Serrata, segundo lugar Diego Marte, categoria abierta primer lugar Iv\u00e1n Serrata y segundo lugar Ra\u00fal cueto.<\/p>\n\n\n\n<p>El club Bameso  agradeci\u00f3 a los padres por el apoyo brindado y entreg\u00f3 certificados a los mas colaboradores en cuatrimestre del a\u00f1o<\/p>\n\n\n\n<p>Con este evento Bameso  cerr\u00f3 las actividades de 2021 iniciando sus pr\u00e1cticas el 11 de enero de 2022.<\/p>\n\n\n\n<p>Ivette Michel <a href=\"mailto:ivette.michel1011@gmail.com\">ivette.michel1011@gmail.com<\/a><\/p>\n","protected":false},"excerpt":{"rendered":"<p>Santo Domingo, RD, 27 de diciembre de 2021.- El club Bameso celebr\u00f3 la primera competencia intramuros de judo 2021, \u00a0para dar formal inicio a la pr\u00e1ctica de ese deporte en el club. En un acto realizado el 18 de diciembre de 2021 con la participaci\u00f3n de\u00a0 Jos\u00e9 Alberto Castro Rodr\u00edguez presidente del Club Bameso, Wellington [&hellip;]<\/p>\n","protected":false},"author":28,"featured_media":319876,"comment_status":"closed","ping_status":"","sticky":true,"template":"","format":"standard","meta":{"footnotes":""},"categories":[17,27],"tags":[],"class_list":["post-319864","post","type-post","status-publish","format-standard","has-post-thumbnail","hentry","category-deportes","category-portada"],"_links":{"self":[{"href":"https:\/\/diariodominicano.com\/index.php?rest_route=\/wp\/v2\/posts\/319864","targetHints":{"allow":["GET"]}}],"collection":[{"href":"https:\/\/diariodominicano.com\/index.php?rest_route=\/wp\/v2\/posts"}],"about":[{"href":"https:\/\/diariodominicano.com\/index.php?rest_route=\/wp\/v2\/types\/post"}],"author":[{"embeddable":true,"href":"https:\/\/diariodominicano.com\/index.php?rest_route=\/wp\/v2\/users\/28"}],"replies":[{"embeddable":true,"href":"https:\/\/diariodominicano.com\/index.php?rest_route=%2Fwp%2Fv2%2Fcomments&post=319864"}],"version-history":[{"count":5,"href":"https:\/\/diariodominicano.com\/index.php?rest_route=\/wp\/v2\/posts\/319864\/revisions"}],"predecessor-version":[{"id":319882,"href":"https:\/\/diariodominicano.com\/index.php?rest_route=\/wp\/v2\/posts\/319864\/revisions\/319882"}],"wp:featuredmedia":[{"embeddable":true,"href":"https:\/\/diariodominicano.com\/index.php?rest_route=\/wp\/v2\/media\/319876"}],"wp:attachment":[{"href":"https:\/\/diariodominicano.com\/index.php?rest_route=%2Fwp%2Fv2%2Fmedia&parent=319864"}],"wp:term":[{"taxonomy":"category","embeddable":true,"href":"https:\/\/diariodominicano.com\/index.php?rest_route=%2Fwp%2Fv2%2Fcategories&post=319864"},{"taxonomy":"post_tag","embeddable":true,"href":"https:\/\/diariodominicano.com\/index.php?rest_route=%2Fwp%2Fv2%2Ftags&post=319864"}],"curies":[{"name":"wp","href":"https:\/\/api.w.org\/{rel}","templated":true}]}}