{"id":319653,"date":"2021-12-26T19:59:19","date_gmt":"2021-12-26T23:59:19","guid":{"rendered":"http:\/\/diariodominicano.com\/?p=319653"},"modified":"2021-12-26T19:59:19","modified_gmt":"2021-12-26T23:59:19","slug":"futbolista-ferran-torres-arriba-a-barcelona-para-reforzar-al-club","status":"publish","type":"post","link":"https:\/\/diariodominicano.com\/?p=319653","title":{"rendered":"Futbolista Ferr\u00e1n Torres arriba a Barcelona para reforzar al club"},"content":{"rendered":"\n<h1 class=\"wp-block-heading\"><\/h1>\n\n\n\n<p>Barcelona, Espa\u00f1a, 26 dic (Prensa Latina) El futbolista espa\u00f1ol Ferr\u00e1n Torres arrib\u00f3 hoy a Barcelona con la intenci\u00f3n de someterse ma\u00f1ana a la revisi\u00f3n m\u00e9dica de cara a su contrataci\u00f3n como nuevo jugador del club azulgrana.Share on facebook&nbsp;Share on twitter&nbsp;Share on whatsapp&nbsp;Share on telegram&nbsp;Share on email<\/p>\n\n\n\n<ul class=\"wp-block-list\"><li>diciembre 26, 2021<\/li><li>CST16:45 (GMT) -0500<\/li><\/ul>\n\n\n\n<p>Seg\u00fan adelantaron los sitios Sport y Mundo Deportivo, el atacante, de 21 a\u00f1os, se traslad\u00f3 de de Valencia a la Ciudad Condal para convertirse en las pr\u00f3ximas horas en futbolista del Barcelona, en la segunda adquisici\u00f3n del t\u00e9cnico Xavi Hern\u00e1ndez luego del fichaje del brasile\u00f1o Dani Alves.<\/p>\n\n\n\n<p>La firma oficial est\u00e1 prevista para el pr\u00f3ximo martes, de acuerdo con ambos medios, que pactan el debut del valenciano en la pr\u00f3xima jornada de la Liga en la visita del Barcelona al Mallorca.<\/p>\n\n\n\n<p>El internacional espa\u00f1ol llegar\u00e1 a suelo catal\u00e1n tras experiencias en el Manchester City (2020-2021), de Reino Unido; y el Valencia (2016-2018) y recuperado de una lesi\u00f3n en el choque de la Liga de Naciones de octubre pasado ante Italia.<\/p>\n\n\n\n<p>Precisamente, Torres constituye una de las piezas clave en la selecci\u00f3n absoluta de Luis Enrique gracias a sus 12 goles en 22 partidos, incluido un inolvidable \u2018hat-trick\u2019 en la goleada 6-0 contra Alemania en noviembre de 2020.<\/p>\n\n\n\n<p>mgt\/yma<\/p>\n","protected":false},"excerpt":{"rendered":"<p>Barcelona, Espa\u00f1a, 26 dic (Prensa Latina) El futbolista espa\u00f1ol Ferr\u00e1n Torres arrib\u00f3 hoy a Barcelona con la intenci\u00f3n de someterse ma\u00f1ana a la revisi\u00f3n m\u00e9dica de cara a su contrataci\u00f3n como nuevo jugador del club azulgrana.Share on facebook&nbsp;Share on twitter&nbsp;Share on whatsapp&nbsp;Share on telegram&nbsp;Share on email diciembre 26, 2021 CST16:45 (GMT) -0500 Seg\u00fan adelantaron los [&hellip;]<\/p>\n","protected":false},"author":28,"featured_media":319654,"comment_status":"closed","ping_status":"","sticky":true,"template":"","format":"standard","meta":{"footnotes":""},"categories":[17,27],"tags":[],"class_list":["post-319653","post","type-post","status-publish","format-standard","has-post-thumbnail","hentry","category-deportes","category-portada"],"_links":{"self":[{"href":"https:\/\/diariodominicano.com\/index.php?rest_route=\/wp\/v2\/posts\/319653","targetHints":{"allow":["GET"]}}],"collection":[{"href":"https:\/\/diariodominicano.com\/index.php?rest_route=\/wp\/v2\/posts"}],"about":[{"href":"https:\/\/diariodominicano.com\/index.php?rest_route=\/wp\/v2\/types\/post"}],"author":[{"embeddable":true,"href":"https:\/\/diariodominicano.com\/index.php?rest_route=\/wp\/v2\/users\/28"}],"replies":[{"embeddable":true,"href":"https:\/\/diariodominicano.com\/index.php?rest_route=%2Fwp%2Fv2%2Fcomments&post=319653"}],"version-history":[{"count":1,"href":"https:\/\/diariodominicano.com\/index.php?rest_route=\/wp\/v2\/posts\/319653\/revisions"}],"predecessor-version":[{"id":319655,"href":"https:\/\/diariodominicano.com\/index.php?rest_route=\/wp\/v2\/posts\/319653\/revisions\/319655"}],"wp:featuredmedia":[{"embeddable":true,"href":"https:\/\/diariodominicano.com\/index.php?rest_route=\/wp\/v2\/media\/319654"}],"wp:attachment":[{"href":"https:\/\/diariodominicano.com\/index.php?rest_route=%2Fwp%2Fv2%2Fmedia&parent=319653"}],"wp:term":[{"taxonomy":"category","embeddable":true,"href":"https:\/\/diariodominicano.com\/index.php?rest_route=%2Fwp%2Fv2%2Fcategories&post=319653"},{"taxonomy":"post_tag","embeddable":true,"href":"https:\/\/diariodominicano.com\/index.php?rest_route=%2Fwp%2Fv2%2Ftags&post=319653"}],"curies":[{"name":"wp","href":"https:\/\/api.w.org\/{rel}","templated":true}]}}