{"id":319552,"date":"2021-12-26T10:12:06","date_gmt":"2021-12-26T14:12:06","guid":{"rendered":"http:\/\/diariodominicano.com\/?p=319552"},"modified":"2021-12-26T10:12:06","modified_gmt":"2021-12-26T14:12:06","slug":"psg-buscaria-100-millones-de-euros-con-venta-de-futbolistas","status":"publish","type":"post","link":"https:\/\/diariodominicano.com\/?p=319552","title":{"rendered":"PSG buscar\u00eda 100 millones de euros con venta de futbolistas"},"content":{"rendered":"\n<h1 class=\"wp-block-heading\"><\/h1>\n\n\n\n<p>Par\u00eds, 26 dic (Prensa Latina) El club franc\u00e9s Paris Saint-Germain (PSG) buscar\u00e1 100 millones de euros en los pr\u00f3ximos meses con la venta de varios futbolistas, asegur\u00f3 hoy el diario L&#8217;\u00c9quipe, que public\u00f3 una lista de jugadores.<\/p>\n\n\n\n<ul class=\"wp-block-list\"><li>diciembre 26, 2021<\/li><li>CST08:40 (GMT) -0500<\/li><\/ul>\n\n\n\n<p>El reconocido medio en el mundo del deporte record\u00f3 la cercan\u00eda del mercado invernal, que estar\u00e1 activo del 1 al 31 de enero.<\/p>\n\n\n\n<p>La c\u00fapula de los rojiazules tratar\u00eda de salir de algunos atletas, en una plantilla con figuras estelares como el tridente ofensivo Lionel Messi-Kylian Mbapp\u00e9-Neymar, el extremo \u00c1ngel Di Mar\u00eda, el volante Marco Verratti y el defensor Marquinhos.<\/p>\n\n\n\n<p>La lista de futbolistas que parecen sobrar la integran el brasile\u00f1o Rafinha, cuya sesi\u00f3n a pr\u00e9stamo a la Real Sociedad ya fue confirmada, el alem\u00e1n Julian Draxler y el central franc\u00e9s Layvin Kurzawa, aunque estos dos \u00faltimos no quieren salir del PSG y tienen contrato hasta el 2024.<\/p>\n\n\n\n<p>Tampoco estar\u00edan en los planes del director t\u00e9cnico Mauricio Pochettino los defensores Thilo Kehrer y Abdou Diallo, cuyo valor individual se estima en 25 millones de euros, y el atacante argentino Mauro Icardi, con pocos minutos en cancha y un valor de 30 millones de euros.<\/p>\n\n\n\n<p>Seg\u00fan medios locales, el club parisino enfrenta p\u00e9rdidas por 200 millones de euros en el cierre de a\u00f1o, lo que apoyar\u00eda la tesis de L\u2019\u00c9quipe de la b\u00fasqueda de al menos la mitad de ese dinero.<\/p>\n\n\n\n<p>Al margen del inter\u00e9s de recuperar millones de euros, el PSG sigue centrado en lograr la renovaci\u00f3n de Mbapp\u00e9, quien podr\u00e1 irse libre el pr\u00f3ximo verano, si as\u00ed los desea y, puede comenzar a negociar con otro equipo a partir del 1 de enero, mientras no pocas fuentes lo sit\u00faan con la camiseta del Real Madrid.<\/p>\n\n\n\n<p>En lo deportivo, los capitalinos despedir\u00e1n 2021 c\u00f3modos en la cima de la Ligue1, corona que perdieron inesperadamente en la campa\u00f1a pasada frente a Lille.<\/p>\n\n\n\n<p>Por otro lado, miran con preocupaci\u00f3n y esperanza al duelo de octavos de final contra el Real Madrid en la Liga de Campeones, con el partido de ida el 15 de febrero en el parisino Parque de los Pr\u00edncipes.<\/p>\n\n\n\n<p>acl\/wmr<\/p>\n\n\n\n<ul class=\"wp-block-list\"><li>#<a href=\"https:\/\/www.prensa-latina.cu\/tags\/francia\">Francia<\/a>&nbsp;#<a href=\"https:\/\/www.prensa-latina.cu\/tags\/futbol\">futbol<\/a>&nbsp;#<a href=\"https:\/\/www.prensa-latina.cu\/tags\/psg\">PSG<\/a><\/li><\/ul>\n","protected":false},"excerpt":{"rendered":"<p>Par\u00eds, 26 dic (Prensa Latina) El club franc\u00e9s Paris Saint-Germain (PSG) buscar\u00e1 100 millones de euros en los pr\u00f3ximos meses con la venta de varios futbolistas, asegur\u00f3 hoy el diario L&#8217;\u00c9quipe, que public\u00f3 una lista de jugadores. diciembre 26, 2021 CST08:40 (GMT) -0500 El reconocido medio en el mundo del deporte record\u00f3 la cercan\u00eda del [&hellip;]<\/p>\n","protected":false},"author":28,"featured_media":0,"comment_status":"closed","ping_status":"","sticky":false,"template":"","format":"standard","meta":{"footnotes":""},"categories":[17],"tags":[],"class_list":["post-319552","post","type-post","status-publish","format-standard","hentry","category-deportes"],"_links":{"self":[{"href":"https:\/\/diariodominicano.com\/index.php?rest_route=\/wp\/v2\/posts\/319552","targetHints":{"allow":["GET"]}}],"collection":[{"href":"https:\/\/diariodominicano.com\/index.php?rest_route=\/wp\/v2\/posts"}],"about":[{"href":"https:\/\/diariodominicano.com\/index.php?rest_route=\/wp\/v2\/types\/post"}],"author":[{"embeddable":true,"href":"https:\/\/diariodominicano.com\/index.php?rest_route=\/wp\/v2\/users\/28"}],"replies":[{"embeddable":true,"href":"https:\/\/diariodominicano.com\/index.php?rest_route=%2Fwp%2Fv2%2Fcomments&post=319552"}],"version-history":[{"count":1,"href":"https:\/\/diariodominicano.com\/index.php?rest_route=\/wp\/v2\/posts\/319552\/revisions"}],"predecessor-version":[{"id":319553,"href":"https:\/\/diariodominicano.com\/index.php?rest_route=\/wp\/v2\/posts\/319552\/revisions\/319553"}],"wp:attachment":[{"href":"https:\/\/diariodominicano.com\/index.php?rest_route=%2Fwp%2Fv2%2Fmedia&parent=319552"}],"wp:term":[{"taxonomy":"category","embeddable":true,"href":"https:\/\/diariodominicano.com\/index.php?rest_route=%2Fwp%2Fv2%2Fcategories&post=319552"},{"taxonomy":"post_tag","embeddable":true,"href":"https:\/\/diariodominicano.com\/index.php?rest_route=%2Fwp%2Fv2%2Ftags&post=319552"}],"curies":[{"name":"wp","href":"https:\/\/api.w.org\/{rel}","templated":true}]}}