{"id":319550,"date":"2021-12-26T10:10:25","date_gmt":"2021-12-26T14:10:25","guid":{"rendered":"http:\/\/diariodominicano.com\/?p=319550"},"modified":"2021-12-26T10:10:25","modified_gmt":"2021-12-26T14:10:25","slug":"ciclista-venezolano-ramirez-reforzara-club-espanol-vigo-rias-baixas","status":"publish","type":"post","link":"https:\/\/diariodominicano.com\/?p=319550","title":{"rendered":"Ciclista venezolano Ram\u00edrez reforzar\u00e1 club espa\u00f1ol Vigo-R\u00edas Baixas"},"content":{"rendered":"\n<h1 class=\"wp-block-heading\"><\/h1>\n\n\n\n<p>Pontevedra, Espa\u00f1a, 26 dic (Prensa Latina) El venezolano Jurgen Ram\u00edrez recalar\u00e1 el venidero a\u00f1o en el ciclismo de Europa como refuerzo del club espa\u00f1ol Vigo-R\u00edas Baixas, destac\u00f3 hoy la entidad profesional de m\u00e1s de 90 corredores.<\/p>\n\n\n\n<ul class=\"wp-block-list\"><li>diciembre 26, 2021<\/li><li>CST08:48 (GMT) -0500<\/li><\/ul>\n\n\n\n<p>De 23 a\u00f1os y natural del estado del T\u00e1chira, Ram\u00edrez har\u00e1 el debut en los circuitos del llamado viejo continente en la pr\u00f3xima campa\u00f1a en condici\u00f3n de tercer fichaje, despu\u00e9s de las inserciones del espa\u00f1ol Mart\u00edn Rey y el portugu\u00e9s Joao Leite.<\/p>\n\n\n\n<p>Ganador de tres podios en 2021, el pedalista sudamericano finaliz\u00f3 sus v\u00ednculos con el Manuela Fundaci\u00f3n, conjunto \u00e9lite sub-23 al que perteneci\u00f3 durante el a\u00f1o, y antes de viajar a Espa\u00f1a intervendr\u00e1 con Venezuela en la prestigiosa Vuelta a San Juan, del 30 de enero al 6 de febrero de 2022.<\/p>\n\n\n\n<p>Apodado \u201cEl Makancan\u201d, Ram\u00edrez festej\u00f3 en la campa\u00f1a la conquista del maillot de l\u00edder de la Vuelta Independencia de la Rep\u00fablica Dominicana, adem\u00e1s de podios en la Vuelta a Alicante, Espa\u00f1a.<\/p>\n\n\n\n<p>En el pelot\u00f3n del Vigo-R\u00edas Baixas, el venezolano compartir\u00e1 plantilla con corredores como Asier Gonz\u00e1lez, Ander del Casta\u00f1o, \u00c1lvaro Carasa, \u00c1ngel Maneiro, Andr\u00e9s Taboada y Pablo Ara, todos protagonistas en el triunfo por equipos en el ranking \u00e9lite espa\u00f1ol.<\/p>\n\n\n\n<p>acl\/yma<\/p>\n","protected":false},"excerpt":{"rendered":"<p>Pontevedra, Espa\u00f1a, 26 dic (Prensa Latina) El venezolano Jurgen Ram\u00edrez recalar\u00e1 el venidero a\u00f1o en el ciclismo de Europa como refuerzo del club espa\u00f1ol Vigo-R\u00edas Baixas, destac\u00f3 hoy la entidad profesional de m\u00e1s de 90 corredores. diciembre 26, 2021 CST08:48 (GMT) -0500 De 23 a\u00f1os y natural del estado del T\u00e1chira, Ram\u00edrez har\u00e1 el debut [&hellip;]<\/p>\n","protected":false},"author":28,"featured_media":0,"comment_status":"closed","ping_status":"","sticky":false,"template":"","format":"standard","meta":{"footnotes":""},"categories":[17],"tags":[],"class_list":["post-319550","post","type-post","status-publish","format-standard","hentry","category-deportes"],"_links":{"self":[{"href":"https:\/\/diariodominicano.com\/index.php?rest_route=\/wp\/v2\/posts\/319550","targetHints":{"allow":["GET"]}}],"collection":[{"href":"https:\/\/diariodominicano.com\/index.php?rest_route=\/wp\/v2\/posts"}],"about":[{"href":"https:\/\/diariodominicano.com\/index.php?rest_route=\/wp\/v2\/types\/post"}],"author":[{"embeddable":true,"href":"https:\/\/diariodominicano.com\/index.php?rest_route=\/wp\/v2\/users\/28"}],"replies":[{"embeddable":true,"href":"https:\/\/diariodominicano.com\/index.php?rest_route=%2Fwp%2Fv2%2Fcomments&post=319550"}],"version-history":[{"count":1,"href":"https:\/\/diariodominicano.com\/index.php?rest_route=\/wp\/v2\/posts\/319550\/revisions"}],"predecessor-version":[{"id":319551,"href":"https:\/\/diariodominicano.com\/index.php?rest_route=\/wp\/v2\/posts\/319550\/revisions\/319551"}],"wp:attachment":[{"href":"https:\/\/diariodominicano.com\/index.php?rest_route=%2Fwp%2Fv2%2Fmedia&parent=319550"}],"wp:term":[{"taxonomy":"category","embeddable":true,"href":"https:\/\/diariodominicano.com\/index.php?rest_route=%2Fwp%2Fv2%2Fcategories&post=319550"},{"taxonomy":"post_tag","embeddable":true,"href":"https:\/\/diariodominicano.com\/index.php?rest_route=%2Fwp%2Fv2%2Ftags&post=319550"}],"curies":[{"name":"wp","href":"https:\/\/api.w.org\/{rel}","templated":true}]}}