{"id":319489,"date":"2021-12-25T23:27:37","date_gmt":"2021-12-26T03:27:37","guid":{"rendered":"http:\/\/diariodominicano.com\/?p=319489"},"modified":"2021-12-25T23:27:37","modified_gmt":"2021-12-26T03:27:37","slug":"agotadas-entradas-para-eliminatoria-de-futbol-ecuador-brasil","status":"publish","type":"post","link":"https:\/\/diariodominicano.com\/?p=319489","title":{"rendered":"Agotadas entradas para Eliminatoria de f\u00fatbol Ecuador-Brasil"},"content":{"rendered":"\n<h1 class=\"wp-block-heading\"><\/h1>\n\n\n\n<p>Quito, 25 dic (Prensa Latina) La Federaci\u00f3n Ecuatoriana de F\u00fatbol (FEF) confirm\u00f3 hoy que se agotaron las entradas para la Eliminatoria Sudamericana hacia el Mundial Qatar 2022 entre este pa\u00eds andino y Brasil.<\/p>\n\n\n\n<ul class=\"wp-block-list\"><li>diciembre 25, 2021<\/li><li>CST18:55 (GMT) -0500<\/li><\/ul>\n\n\n\n<p>El partido est\u00e1 previsto el venidero 27 de enero a las 16:00 (hora local) en el estadio Rodrigo Paz, ubicado en esta capital.<\/p>\n\n\n\n<p>\u201c\u00a1Gracias a toda la afici\u00f3n ecuatoriana por este incre\u00edble respaldo!\u00bb, afirm\u00f3 la FEF en sus cuentas en redes sociales y augur\u00f3 que el encuentro ser\u00e1 una fiesta inolvidable.<\/p>\n\n\n\n<p>El cotejo del pr\u00f3ximo 27 de enero ser\u00e1 en el marco de la fecha 15 de las Eliminatorias Sudamericanas, en las cuales la selecci\u00f3n ecuatoriana se ubica en la tercera posici\u00f3n, con 23 puntos, antecedido por Brasil y Argentina, con 35 y 29, respectivamente.<\/p>\n\n\n\n<p>En la siguiente etapa la Tricolor nacional se medir\u00e1 ante Per\u00fa, en calidad de visitante, en la capital del pa\u00eds vecino el 1 de febrero de 2022.<\/p>\n\n\n\n<p>Para acceder a uno de los cuatro boletos directos al mundial del pr\u00f3ximo a\u00f1o, la Tricolor necesita ganar dos de los cuatro partidos restantes.<\/p>\n\n\n\n<p>El resto de la Tabla de Posiciones lo ocupan Colombia y Per\u00fa (17, cada uno), Chile y Uruguay (16, respectivamente), Bolivia (15), Paraguay (13) y Venezuela (siete).<\/p>\n\n\n\n<p>Los aficionados que compraron entradas deber\u00e1n presentar la c\u00e9dula y el certificado de vacunaci\u00f3n contra la Covid-19 con el esquema completo precio al ingreso al estadio.<\/p>\n\n\n\n<p>mem\/scm<\/p>\n","protected":false},"excerpt":{"rendered":"<p>Quito, 25 dic (Prensa Latina) La Federaci\u00f3n Ecuatoriana de F\u00fatbol (FEF) confirm\u00f3 hoy que se agotaron las entradas para la Eliminatoria Sudamericana hacia el Mundial Qatar 2022 entre este pa\u00eds andino y Brasil. diciembre 25, 2021 CST18:55 (GMT) -0500 El partido est\u00e1 previsto el venidero 27 de enero a las 16:00 (hora local) en el [&hellip;]<\/p>\n","protected":false},"author":28,"featured_media":319490,"comment_status":"closed","ping_status":"","sticky":false,"template":"","format":"standard","meta":{"footnotes":""},"categories":[17],"tags":[],"class_list":["post-319489","post","type-post","status-publish","format-standard","has-post-thumbnail","hentry","category-deportes"],"_links":{"self":[{"href":"https:\/\/diariodominicano.com\/index.php?rest_route=\/wp\/v2\/posts\/319489","targetHints":{"allow":["GET"]}}],"collection":[{"href":"https:\/\/diariodominicano.com\/index.php?rest_route=\/wp\/v2\/posts"}],"about":[{"href":"https:\/\/diariodominicano.com\/index.php?rest_route=\/wp\/v2\/types\/post"}],"author":[{"embeddable":true,"href":"https:\/\/diariodominicano.com\/index.php?rest_route=\/wp\/v2\/users\/28"}],"replies":[{"embeddable":true,"href":"https:\/\/diariodominicano.com\/index.php?rest_route=%2Fwp%2Fv2%2Fcomments&post=319489"}],"version-history":[{"count":1,"href":"https:\/\/diariodominicano.com\/index.php?rest_route=\/wp\/v2\/posts\/319489\/revisions"}],"predecessor-version":[{"id":319491,"href":"https:\/\/diariodominicano.com\/index.php?rest_route=\/wp\/v2\/posts\/319489\/revisions\/319491"}],"wp:featuredmedia":[{"embeddable":true,"href":"https:\/\/diariodominicano.com\/index.php?rest_route=\/wp\/v2\/media\/319490"}],"wp:attachment":[{"href":"https:\/\/diariodominicano.com\/index.php?rest_route=%2Fwp%2Fv2%2Fmedia&parent=319489"}],"wp:term":[{"taxonomy":"category","embeddable":true,"href":"https:\/\/diariodominicano.com\/index.php?rest_route=%2Fwp%2Fv2%2Fcategories&post=319489"},{"taxonomy":"post_tag","embeddable":true,"href":"https:\/\/diariodominicano.com\/index.php?rest_route=%2Fwp%2Fv2%2Ftags&post=319489"}],"curies":[{"name":"wp","href":"https:\/\/api.w.org\/{rel}","templated":true}]}}