{"id":319478,"date":"2021-12-26T02:41:22","date_gmt":"2021-12-26T06:41:22","guid":{"rendered":"http:\/\/diariodominicano.com\/?p=319478"},"modified":"2021-12-26T02:55:12","modified_gmt":"2021-12-26T06:55:12","slug":"el-cristo-del-pasado-presente-y-futuro","status":"publish","type":"post","link":"https:\/\/diariodominicano.com\/?p=319478","title":{"rendered":"EL CRISTO DEL PASADO, PRESENTE Y FUTURO"},"content":{"rendered":"\n<p>Atilio Boron <\/p>\n\n\n\n<p>&#8212;-<\/p>\n\n\n\n<p>Hoy se recuerda el nacimiento de Cristo, hijo de un artesano y carpintero, v\u00e1stago de una familia jud\u00eda de refugiados y migrantes. (Refugiados y migrantes suman, al d\u00eda de hoy, unas 80 millones de personas) De ni\u00f1o se destac\u00f3 por su inteligencia, su humanismo y su fin\u00edsimo sentido de la justicia que dej\u00f3 en rid\u00edculo a los doctores de la ley del Sanedr\u00edn. (En la actualidad esos doctores dictan c\u00e1tedra en universidades y difunden sus mentiras por los medios de comunicaci\u00f3n, y tambi\u00e9n suelen quedar en rid\u00edculo, pero los medios los protegen) Ech\u00f3 a latigazos a los mercaderes del templo y conden\u00f3 la usura. (eso hoy se llama \u201cirracional rechazo a las leyes de la econom\u00eda\u201d, o populismo econ\u00f3mico) Siempre estuvo del lado del pueblo, de los oprimidos, de los excluidos, de los otros y las otras estigmatizadas, con Mar\u00eda Magdalena como caso paradigm\u00e1tico. (\u00a1Populismo recargado!)<\/p>\n\n\n\n<p>Conden\u00f3 la hipocres\u00eda y el sesgo antipopular de las leyes que reg\u00edan en Judea. (Vocaci\u00f3n autoritaria, desprecio por las instituciones republicanas y la divisi\u00f3n de poderes) Critic\u00f3 al imperialismo de su tiempo, el romano; a los lacayos que lo representaban y a los sacerdotes y fariseos que elaboraban doctrinas para demostrar que la fidelidad a Roma era lo mejor que pod\u00eda hacer el pueblo jud\u00edo. (Con el antiimperialismo \u201cnos salimos del mundo\u201d, dicen en Argentina. El \u201cmundo\u201d repudia la vacuna rusa, llamada tambi\u00e9n \u201csovi\u00e9tica\u201d, por los lacayos, sacerdotes y fariseos de hoy) Por eso se lo recuerda como el primer gran luchador antimperialista de la historia. (M\u00e1s de medio siglo antes Espartaco encabez\u00f3 una gran rebeli\u00f3n de esclavos contra la por entonces Rep\u00fablica Romana. Pero al carecer de una doctrina filos\u00f3fica la derrota en el campo militar y pol\u00edtico hizo que el hero\u00edsmo de los esclavos no pudiera dar origen a una nueva fuerza pol\u00edtica)<\/p>\n\n\n\n<figure class=\"wp-block-image size-large\"><img loading=\"lazy\" decoding=\"async\" width=\"1024\" height=\"526\" src=\"https:\/\/diariodominicano.com\/wp-content\/uploads\/2021\/12\/El-Cristo-Del-Pasado-Presente-Y-Futuro-1024x526.jpg\" alt=\"\" class=\"wp-image-319501\" srcset=\"https:\/\/diariodominicano.com\/wp-content\/uploads\/2021\/12\/El-Cristo-Del-Pasado-Presente-Y-Futuro-1024x526.jpg 1024w, https:\/\/diariodominicano.com\/wp-content\/uploads\/2021\/12\/El-Cristo-Del-Pasado-Presente-Y-Futuro-300x154.jpg 300w, https:\/\/diariodominicano.com\/wp-content\/uploads\/2021\/12\/El-Cristo-Del-Pasado-Presente-Y-Futuro-768x395.jpg 768w, https:\/\/diariodominicano.com\/wp-content\/uploads\/2021\/12\/El-Cristo-Del-Pasado-Presente-Y-Futuro-1536x789.jpg 1536w, https:\/\/diariodominicano.com\/wp-content\/uploads\/2021\/12\/El-Cristo-Del-Pasado-Presente-Y-Futuro-2048x1052.jpg 2048w, https:\/\/diariodominicano.com\/wp-content\/uploads\/2021\/12\/El-Cristo-Del-Pasado-Presente-Y-Futuro-816x419.jpg 816w\" sizes=\"auto, (max-width: 1024px) 100vw, 1024px\" \/><\/figure>\n\n\n\n<p>Por su pr\u00e9dica que movilizaba multitudes Cristo fue detenido, escarnecido, torturado y en un juicio infame sentenciado a muerte en las pascuas jud\u00edas del a\u00f1o 33. (Esto hoy lo hacen el \u201clawfare\u201d y el sicariato medi\u00e1tico que manipula las mentes y los corazones de la poblaci\u00f3n) Nos leg\u00f3 una doctrina basada en el amor, el af\u00e1n insaciable de justicia y el rechazo al poder del dinero, del imperio y sus sirvientes. (Che Guevara: \u201cel revolucionario verdadero est\u00e1 guiado por grandes sentimientos de amor\u201d; \u201ces capaz de sentir en lo m\u00e1s hondo cualquier injusticia cometido contra cualquiera en cualquier parte del mundo\u201d) Por eso s\u00f3lo se es verdaderamente cristiano si se es revolucionario. (He ah\u00ed el fundamento de la Teolog\u00eda de la Revoluci\u00f3n: Gustavo Guti\u00e9rrez, Leonardo Boff, Frei Betto, etc\u00e9tera).<\/p>\n\n\n\n<p>Y nos leg\u00f3 tambi\u00e9n otra ense\u00f1anza: que no basta con poseer las ideas correctas si no se construye una organizaci\u00f3n capaz de convertirlas en el motor de la historia. Por eso le encomend\u00f3 a sus ap\u00f3stoles, a los cuadros de la nueva fe, crear un instrumento pol\u00edtico de convocatoria universal que congregase a los pueblos sometidos por Roma \u2013que en esa \u00e9poca hist\u00f3rica se traduc\u00eda como \u201ciglesia\u201d- para oponerse al imperio romano y al poder establecido en Judea y para construir un nuevo mundo. (Gramsci estableci\u00f3 una correlaci\u00f3n entre Marx, fundador del materialismo hist\u00f3rico, y Lenin, creador de su aparato pol\u00edtico, y Jesucristo, creador de una nueva cosmovisi\u00f3n universal, y su iglesia de los primeros tiempos, antes de que traicionara el legado de su fundador)<\/p>\n\n\n\n<p>***<\/p>\n\n\n\n<p>El calor del debate sobre la figura hist\u00f3rica de Cristo hizo que incorporara en apoyo a mi tesis un pasaje luminoso de Federico Engels. En su c\u00e9lebre \u201cIntroducci\u00f3n\u201d de 1895 para la nueva edici\u00f3n de libro de Karl Marx Las Luchas de Clase en Francia de 1848 a 1850 de Karl Marx, Engels pone punto final a su escrito introductorio con las siguientes palabras:<\/p>\n\n\n\n<p>\u02baHace casi mil seiscientos a\u00f1os operaba en el Imperio Romano un peligroso \u2018partido revolucionario`. Minaba la religi\u00f3n y todas las bases del Estado; negaba categ\u00f3ricamente que la voluntad del emperador fuese la suprema ley; carec\u00eda de patria, era internacional; se propag\u00f3 por todo el reino, desde las Galias al Asia, y aun m\u00e1s all\u00e1 de los l\u00edmites del Imperio. Por mucho tiempo hab\u00eda trabajado bajo tierra y en secreto, pero de alg\u00fan tiempo se sent\u00eda lo bastante fuerte para salir abiertamente a la luz del d\u00eda.<\/p>\n\n\n\n<p>Este \u2018partido revolucionario\u2019, conocido con el nombre de Cristianos, ten\u00eda tambi\u00e9n una fuerte representaci\u00f3n en el ej\u00e9rcito; legiones enteras estaban integradas por cristianos. Cuando se les ordenaba asistir a las ceremonias de sacrificio de la iglesia pagana establecida, para servir como guardia de honor, los soldados revolucionarios llevaban su insolencia hasta el grado de fijar en sus yelmos s\u00edmbolos especiales \u2014cruces\u2014. Las usuales medidas disciplinarias de cuartel, impuestas por los oficiales, demostraban ser in\u00fatiles.<\/p>\n\n\n\n<p>El emperador, Diocleciano, no pod\u00eda ya contemplar tranquilamente aquello y ver c\u00f3mo el orden, la obediencia y la disciplina estaban minados en el ej\u00e9rcito. Promulg\u00f3 una ley antisocialista; perd\u00f3n, anticristiana. Las reuniones de los revolucionarios fueron prohibidas, sus lugares de reuni\u00f3n cerrados o demolidos, los s\u00edmbolos cristianos, cruces, etc., fueron prohibidos, como en Sajonia se proh\u00edben los pa\u00f1uelos rojos de bolsillo. Los cristianos fueron declarados incapaces de ocupar cargos en el Estado; ni siquiera pod\u00edan ser cabos. Puesto que en aquel tiempo no hab\u00eda jueces bien \u02b9entrenados\u02b9 en lo que respecta a la \u02b9reputaci\u00f3n de una persona\u02b9, como presupone la ley antisocialista de Herr Koller, a los cristianos simplemente se les prohib\u00eda exigir sus derechos ante un tribunal de justicia.<\/p>\n\n\n\n<p>Pero esta ley excepcional tambi\u00e9n result\u00f3 inefectiva. En desaf\u00edo, los cristianos la arrancaron de los muros, m\u00e1s a\u00fan, se dice que en Nicomedia incendiaron el palacio del emperador pasando por encima de \u00e9l. Este se veng\u00f3 entonces por medio de una gran persecuci\u00f3n de su clase. Fue tan efectiva que, diecisiete a\u00f1os despu\u00e9s, el ej\u00e9rcito se hallaba compuesto en gran parte de cristianos, y el pr\u00f3ximo gobernante aut\u00f3crata de todo el Imperio Romano, Constantino, llamado \u02b9el grande\u02b9 por los clericales, proclam\u00f3 el cristianismo como la religi\u00f3n del Estado.\u02ba<\/p>\n\n\n\n<p>\u00bfSe entiende ahora, gracias a la exposici\u00f3n hist\u00f3rica que hace Engels? \u00bfSe entiende tambi\u00e9n por qu\u00e9 la Iglesia termin\u00f3 traicionando el legado revolucionario de su fundador? \u00bfSe entiende por qu\u00e9 la derecha y el imperialismo abonaron la tesis que convirti\u00f3 al rebelde jud\u00edo en un \u201cadocenado adorador\u201d del statu quo, con todas sus lacerantes injusticias y atrocidades?<\/p>\n\n\n\n<p>Fue por esto que en las \u00faltimas d\u00e9cadas del siglo pasado el Papa Juan Pablo II lanzara, con el benepl\u00e1cito de sus grandes aliados, Ronald Reagan y Margaret Thatcher, una \u201csanta cruzada\u201d contra la Teolog\u00eda de la Liberaci\u00f3n y los curas villeros, los de la opci\u00f3n por los pobres, restaurando la visi\u00f3n conservadora y reaccionaria de Jesucristo, apartando a los curas populares de sus comunidades, acall\u00e1ndolos y persigui\u00e9ndolos sin pausa, abriendo las puertas al avance de las versiones m\u00e1s retr\u00f3gradas del catolicismo representada en los episcopados y la burocracia romana y el neopentecostalismo sutilmente orquestado por el imperialismo, para convertirlo en la base social de apoyo de t\u00edteres de la Casa Blanca como Jair Bolsonaro en Brasil y otros en diversos pa\u00edses.<\/p>\n\n\n\n<p>Es todo, (por ahora)<\/p>\n\n\n\n<p>\u00a1Feliz Navidad 2020, por un despertar de la conciencia revolucionaria para construir el nuevo mundo pospandemia!<\/p>\n\n\n\n<p><em>La Haine<\/em> <\/p>\n","protected":false},"excerpt":{"rendered":"<p>Atilio Boron &#8212;- Hoy se recuerda el nacimiento de Cristo, hijo de un artesano y carpintero, v\u00e1stago de una familia jud\u00eda de refugiados y migrantes. (Refugiados y migrantes suman, al d\u00eda de hoy, unas 80 millones de personas) De ni\u00f1o se destac\u00f3 por su inteligencia, su humanismo y su fin\u00edsimo sentido de la justicia que [&hellip;]<\/p>\n","protected":false},"author":7,"featured_media":319499,"comment_status":"closed","ping_status":"","sticky":true,"template":"","format":"standard","meta":{"footnotes":""},"categories":[16,27],"tags":[],"class_list":["post-319478","post","type-post","status-publish","format-standard","has-post-thumbnail","hentry","category-opiniones","category-portada"],"_links":{"self":[{"href":"https:\/\/diariodominicano.com\/index.php?rest_route=\/wp\/v2\/posts\/319478","targetHints":{"allow":["GET"]}}],"collection":[{"href":"https:\/\/diariodominicano.com\/index.php?rest_route=\/wp\/v2\/posts"}],"about":[{"href":"https:\/\/diariodominicano.com\/index.php?rest_route=\/wp\/v2\/types\/post"}],"author":[{"embeddable":true,"href":"https:\/\/diariodominicano.com\/index.php?rest_route=\/wp\/v2\/users\/7"}],"replies":[{"embeddable":true,"href":"https:\/\/diariodominicano.com\/index.php?rest_route=%2Fwp%2Fv2%2Fcomments&post=319478"}],"version-history":[{"count":2,"href":"https:\/\/diariodominicano.com\/index.php?rest_route=\/wp\/v2\/posts\/319478\/revisions"}],"predecessor-version":[{"id":319503,"href":"https:\/\/diariodominicano.com\/index.php?rest_route=\/wp\/v2\/posts\/319478\/revisions\/319503"}],"wp:featuredmedia":[{"embeddable":true,"href":"https:\/\/diariodominicano.com\/index.php?rest_route=\/wp\/v2\/media\/319499"}],"wp:attachment":[{"href":"https:\/\/diariodominicano.com\/index.php?rest_route=%2Fwp%2Fv2%2Fmedia&parent=319478"}],"wp:term":[{"taxonomy":"category","embeddable":true,"href":"https:\/\/diariodominicano.com\/index.php?rest_route=%2Fwp%2Fv2%2Fcategories&post=319478"},{"taxonomy":"post_tag","embeddable":true,"href":"https:\/\/diariodominicano.com\/index.php?rest_route=%2Fwp%2Fv2%2Ftags&post=319478"}],"curies":[{"name":"wp","href":"https:\/\/api.w.org\/{rel}","templated":true}]}}